{"id":132061,"date":"2026-01-08T12:38:09","date_gmt":"2026-01-08T12:38:09","guid":{"rendered":"https:\/\/www.europesays.com\/no\/132061\/"},"modified":"2026-01-08T12:38:09","modified_gmt":"2026-01-08T12:38:09","slug":"norge-usa-norge-var-orientert-om-usas-bording-av-russisk-skip","status":"publish","type":"post","link":"https:\/\/www.europesays.com\/no\/132061\/","title":{"rendered":"Norge, USA | Norge var orientert om USAs bording av russisk skip"},"content":{"rendered":"\n<p>HELL, TR\u00d8NDELAG (Nettavisen): \u2013 Vi var orientert, bekrefter forsvarsminister Tore O. Sandvik til Nettavisen.<\/p>\n<p>Onsdag ettermiddag bordet amerikanske styrker, med st\u00f8tte fra Storbritannia, et tankskip p\u00e5 vei fra Venezuela mot Russland. Bordingen skjedde i internasjonalt farvann mellom Storbritannia og Island.<\/p>\n<p>Han \u00f8nsker ikke \u00e5 utdype n\u00e5r Norge ble orientert, eller i hvilken grad.<\/p>\n<p>USA bordet ogs\u00e5 andre tankskip onsdag:<\/p>\n<p>    Vil du se neste video?<\/p>\n<p>    <a href=\"https:\/\/www.nettavisen.no\/nyheter\/ukrainsk-jagerfly-odelegger-for-vladimir-putin-i-pokrovsk\/v\/5-95-2807927\" class=\"recommend-poster\" data-adp-clicklabel=\"video-recommend\" data-adp-clickvalue=\"poster\" rel=\"nofollow noopener\" target=\"_blank\"><br \/>\n      <img decoding=\"async\" width=\"200\" height=\"200\" loading=\"lazy\" src=\"https:\/\/www.europesays.com\/no\/wp-content\/uploads\/2026\/01\/JAGERFLY+BREDDE.jpg\" alt=\"\" class=\"brick-c-cFOWSL\" style=\"--brick-image-ratio: 200 \/ 200;\"\/><\/p>\n<p>Nye bilder: Rammer Putin hardt0:41<\/p>\n<p>    <\/a><\/p>\n<p>Tankskip p\u00e5 r\u00f8mmen fra USA<\/p>\n<p>Tankskipet, som ikke hadde olje om bord, var p\u00e5 r\u00f8mmen fra den amerikanske kystvakten i over to uker. Under flukten endret det navn fra \u00abBella 1\u00bb til \u00abMarinera\u00bb, og mannskapet malte et russisk flagg p\u00e5 skipet.<\/p>\n<p>Russland hevder at skipet seiler under russisk flagg.<\/p>\n<p>Onsdag snakket Nettavisen med orlogskaptein og forsker ved Sj\u00f8krigsskolen Tor Ivar Str\u00f8mmen. Han reagerte p\u00e5 USAs grunnlag for bordingen, og mener den var ulovlig.<\/p>\n<p>At skipet bryter med amerikanske sanksjoner gir ikke USA rett til \u00e5 borde det i internasjonalt farvann, forklarer han:<\/p>\n<p>\u2013 Hvis det er slik at de border p\u00e5 grunnlag av en amerikansk arrestordre, s\u00e5 er ikke den et gyldig bordingsgrunnlag. Det er et brudd p\u00e5 havrettskommisjonen, sier Str\u00f8mmen.<\/p>\n<p><b>Les mer: <\/b><a class=\"simple-relation related-teaser article--c-eRUmMG article--c-eRUmMG-fZoQSp-design-nettavisen article--c-eRUmMG-gwthdJ-cv\" href=\"https:\/\/www.nettavisen.no\/usa-har-bordet-flere-tankskip\/s\/5-95-2811745\" rel=\"nofollow noopener\" target=\"_blank\">USA har bordet flere tankskip<\/a><\/p>\n<p>Norge er opptatt av havretten<\/p>\n<p>Forsvarsminister Sandvik er ikke like krystallklar som Str\u00f8mmen, men sier Norge er veldig opptatt av havretten.<\/p>\n<p>\u2013 Vi er verdens femte st\u00f8rste handelsfl\u00e5te, s\u00e5 det er avgj\u00f8rende at vi st\u00e5r opp for den, sier Sandvik til Nettavisen.<\/p>\n<p>Han understreker at Norge ogs\u00e5 er opptatt av skyggefl\u00e5ten, som regelmessig seiler langs norskekysten p\u00e5 vei til eller fra russiske havner.<\/p>\n<p>\u2013 Den er sanksjonert, og vi er ogs\u00e5 opptatt av at det m\u00e5 v\u00e6re flaggstat p\u00e5 skip, sier forsvarsministeren.<\/p>\n<p><b>Les ogs\u00e5: <\/b><a class=\"simple-relation related-teaser article--c-eRUmMG article--c-eRUmMG-fZoQSp-design-nettavisen article--c-eRUmMG-gwthdJ-cv\" href=\"https:\/\/www.nettavisen.no\/trump-trekker-usa-ut-fra-66-internasjonale-organer\/s\/5-95-2813448\" rel=\"nofollow noopener\" target=\"_blank\">Trump trekker USA ut fra 66 internasjonale organer<\/a><\/p>\n<p>\u2013 Det seiler regelmessig skip som tilh\u00f8rer den russiske skyggefl\u00e5ten forbi norskekysten. Vil Norge bist\u00e5 USA hvis de \u00f8nsker \u00e5 borde noen av disse skipene?<\/p>\n<p>\u2013 Det er hypotetisk sp\u00f8rsm\u00e5l. Vi forholder oss til havretten, sier Sandvik.<\/p>\n<p>Norge og USA samarbeider godt<\/p>\n<p>Torsdag smalt nyheten om at USA trekker seg fra 66 internasjonale organisasjoner. I etterkant av milit\u00e6raksjonen mot Venezuela har Trump og USA ogs\u00e5 \u00f8kt presset mot Gr\u00f8nland.<\/p>\n<p>Det har satt Nato og Norge i en skvis.<\/p>\n<p>Likevel sier Sandvik at samarbeidet med USA g\u00e5r som normalt.<\/p>\n<p>\u2013 Samarbeidet med USA er veldig godt og tett, som det har pleid \u00e5 v\u00e6re, sier han.<\/p>\n<p>Han sier Norge og USA \u00f8ver og trener sammen som f\u00f8r.<\/p>\n<p>\u2013 Samarbeidet er fortsatt veldig tett. Russland vet veldig godt at Nato operer tett og godt sammen i deres n\u00e6romr\u00e5de, sier han.<\/p>\n<p><b>Les ogs\u00e5: <\/b><a class=\"simple-relation related-teaser article--c-eRUmMG article--c-eRUmMG-fZoQSp-design-nettavisen article--c-eRUmMG-gwthdJ-cv\" href=\"https:\/\/www.nettavisen.no\/truer-med-a-straffeforfolge-russisk-mannskap-trump-er-ikke-redd\/s\/5-95-2813266\" rel=\"nofollow noopener\" target=\"_blank\">Truer med \u00e5 straffeforf\u00f8lge russisk mannskap: \u2013 Trump er ikke redd<\/a><\/p>\n","protected":false},"excerpt":{"rendered":"HELL, TR\u00d8NDELAG (Nettavisen): \u2013 Vi var orientert, bekrefter forsvarsminister Tore O. Sandvik til Nettavisen. Onsdag ettermiddag bordet amerikanske&hellip;\n","protected":false},"author":2,"featured_media":132062,"comment_status":"","ping_status":"","sticky":false,"template":"","format":"standard","meta":{"footnotes":""},"categories":[12],"tags":[20,21,24,25,15,22,23,13,30,28,29,14,16,26,27,42,43,44,45],"class_list":{"0":"post-132061","1":"post","2":"type-post","3":"status-publish","4":"format-standard","5":"has-post-thumbnail","7":"category-verden","8":"tag-breaking-news","9":"tag-breakingnews","10":"tag-featured-news","11":"tag-featurednews","12":"tag-headlines","13":"tag-latest-news","14":"tag-latestnews","15":"tag-news","16":"tag-no","17":"tag-norge","18":"tag-norway","19":"tag-nyheter","20":"tag-overskrifter","21":"tag-top-stories","22":"tag-topstories","23":"tag-verden","24":"tag-world","25":"tag-world-news","26":"tag-worldnews"},"share_on_mastodon":{"url":"https:\/\/pubeurope.com\/@no\/115859521696064632","error":""},"_links":{"self":[{"href":"https:\/\/www.europesays.com\/no\/wp-json\/wp\/v2\/posts\/132061","targetHints":{"allow":["GET"]}}],"collection":[{"href":"https:\/\/www.europesays.com\/no\/wp-json\/wp\/v2\/posts"}],"about":[{"href":"https:\/\/www.europesays.com\/no\/wp-json\/wp\/v2\/types\/post"}],"author":[{"embeddable":true,"href":"https:\/\/www.europesays.com\/no\/wp-json\/wp\/v2\/users\/2"}],"replies":[{"embeddable":true,"href":"https:\/\/www.europesays.com\/no\/wp-json\/wp\/v2\/comments?post=132061"}],"version-history":[{"count":0,"href":"https:\/\/www.europesays.com\/no\/wp-json\/wp\/v2\/posts\/132061\/revisions"}],"wp:featuredmedia":[{"embeddable":true,"href":"https:\/\/www.europesays.com\/no\/wp-json\/wp\/v2\/media\/132062"}],"wp:attachment":[{"href":"https:\/\/www.europesays.com\/no\/wp-json\/wp\/v2\/media?parent=132061"}],"wp:term":[{"taxonomy":"category","embeddable":true,"href":"https:\/\/www.europesays.com\/no\/wp-json\/wp\/v2\/categories?post=132061"},{"taxonomy":"post_tag","embeddable":true,"href":"https:\/\/www.europesays.com\/no\/wp-json\/wp\/v2\/tags?post=132061"}],"curies":[{"name":"wp","href":"https:\/\/api.w.org\/{rel}","templated":true}]}}