{"id":132063,"date":"2026-01-08T12:42:09","date_gmt":"2026-01-08T12:42:09","guid":{"rendered":"https:\/\/www.europesays.com\/no\/132063\/"},"modified":"2026-01-08T12:42:09","modified_gmt":"2026-01-08T12:42:09","slug":"datoen-satt-for-sesong-syv-av-virgin-river-en-skuespiller-er-ute","status":"publish","type":"post","link":"https:\/\/www.europesays.com\/no\/132063\/","title":{"rendered":"Datoen satt for sesong syv av \u00abVirgin River\u00bb: \u00c9n skuespiller er ute"},"content":{"rendered":"\n<ul class=\"_list_o9xde_3 _list_64s2r_85 _unordered_o9xde_106 text-sans-m\">\n<li class=\"_item_o9xde_30\">\u00abVirgin River\u00bb sesong syv kommer p\u00e5 Netflix 12. mars.<\/li>\n<li class=\"_item_o9xde_30\">To nye skuespillere blir med, mens \u00e9n har forlatt  serien.<\/li>\n<li class=\"_item_o9xde_30\">Dramaet rundt Mel og Jack fortsetter etter bryllupet.<\/li>\n<li class=\"_item_o9xde_30\">Det gj\u00f8r ogs\u00e5 trekantdramaet mellom Brie, Brady og Mik.<\/li>\n<\/ul>\n<p>Vis mer <\/p>\n<p class=\"_paragraph_o9xde_4 _paragraph_xtcu6_10 layout-component text-serif-m layout-normal text-serif-m layout-padded\">Forrige sesong gikk p\u00e5 lufta i desember 2024, men n\u00e5 er ventetiden straks over, melder <a href=\"https:\/\/www.vg.no\/tag\/netflix?utm_source=vg-article&amp;utm_medium=auto-tagger&amp;utm_campaign=Ard4Bx\" class=\"_link_o9xde_39\" rel=\"nofollow noopener\" target=\"_blank\">Netflix<\/a>.<\/p>\n<p class=\"_paragraph_o9xde_4 _paragraph_xtcu6_10 layout-component text-serif-m layout-normal text-serif-m layout-padded\">12. mars kommer fortsettelsen p\u00e5 <a href=\"https:\/\/www.vg.no\/rampelys\/i\/B0Bj3E\/alexandra-breckenridge-sa-nei-til-virgin-river\" data-track-element-type=\"Link\" data-track-id=\"link:B0Bj3E\" class=\"_link_o9xde_39\" rel=\"nofollow noopener\" target=\"_blank\">\u00abVirgin River\u00bb<\/a>, som har g\u00e5tt siden 2019 og er blitt en av Netflix\u00b4 mest popul\u00e6re dramaer.<\/p>\n<p class=\"_paragraph_o9xde_4 _paragraph_xtcu6_10 layout-component text-serif-m layout-normal text-serif-m layout-padded\">To nye skuespillere kommer inn, mens \u00e9n glimrer med sitt frav\u00e6r n\u00e5r serien dukker opp igjen.<\/p>\n<p><img alt=\"Mel, spilt av Alexandra Breckenridge.  Foto: COURTESY OF NETFLIX \/ COURTESY OF NETFLIX\" class=\"_image_qp4xg_65 layout-component layout-normal\" data-fullscreen- data-track-element-type=\"Article image fullscreen\" data-track-name=\"ImageFullscreen\" decoding=\"async\" loading=\"lazy\" height=\"2400\" itemprop=\"image\"  src=\"https:\/\/www.europesays.com\/no\/wp-content\/uploads\/2026\/01\/7f0af759-aff2-479d-a661-d87183e51d5a.jpeg\"  style=\"object-position:0% 0%\" width=\"3600\"\/>Mel, spilt av Alexandra Breckenridge.  Foto: COURTESY OF NETFLIX \/ COURTESY OF NETFLIX<\/p>\n<p class=\"_paragraph_o9xde_4 _paragraph_xtcu6_10 layout-component text-serif-m layout-normal text-serif-m layout-padded\">Men f\u00f8rst: <\/p>\n<p class=\"_paragraph_o9xde_4 _paragraph_xtcu6_10 layout-component text-serif-m layout-normal text-serif-m layout-padded\">\u00abVirgin River\u00bb handler om sykepleieren Mel, spilt av Alexandra Breckenridge (43), som <a href=\"https:\/\/www.vg.no\/rampelys\/i\/B0Bj3E\/alexandra-breckenridge-sa-nei-til-virgin-river\" data-track-element-type=\"Link\" data-track-id=\"link:B0Bj3E\" class=\"_link_o9xde_39\" rel=\"nofollow noopener\" target=\"_blank\">f\u00f8rst takket nei til rollen<\/a>.<\/p>\n<p class=\"_paragraph_o9xde_4 _paragraph_xtcu6_10 layout-component text-serif-m layout-normal text-serif-m layout-padded\">Mel er enke som flytter fra storbyen til en liten landsby i California for \u00e5 bli jordmor.<\/p>\n<p class=\"_paragraph_o9xde_4 _paragraph_xtcu6_10 layout-component text-serif-m layout-normal text-serif-m layout-padded\">Der pr\u00f8ver hun \u00e5 bygge opp livet igjen, og m\u00f8ter blant annet lokale Jack Sheridan, som spilles av \u00abGrey\u2019s Anatomy\u00bb-stjernen Martin Henderson (51).<\/p>\n<p><img alt=\"Mel og Jack i sesong seks av serien.  Foto: COURTESY OF NETFLIX\" class=\"_image_qp4xg_65 layout-component layout-normal\" data-fullscreen- data-track-element-type=\"Article image fullscreen\" data-track-name=\"ImageFullscreen\" decoding=\"async\" loading=\"lazy\" height=\"2400\" itemprop=\"image\"  src=\"https:\/\/www.europesays.com\/no\/wp-content\/uploads\/2026\/01\/93c294e3-975c-4822-b283-292eaf1b6232.png\"  style=\"object-position:0% 0%\" width=\"3600\"\/>Mel og Jack i sesong seks av serien.  Foto: COURTESY OF NETFLIX<\/p>\n<p class=\"_paragraph_o9xde_4 _paragraph_xtcu6_10 layout-component text-serif-m layout-normal text-serif-m layout-padded\">Etter masse turbulens gjennom hele serien, ble de to landsby-yndlingene omsider gift mot slutten av sesong seks.<\/p>\n<p class=\"_paragraph_o9xde_4 _paragraph_xtcu6_10 layout-component text-serif-m layout-normal text-serif-m layout-padded\">De to karakterene er derfor selvskrevne ogs\u00e5 i fortsettelsen. <\/p>\n<p class=\"_paragraph_o9xde_4 _paragraph_xtcu6_10 layout-component text-serif-m layout-normal text-serif-m layout-padded\">Basert p\u00e5 historikken, er det imidlertid ingen grunn til \u00e5 tro at livet blir som en dans p\u00e5 roser fremover.<\/p>\n<p class=\"_paragraph_o9xde_4 _paragraph_xtcu6_10 layout-component text-serif-m layout-normal text-serif-m layout-padded\">Serieskaper Patrick Sean Smith (49) har tidligere r\u00f8pet at ekteskapet definitivt ikke vil bli kjedelig for paret. Han lover b\u00e5de spenning og utfordringer.<\/p>\n<p><img alt=\"Legen Cameron, spilt av Mark Ghanim\u00e9.  Foto: COURTESY OF NETFLIX\" class=\"_image_qp4xg_65 layout-component layout-normal\" data-fullscreen- data-track-element-type=\"Article image fullscreen\" data-track-name=\"ImageFullscreen\" decoding=\"async\" loading=\"lazy\" height=\"1800\" itemprop=\"image\"  src=\"https:\/\/www.europesays.com\/no\/wp-content\/uploads\/2026\/01\/59cdfdfd-9542-448d-a824-90c5df8ef2ff.jpeg\"  style=\"object-position:0% 0%\" width=\"3600\"\/>Legen Cameron, spilt av Mark Ghanim\u00e9.  Foto: COURTESY OF NETFLIX<\/p>\n<p class=\"_paragraph_o9xde_4 _paragraph_xtcu6_10 layout-component text-serif-m layout-normal text-serif-m layout-padded\">Den som seerne m\u00e5 se langt etter i den nye sesongen, er den yngste av landsbylegene, nemlig Cameron, spilt av Mark Ghanim\u00e9 (48).<\/p>\n<p class=\"_paragraph_o9xde_4 _paragraph_xtcu6_10 layout-component text-serif-m layout-normal text-serif-m layout-padded\">Han kom inn som fast medlem av staben i sesong fire, men er n\u00e5 ute. <\/p>\n<p class=\"_paragraph_o9xde_4 _paragraph_xtcu6_10 layout-component text-serif-m layout-normal text-serif-m layout-padded\">\u2013 Mark Ghanim\u00e9 er en skuespiller jeg har stor beundring for, men dessverre blir han ikke \u00e5 se i sesong syv, har Smith tidligere opplyst.<\/p>\n<p><img alt=\"Rollefigurene Brady og Bree (t.v.) og Bree og Mike (t.h.).  Foto: COURTESY OF NETFLIX\" class=\"_image_qp4xg_65 layout-component layout-normal\" data-fullscreen- data-track-element-type=\"Article image fullscreen\" data-track-name=\"ImageFullscreen\" decoding=\"async\" loading=\"lazy\" height=\"1668\" itemprop=\"image\"  src=\"https:\/\/www.europesays.com\/no\/wp-content\/uploads\/2026\/01\/ea440548-94c6-4e76-a8c2-b83da7688b31.jpeg\"  style=\"object-position:0% 0%\" width=\"2500\"\/>Rollefigurene Brady og Bree (t.v.) og Bree og Mike (t.h.).  Foto: COURTESY OF NETFLIX<\/p>\n<p class=\"_paragraph_o9xde_4 _paragraph_xtcu6_10 layout-component text-serif-m layout-normal text-serif-m layout-padded\">Sesong 6 endte ogs\u00e5 med at eksene Brie (spilt av Zibby Allen, 45) og Brady (spilt av Ben Hollingsworth, 41) l\u00e5 sammen, til tross for at Brie er kj\u00e6reste med Mike (spilt av Marco Grazzini, 45). <\/p>\n<p class=\"_paragraph_o9xde_4 _paragraph_xtcu6_10 layout-component text-serif-m layout-normal text-serif-m layout-padded\">Etter at Brie fortalte Mike om utroskapen, valgte han \u00e5 fri til henne.<\/p>\n<p class=\"_paragraph_o9xde_4 _paragraph_xtcu6_10 layout-component text-serif-m layout-normal text-serif-m layout-padded\">\u2013 Fra dag \u00e9n har det v\u00e6rt en oppoverbakke for dem, sier Benjamin \u00abBrady\u00bb Hollingsworth til <a href=\"https:\/\/www.usmagazine.com\/entertainment\/news\/which-virgin-river-stars-are-and-arent-returning-for-season-7\/\" class=\"_link_o9xde_39\" rel=\"nofollow noopener\" target=\"_blank\">Us Weekly<\/a> om sin rollefigur og Bree.<\/p>\n<p class=\"_paragraph_o9xde_4 _paragraph_xtcu6_10 layout-component text-serif-m layout-normal text-serif-m layout-padded\">\u2013 Men jeg tror det er det som gj\u00f8r dem s\u00e5 inspirerende, og som gj\u00f8r at folk heier p\u00e5 dem.<\/p>\n<p class=\"_paragraph_o9xde_4 _paragraph_xtcu6_10 layout-component text-serif-m layout-normal text-serif-m layout-padded\">Mens Brady er en villbass, som stadig havner i br\u00e5k og klammeri med loven, er Mike det motsatte \u2013 han er politimann.<\/p>\n<p class=\"_paragraph_o9xde_4 _paragraph_xtcu6_10 layout-component text-serif-m layout-normal text-serif-m layout-padded\">Om det er Brady eller Mike som trekker det lengste str\u00e5et i kampen om Bree, gjenst\u00e5r \u00e5 se.<\/p>\n<p class=\"_paragraph_o9xde_4 _paragraph_xtcu6_10 layout-component text-serif-m layout-normal text-serif-m layout-padded\">De to nye som dukker opp i den kommende sesongen for \u00e5 skape spenning og furore, er Sara Canning (38), kjent fra \u00abThe Vampire Diaries\u00bb. Hun skal spille tidligere politibetjent. <\/p>\n<p class=\"_paragraph_o9xde_4 _paragraph_xtcu6_10 layout-component text-serif-m layout-normal text-serif-m layout-padded\">Cody Kearsley (34), kjent fra \u00abRiverdale\u00bb og \u00abDaybreak\u00bb, fyller rollen som kjekkasen og rodeo-rytteren Clay. <\/p>\n<p class=\"_paragraph_o9xde_4 _paragraph_xtcu6_10 layout-component text-serif-m layout-normal text-serif-m layout-padded\">Ellers f\u00f8lger alle kjenningene med videre, deriblant ekteparet Doc og Hope, spilt av Tim Matheson (78) og Annette O\u2019Toole (73).<\/p>\n<p><img alt=\"Doc og Hope.  Foto: COURTESY OF NETFLIX\" class=\"_image_qp4xg_65 layout-component layout-normal\" data-fullscreen- data-track-element-type=\"Article image fullscreen\" data-track-name=\"ImageFullscreen\" decoding=\"async\" loading=\"lazy\" height=\"2400\" itemprop=\"image\"  src=\"https:\/\/www.europesays.com\/no\/wp-content\/uploads\/2026\/01\/d5ad1851-8da5-454d-bc3a-6bf8f4802f7c.jpeg\"  style=\"object-position:0% 0%\" width=\"3600\"\/>Doc og Hope.  Foto: COURTESY OF NETFLIX<\/p>\n<p class=\"_paragraph_o9xde_4 _paragraph_xtcu6_10 layout-component text-serif-m layout-normal text-serif-m layout-padded\">Eventyret slutter heller ikke med den kommende sesongen. <\/p>\n<p class=\"_paragraph_o9xde_4 _paragraph_xtcu6_10 layout-component text-serif-m layout-normal text-serif-m layout-padded\">I fjor sommer ga str\u00f8mmegiganten gr\u00f8nt lys for sesong \u00e5tte.<\/p>\n<p class=\"_paragraph_o9xde_4 _paragraph_xtcu6_10 layout-component text-serif-m layout-normal text-serif-m layout-padded\">\u2013 P\u00e5 vegne av meg selv og hele \u00abVirgin River\u00bb-familien er vi evig takknemlige overfor Netflix og fansen for at vi f\u00e5r fortsette denne reisen med disse kj\u00e6re karakterene, uttalte serieskaperen til Netflix sin offisielle fanside <a href=\"https:\/\/www.netflix.com\/tudum\/articles\/virgin-river-season-8-cast-release-date-news\" class=\"_link_o9xde_39\" rel=\"nofollow noopener\" target=\"_blank\">Tudum<\/a> i fjor sommer.<\/p>\n<p class=\"_paragraph_o9xde_4 _paragraph_xtcu6_10 layout-component text-serif-m layout-normal text-serif-m layout-padded\"><strong class=\"_strong_o9xde_25\">F\u00e5tt med deg disse film- og TV-nyhetene? Se VGTV:<\/strong><\/p>\n<p class=\"_paragraph_o9xde_4 _paragraph_xtcu6_10 layout-component text-serif-m layout-normal layout-padded\"><strong class=\"_strong_o9xde_25\">Les ogs\u00e5:<\/strong> <a href=\"https:\/\/www.vg.no\/i\/B0Bj3E\" data-track-element-type=\"Link\" data-track-id=\"link:B0Bj3E\" class=\"_link_o9xde_39\" rel=\"nofollow noopener\" target=\"_blank\">Alexandra Breckenridge sa nei til \u00abVirgin River\u00bb<\/a><\/p>\n","protected":false},"excerpt":{"rendered":"\u00abVirgin River\u00bb sesong syv kommer p\u00e5 Netflix 12. mars. To nye skuespillere blir med, mens \u00e9n har forlatt&hellip;\n","protected":false},"author":2,"featured_media":132064,"comment_status":"","ping_status":"","sticky":false,"template":"","format":"standard","meta":{"footnotes":""},"categories":[58],"tags":[71,220,30,28,29,376,72],"class_list":{"0":"post-132063","1":"post","2":"type-post","3":"status-publish","4":"format-standard","5":"has-post-thumbnail","7":"category-underholdning","8":"tag-entertainment","9":"tag-netflix","10":"tag-no","11":"tag-norge","12":"tag-norway","13":"tag-tv-serier","14":"tag-underholdning"},"share_on_mastodon":{"url":"https:\/\/pubeurope.com\/@no\/115859537492822334","error":""},"_links":{"self":[{"href":"https:\/\/www.europesays.com\/no\/wp-json\/wp\/v2\/posts\/132063","targetHints":{"allow":["GET"]}}],"collection":[{"href":"https:\/\/www.europesays.com\/no\/wp-json\/wp\/v2\/posts"}],"about":[{"href":"https:\/\/www.europesays.com\/no\/wp-json\/wp\/v2\/types\/post"}],"author":[{"embeddable":true,"href":"https:\/\/www.europesays.com\/no\/wp-json\/wp\/v2\/users\/2"}],"replies":[{"embeddable":true,"href":"https:\/\/www.europesays.com\/no\/wp-json\/wp\/v2\/comments?post=132063"}],"version-history":[{"count":0,"href":"https:\/\/www.europesays.com\/no\/wp-json\/wp\/v2\/posts\/132063\/revisions"}],"wp:featuredmedia":[{"embeddable":true,"href":"https:\/\/www.europesays.com\/no\/wp-json\/wp\/v2\/media\/132064"}],"wp:attachment":[{"href":"https:\/\/www.europesays.com\/no\/wp-json\/wp\/v2\/media?parent=132063"}],"wp:term":[{"taxonomy":"category","embeddable":true,"href":"https:\/\/www.europesays.com\/no\/wp-json\/wp\/v2\/categories?post=132063"},{"taxonomy":"post_tag","embeddable":true,"href":"https:\/\/www.europesays.com\/no\/wp-json\/wp\/v2\/tags?post=132063"}],"curies":[{"name":"wp","href":"https:\/\/api.w.org\/{rel}","templated":true}]}}