{"id":132065,"date":"2026-01-08T12:45:10","date_gmt":"2026-01-08T12:45:10","guid":{"rendered":"https:\/\/www.europesays.com\/no\/132065\/"},"modified":"2026-01-08T12:45:10","modified_gmt":"2026-01-08T12:45:10","slug":"saksoker-eksen-etter-intime-avsloringer","status":"publish","type":"post","link":"https:\/\/www.europesays.com\/no\/132065\/","title":{"rendered":"Saks\u00f8ker eksen etter intime avsl\u00f8ringer"},"content":{"rendered":"<p> Under et intervju med\u00a0<a href=\"https:\/\/www.nytimes.com\/2026\/01\/08\/us\/politics\/trump-minnesota-ice-shooting-video.html\" target=\"_blank\" rel=\"nofollow noopener\">The New York Times<\/a>\u00a0i Det ovale kontor onsdag, fortalte Donald Trump om sitt syn p\u00e5 ICE-drapet.<\/p>\n<p>&#8211; Jeg \u00f8nsker ikke at noen skal bli skutt. Jeg \u00f8nsker heller ikke at noen skal rope og fors\u00f8ke \u00e5 kj\u00f8re over politibetjenter, sa Trump.<\/p>\n<p>Da presidenten ble presset p\u00e5 hvordan han kunne konkludere med at\u00a0 Renee Nicole Good (37)\u00a0fors\u00f8kte \u00e5 kj\u00f8re over agenten, ba han en medarbeider om \u00e5 hente fram videoen p\u00e5 en laptop.<\/p>\n<p class=\"font-weight-bold m-font-weight-bold\" data-lab-font_weight=\"font-weight-bold\">Etter \u00e5 ha sett overv\u00e5kningsvideo av hendelsen sa Trump at han syntes det var \u00abhelt forferdelig \u00e5 se\u00bb og \u00aben grusom situasjon som utspilte seg\u00bb.<\/p>\n<p>        <img loading=\"lazy\" decoding=\"async\" src=\"https:\/\/www.europesays.com\/no\/wp-content\/uploads\/2026\/01\/84072177.webp.webp\" width=\"980\" height=\"559\" title=\"DEMONSTRASJON: Onsdag samlet flere tusen mennesker seg i Minneapolis i USA for \u00e5 demonstrere og s\u00f8rge over Renee Nicole Good (37). Foto: Scott Olson \/ Getty Images \/ NTB\" alt=\"\" class=\"\" style=\"--aspect-ratio-image: 1.75; \"\/><\/p>\n<p>\n        DEMONSTRASJON: Onsdag samlet flere tusen mennesker seg i Minneapolis i USA for \u00e5 demonstrere og s\u00f8rge over Renee Nicole Good (37). Foto: Scott Olson \/ Getty Images \/ NTB\n    <\/p>\n<p>Presidenten unngikk \u00e5 svare p\u00e5 om ICE-operasjonen hadde g\u00e5tt for langt, og valgte i stedet \u00e5 kritisere forgjengeren Joe Bidens innvandringspolitikk.<\/p>\n<p>&#8211; Hun var et utrolig menneske<\/p>\n<p>Good ble skutt og drept av en ICE-agent onsdag da hun satt i en bil i Minneapolis.<\/p>\n<p>&#8211;\u00a0Renee var \u00e9n av de snilleste menneskene jeg vet om. Hun var ekstremt medf\u00f8lende. Hun har tatt vare p\u00e5 folk hele sitt liv. Hun var kj\u00e6rlig, tilgivende og varm. Hun var et utrolig menneske, sier mora, Donna Ganger, if\u00f8lge <a href=\"https:\/\/www.startribune.com\/she-was-an-amazing-human-being-mother-identifies-woman-shot-killed-by-ice-agent\/601559922\" rel=\"nofollow noopener\" target=\"_blank\">Minnesota Star Tribune<\/a>.<\/p>\n<p>        Det virket som om USAs forsvarsminister Pete Hegseth fikk nok da dette sp\u00f8rsm\u00e5let kom onsdag 7. januar. Reporter: Marte Nyl\u00f8kken Helseth. <\/p>\n<p class=\"font-weight-bold m-font-weight-bold\" data-lab-font_weight=\"font-weight-bold\">Hendelsen har rystet USA og f\u00f8rt til demonstrasjoner i flere amerikanske byer.<\/p>\n<p>Tusenvis samlet seg i Minneapolis onsdag kveld lokal tid. De ropte slagord mot ICE, som Minneapolis-ordf\u00f8rer Jacob Frey har bedt om \u00e5 forlate byen.\u00a0<\/p>\n<p>P\u00e5 grunn av situasjonen i byen har offentlige skoler i Minneapolis stengt resten av uka. <\/p>\n<p>Hevder selvforsvar<\/p>\n<p>F\u00f8derale myndigheter hevder agenten opptr\u00e5dte i selvforsvar. Minister for innenrikssikkerhet, Kristi Noem, hevder Good sto bak en terrorhandling.<\/p>\n<p class=\"font-weight-bold m-font-weight-bold\" data-lab-font_weight=\"font-weight-bold\">Trump har tidligere uttalt at\u00a0saken skal etterforskes, men at han mener hendelsesforl\u00f8pet er \u00e5penbart og at kvinnen ble skutt i \u00abselvforsvar\u00bb.\u00a0<\/p>\n<p>I et innlegg p\u00e5\u00a0<a href=\"https:\/\/truthsocial.com\/@realDonaldTrump\/posts\/115855701696773990\" target=\"_blank\" rel=\"nofollow noopener\">Truth Social<\/a>\u00a0publisert f\u00f8r intervjuet skrev han at \u00ab\u00e5rsaken til at disse hendelsene skjer er at det radikale venstre truer, angriper og rammer v\u00e5re politifolk og ICE-betjenter hver eneste dag\u00bb. <\/p>\n<p>    <a itemprop=\"url\" href=\"https:\/\/www.dagbladet.no\/nyheter\/smabarnsmor-37-drept-av-ice-agent\/84069351\" rel=\"nofollow noopener\" target=\"_blank\"><\/p>\n<p>        <img loading=\"lazy\" decoding=\"async\" src=\"https:\/\/www.europesays.com\/no\/wp-content\/uploads\/2026\/01\/84069355.webp.webp\" width=\"980\" height=\"441\" title=\"Sm\u00e5barnsmor (37) drept av ICE-agent\" alt=\"\" class=\"\" style=\"--aspect-ratio-image: 2.22; \"\/><\/p>\n<p>        Sm\u00e5barnsmor (37) drept av ICE-agent<\/p>\n<p>    <\/a><\/p>\n","protected":false},"excerpt":{"rendered":"Under et intervju med\u00a0The New York Times\u00a0i Det ovale kontor onsdag, fortalte Donald Trump om sitt syn p\u00e5&hellip;\n","protected":false},"author":2,"featured_media":132066,"comment_status":"","ping_status":"","sticky":false,"template":"","format":"standard","meta":{"footnotes":""},"categories":[12],"tags":[20,21,24,25,15,479,22,23,13,30,28,29,14,16,26,27,42,43,44,45],"class_list":{"0":"post-132065","1":"post","2":"type-post","3":"status-publish","4":"format-standard","5":"has-post-thumbnail","7":"category-verden","8":"tag-breaking-news","9":"tag-breakingnews","10":"tag-featured-news","11":"tag-featurednews","12":"tag-headlines","13":"tag-kjendis","14":"tag-latest-news","15":"tag-latestnews","16":"tag-news","17":"tag-no","18":"tag-norge","19":"tag-norway","20":"tag-nyheter","21":"tag-overskrifter","22":"tag-top-stories","23":"tag-topstories","24":"tag-verden","25":"tag-world","26":"tag-world-news","27":"tag-worldnews"},"share_on_mastodon":{"url":"https:\/\/pubeurope.com\/@no\/115859549235143475","error":""},"_links":{"self":[{"href":"https:\/\/www.europesays.com\/no\/wp-json\/wp\/v2\/posts\/132065","targetHints":{"allow":["GET"]}}],"collection":[{"href":"https:\/\/www.europesays.com\/no\/wp-json\/wp\/v2\/posts"}],"about":[{"href":"https:\/\/www.europesays.com\/no\/wp-json\/wp\/v2\/types\/post"}],"author":[{"embeddable":true,"href":"https:\/\/www.europesays.com\/no\/wp-json\/wp\/v2\/users\/2"}],"replies":[{"embeddable":true,"href":"https:\/\/www.europesays.com\/no\/wp-json\/wp\/v2\/comments?post=132065"}],"version-history":[{"count":0,"href":"https:\/\/www.europesays.com\/no\/wp-json\/wp\/v2\/posts\/132065\/revisions"}],"wp:featuredmedia":[{"embeddable":true,"href":"https:\/\/www.europesays.com\/no\/wp-json\/wp\/v2\/media\/132066"}],"wp:attachment":[{"href":"https:\/\/www.europesays.com\/no\/wp-json\/wp\/v2\/media?parent=132065"}],"wp:term":[{"taxonomy":"category","embeddable":true,"href":"https:\/\/www.europesays.com\/no\/wp-json\/wp\/v2\/categories?post=132065"},{"taxonomy":"post_tag","embeddable":true,"href":"https:\/\/www.europesays.com\/no\/wp-json\/wp\/v2\/tags?post=132065"}],"curies":[{"name":"wp","href":"https:\/\/api.w.org\/{rel}","templated":true}]}}