{"id":132067,"date":"2026-01-08T12:52:12","date_gmt":"2026-01-08T12:52:12","guid":{"rendered":"https:\/\/www.europesays.com\/no\/132067\/"},"modified":"2026-01-08T12:52:12","modified_gmt":"2026-01-08T12:52:12","slug":"james-ransone-fra-the-wire-dode-dodsarsaken-bekreftet","status":"publish","type":"post","link":"https:\/\/www.europesays.com\/no\/132067\/","title":{"rendered":"James Ransone fra &#8216;The Wire&#8217; d\u00f8de: D\u00f8ds\u00e5rsaken bekreftet"},"content":{"rendered":"<p class=\"kicker \" style=\"\">James Ransone:<\/p>\n<p>    \u00abThe Wire\u00bb-stjerna d\u00f8de i Los Angeles i desember.<\/p>\n<p>\n    D\u00d8DE: Filmstjerna ble ikke mer enn 46 \u00e5r. Foto: Robyn Beck\/NTB\n  <\/p>\n<p>Fredag 19. desember kom beskjeden om at <a href=\"https:\/\/www.dagbladet.no\/kjendis\/skuespilleren-er-dod\/84017845\" rel=\"nofollow noopener\" target=\"_blank\">\u00abThe Wire\u00bb-stjerna James Ransone er d\u00f8d.<\/a>\u00a0Han ble bare 46 \u00e5r gammel.<\/p>\n<p>Det var <a href=\"https:\/\/www.tmz.com\/2025\/12\/21\/the-wire-star-james-ransone-dead\/\" rel=\"nofollow noopener\" target=\"_blank\">TMZ<\/a>\u00a0som meldte om d\u00f8dsfallet etter \u00e5 ha f\u00e5tt opplysninger fra rettsmedisinsk kontor i Los Angeles.<\/p>\n<p>    <a itemprop=\"url\" href=\"https:\/\/www.dagbladet.no\/kjendis\/skuespilleren-er-dod\/84017845\" rel=\"nofollow noopener\" target=\"_blank\"><\/p>\n<p>        <img loading=\"lazy\" decoding=\"async\" src=\"https:\/\/www.europesays.com\/no\/wp-content\/uploads\/2026\/01\/84017752.webp.webp\" width=\"980\" height=\"441\" title=\"Skuespilleren er d\u00f8d\" alt=\"\" class=\"lazyload\" style=\"--aspect-ratio-image: 2.22; \"\/><\/p>\n<p>        Skuespilleren er d\u00f8d<\/p>\n<p>    <\/a><\/p>\n<p> Los Angeles-politiet rykket ut til en bolig, hvor de gjennomf\u00f8rte en etterforskning. Politiet mistenkte ikke at det hadde skjedd noe kriminelt og d\u00f8dsfallet ble etterforsket som et selvmord.<\/p>\n<p class=\"font-weight-bold m-font-weight-bold\" data-lab-font_weight=\"font-weight-bold\">N\u00e5 er d\u00f8ds\u00e5rsaken bekreftet.<\/p>\n<p class=\"font-weight-normal m-font-weight-normal\" data-lab-font_weight=\"font-weight-normal\">Skuespilleren tok sitt eget liv, if\u00f8lge en d\u00f8dsattest som <a href=\"https:\/\/people.com\/james-ransone-cause-of-death-confirmed-after-he-died-at-46-11881278\" rel=\"nofollow noopener\" target=\"_blank\">People<\/a>\u00a0har f\u00e5tt tilgang til. Han etterlot seg kona\u00a0Jamie McPhee og to barn.<\/p>\n<p>    Trenger du noen \u00e5 snakke med?<\/p>\n<p class=\"font-weight-bold m-font-weight-bold\" data-lab-font_weight=\"font-weight-bold\">Ring 113<\/p>\n<p>Ved akutt fare for selvmord, ring 113 umiddelbart. Ring heller en gang for mye enn en gang for lite.<\/p>\n<p class=\"font-weight-bold m-font-weight-bold\" data-lab-font_weight=\"font-weight-bold\">Mental Helse<\/p>\n<p>Mental Helse tilbyr d\u00f8gn\u00e5pen telefontjeneste og nettjeneste for alle som trenger noen \u00e5 snakke med. Ring 116 123 eller g\u00e5 inn p\u00e5\u00a0<a href=\"https:\/\/sidetmedord.mentalhelse.no\/\" rel=\"nofollow noopener\" target=\"_blank\">Sidetmedord.no<\/a>.<\/p>\n<p class=\"font-weight-bold m-font-weight-bold\" data-lab-font_weight=\"font-weight-bold\">Mental Helse Ungdom<\/p>\n<p><a href=\"https:\/\/mentalhelseungdom.no\/fa-hjelp\/\" rel=\"nofollow noopener\" target=\"_blank\">Mental Helse Ungdom tilbyr chat<\/a>\u00a0for unge voksne som trenger noen \u00e5 snakke med.<\/p>\n<p class=\"font-weight-bold m-font-weight-bold\" data-lab-font_weight=\"font-weight-bold\">Kirkens SOS<\/p>\n<p>Kirkens SOS Norge har d\u00f8gn\u00e5pen hjelpetelefon, chat og meldingstjenestene. Ring 22 4000 40 eller g\u00e5 inn p\u00e5\u00a0<a href=\"https:\/\/www.kirkens-sos.no\/telefon\" rel=\"nofollow noopener\" target=\"_blank\">kirkens-sos.no<\/a>.<\/p>\n<p>Kilde:\u00a0<a href=\"https:\/\/www.helsenorge.no\/psykisk-helse\/trenger-du-noen-a-snakke-med\/?gad_source=1&amp;gclid=CjwKCAjwufq2BhAmEiwAnZqw8kOXj-otjPbpepM1ATjWAlnETKsaqeE2IA04nerg9YT5jM7QhqU_txoCEucQAvD_BwE\" rel=\"nofollow noopener\" target=\"_blank\">Helsenorge.no<\/a><\/p>\n<p>      Vis mer<br \/>\n      Vis mindre<\/p>\n<p>R\u00f8rende hilsen\t<\/p>\n<p>To dager etter d\u00f8dsfallet la kona ut et r\u00f8rende innlegg p\u00e5 <a href=\"https:\/\/www.instagram.com\/p\/DSisLfbElmV\/?utm_source=ig_web_copy_link&amp;igsh=NTc4MTIwNjQ2YQ==\" rel=\"nofollow noopener\" target=\"_blank\">Instagram<\/a>.<\/p>\n<p>\u00abJeg har fortalt deg at jeg har elsket deg tusen ganger f\u00f8r, og jeg vet at jeg vil elske deg igjen. Du sa til meg at jeg m\u00e5 bli mer som deg, og du m\u00e5 bli mer som meg \u2013 og du hadde s\u00e5 rett\u00bb, skrev hun i innlegget.<\/p>\n<p>        <img loading=\"lazy\" decoding=\"async\" src=\"https:\/\/www.europesays.com\/no\/wp-content\/uploads\/2026\/01\/84069796.webp.webp\" width=\"667\" height=\"667\" title=\"F\u00c5R ST\u00d8TTE: Jamie McPhee f\u00e5r massiv st\u00f8tte i kommentarfeltet under dette bildet p\u00e5 Instagram. Her delte hun ogs\u00e5 den r\u00f8rende meldingen til sin avd\u00f8de mann. Foto: @skippermcphee \/ Instagram\" alt=\"\" class=\"\" style=\"--aspect-ratio-image: 1.00; \"\/><\/p>\n<p>\n        F\u00c5R ST\u00d8TTE: Jamie McPhee f\u00e5r massiv st\u00f8tte i kommentarfeltet under dette bildet p\u00e5 Instagram. Her delte hun ogs\u00e5 den r\u00f8rende meldingen til sin avd\u00f8de mann. Foto: @skippermcphee \/ Instagram\n    <\/p>\n<p>Deretter takket hun ham for \u00e5 ha gitt henne de st\u00f8rste gavene, i form av skuespilleren selv og deres to barn, Jack og Violet. Hun avslutter innlegget med meldingen \u00abvi er for alltid\u00bb.<\/p>\n<p class=\"font-weight-bold m-font-weight-bold\" data-lab-font_weight=\"font-weight-bold\">I etterkant av d\u00f8dsfallet ble det opprettet en <a href=\"https:\/\/www.gofundme.com\/f\/supporting-jamie-jack-and-violet-after-loss\" rel=\"nofollow noopener\" target=\"_blank\">innsamlingsaksjon<\/a>\u00a0for \u00e5 hjelpe familien med utgifter. Der blir Ransone beskrevet som \u00aben elsket ektemann, far og venn\u00bb.<\/p>\n<p>    <a itemprop=\"url\" href=\"https:\/\/www.dagbladet.no\/kjendis\/i-sorg-smerten-forsvinner-ikke\/84018321\" rel=\"nofollow noopener\" target=\"_blank\"><\/p>\n<p>        <img loading=\"lazy\" decoding=\"async\" src=\"https:\/\/www.europesays.com\/no\/wp-content\/uploads\/2026\/01\/84018328.webp.webp\" width=\"980\" height=\"441\" title=\"I sorg: - Smerten forsvinner ikke\" alt=\"\" class=\"lazyload\" style=\"--aspect-ratio-image: 2.22; \"\/><\/p>\n<p>        I sorg: &#8211; Smerten forsvinner ikke<\/p>\n<p>    <\/a><\/p>\n<p>\u00abJames, som vennene kalte PJ, var morsom, magnetisk, briljant og endel\u00f8st levende. Framfor alt var han en ekstraordin\u00e6r far\u00bb, st\u00e5r det i beskrivelsen.<\/p>\n<p>Hedret av kolleger\t<\/p>\n<p>Ransone ble f\u00f8dt i Baltimore i 1979. Gjennombruddet hans som skuespiller kom da han\u00a0fikk rollen som Ziggy Sobotka i \u00abThe Wire\u00bb. Han fikk sv\u00e6rt god kritikk etter \u00e5 ha medvirket i serien.<\/p>\n<p>Han har ogs\u00e5 spilt i\u00a0\u00abCSI: Crime Scene Investigation\u00bb, \u00abHawaii Five-0\u00bb, \u00abBurn Notice\u00bb, \u00abTangerine\u00bb og Stephen King-filmen \u00abIt: Chapter Two\u00bb. <\/p>\n<p>        <img loading=\"lazy\" decoding=\"async\" src=\"https:\/\/www.europesays.com\/no\/wp-content\/uploads\/2026\/01\/84069826.webp.webp\" width=\"667\" height=\"381\" title=\"\u00abSON OF NO ONE\u00bb: Channing Tatum og James Ransone spilte politimenn sammen i 2011. Foto: Millennium Films\/Kobal\/NTB\" alt=\"\" class=\"\" style=\"--aspect-ratio-image: 1.75; \"\/><\/p>\n<p>\n        \u00abSON OF NO ONE\u00bb: Channing Tatum og James Ransone spilte politimenn sammen i 2011. Foto: Millennium Films\/Kobal\/NTB\n    <\/p>\n<p>Etter d\u00f8dsfallet har flere av hans tidligere kolleger hedret ham p\u00e5 sosiale medier. Blant dem Channing Tatum (45).<\/p>\n<p>\u00abJeg elsker deg PJ. Vi sees p\u00e5 den neste\u00bb, skrev Tatum, som jobbet med Ransone p\u00e5 filmen \u00abThe Son of No One\u00bb i 2011.<\/p>\n<p>    <a itemprop=\"url\" href=\"https:\/\/www.dagbladet.no\/kjendis\/17-ar-seinere-fortsatt-fanget-i-bolivia\/83985545\" rel=\"nofollow noopener\" target=\"_blank\"><\/p>\n<p>        <img loading=\"lazy\" decoding=\"async\" src=\"https:\/\/www.europesays.com\/no\/wp-content\/uploads\/2026\/01\/1767876732_139_84023952.webp.webp\" width=\"980\" height=\"441\" title=\"17 \u00e5r seinere: Fortsatt fanget i Bolivia\" alt=\"\" class=\"lazyload\" style=\"--aspect-ratio-image: 2.22; \"\/><\/p>\n<p>        17 \u00e5r seinere: Fortsatt fanget i Bolivia<\/p>\n<p>    <\/a><\/p>\n<p><script async src=\"\/\/www.instagram.com\/embed.js\"><\/script><\/p>\n","protected":false},"excerpt":{"rendered":"James Ransone: \u00abThe Wire\u00bb-stjerna d\u00f8de i Los Angeles i desember. D\u00d8DE: Filmstjerna ble ikke mer enn 46 \u00e5r.&hellip;\n","protected":false},"author":2,"featured_media":132068,"comment_status":"","ping_status":"","sticky":false,"template":"","format":"standard","meta":{"footnotes":""},"categories":[12],"tags":[20,21,576,24,25,15,15282,479,22,23,13,30,28,29,14,16,1736,15283,26,27,42,43,44,45],"class_list":{"0":"post-132067","1":"post","2":"type-post","3":"status-publish","4":"format-standard","5":"has-post-thumbnail","7":"category-verden","8":"tag-breaking-news","9":"tag-breakingnews","10":"tag-dodsfall","11":"tag-featured-news","12":"tag-featurednews","13":"tag-headlines","14":"tag-james-ransone","15":"tag-kjendis","16":"tag-latest-news","17":"tag-latestnews","18":"tag-news","19":"tag-no","20":"tag-norge","21":"tag-norway","22":"tag-nyheter","23":"tag-overskrifter","24":"tag-selvmord","25":"tag-the-wire","26":"tag-top-stories","27":"tag-topstories","28":"tag-verden","29":"tag-world","30":"tag-world-news","31":"tag-worldnews"},"share_on_mastodon":{"url":"https:\/\/pubeurope.com\/@no\/115859576772118027","error":""},"_links":{"self":[{"href":"https:\/\/www.europesays.com\/no\/wp-json\/wp\/v2\/posts\/132067","targetHints":{"allow":["GET"]}}],"collection":[{"href":"https:\/\/www.europesays.com\/no\/wp-json\/wp\/v2\/posts"}],"about":[{"href":"https:\/\/www.europesays.com\/no\/wp-json\/wp\/v2\/types\/post"}],"author":[{"embeddable":true,"href":"https:\/\/www.europesays.com\/no\/wp-json\/wp\/v2\/users\/2"}],"replies":[{"embeddable":true,"href":"https:\/\/www.europesays.com\/no\/wp-json\/wp\/v2\/comments?post=132067"}],"version-history":[{"count":0,"href":"https:\/\/www.europesays.com\/no\/wp-json\/wp\/v2\/posts\/132067\/revisions"}],"wp:featuredmedia":[{"embeddable":true,"href":"https:\/\/www.europesays.com\/no\/wp-json\/wp\/v2\/media\/132068"}],"wp:attachment":[{"href":"https:\/\/www.europesays.com\/no\/wp-json\/wp\/v2\/media?parent=132067"}],"wp:term":[{"taxonomy":"category","embeddable":true,"href":"https:\/\/www.europesays.com\/no\/wp-json\/wp\/v2\/categories?post=132067"},{"taxonomy":"post_tag","embeddable":true,"href":"https:\/\/www.europesays.com\/no\/wp-json\/wp\/v2\/tags?post=132067"}],"curies":[{"name":"wp","href":"https:\/\/api.w.org\/{rel}","templated":true}]}}