{"id":132073,"date":"2026-01-08T13:02:17","date_gmt":"2026-01-08T13:02:17","guid":{"rendered":"https:\/\/www.europesays.com\/no\/132073\/"},"modified":"2026-01-08T13:02:17","modified_gmt":"2026-01-08T13:02:17","slug":"nyheter-sport-tarer-og-folelsesladd-da-avdode-sivert-bakken-ble-hedret-foran-verdenscuprennet-i-oberhof","status":"publish","type":"post","link":"https:\/\/www.europesays.com\/no\/132073\/","title":{"rendered":"Nyheter, Sport | T\u00e5rer og f\u00f8lelsesladd da avd\u00f8de Sivert Bakken ble hedret foran verdenscuprennet i Oberhof"},"content":{"rendered":"\n<p>Bakken-hyllesten ble inkludert i TV-sendingen f\u00f8r sprintstarten, og det var ogs\u00e5 et minutts applaus for nordmannen p\u00e5 stadion i Oberhof.<\/p>\n<p>Bakken ble tildelt startnummer 1, og rennets nummer to, latvieren Renars Birkentals, ble den f\u00f8rste startende ut p\u00e5 den 10 kilometer lange sprinten i den tyske delstaten Th\u00fcringen.<\/p>\n<p>De norske skiskytterne gikk verdenscupsprinten med s\u00f8rgebind p\u00e5 h\u00f8yre arm. L\u00f8perne sto sammen i flokk f\u00f8r start, norske og internasjonale ut\u00f8vere side om side.<\/p>\n<p>Johannes Dale-Skjevdal hadde Bakkens startnummer 1 knyttet rundt midjen.<\/p>\n<p>  <a href=\"https:\/\/www.gd.no\/5-18-2435828\" class=\"related-teaser has-image default-story-teaser article--c-eRUmMG article--c-eRUmMG-jKCPdD-design-default\" rel=\"nofollow noopener\" target=\"_blank\"><\/p>\n<p>    <img decoding=\"async\" loading=\"lazy\"  src=\"https:\/\/www.europesays.com\/no\/wp-content\/uploads\/2026\/01\/Elden+advokatfirma+engasjert+etter+Sivert+Bakkens+d%C3%B8dsfall.bin.jpeg\" alt=\"\" class=\"brick-c-cFOWSL\" style=\"\"\/><\/p>\n<p>\n            Les ogs\u00e5<\/p>\n<p>              Skiskytteren Sivert Guttorm Bakken bisettes 13. januar\n        <\/p>\n<p>  <\/a><\/p>\n<p>  <a href=\"https:\/\/www.gd.no\/5-18-2431484\" class=\"related-teaser has-image default-story-teaser article--c-eRUmMG article--c-eRUmMG-jKCPdD-design-default\" rel=\"nofollow noopener\" target=\"_blank\"><\/p>\n<p>    <img decoding=\"async\" loading=\"lazy\"  src=\"https:\/\/www.europesays.com\/no\/wp-content\/uploads\/2025\/12\/cueres_scp-mangler_navn_HtdIeQfk2-M.jpg\" alt=\"\" class=\"brick-c-cFOWSL\" style=\"\"\/><\/p>\n<p>\n            Les ogs\u00e5<\/p>\n<p>              \u2013 Det har v\u00e6rt helt forferdelig\n        <\/p>\n<p>  <\/a><br \/>\n  T\u00e5rev\u00e5tt<\/p>\n<p>Sivert Guttorm Bakken ble funnet d\u00f8d p\u00e5 sitt hotellrom i Lavaz\u00e9 i Italia lille julaften. D\u00f8ds\u00e5rsaken er ikke kjent. Bakken ble 27 \u00e5r.<\/p>\n<p>TV 2 viet hele opptakten til rennet til minne om Bakken, og det kom gode ord fra ekspertene Tiril Eckhoff, Ole Einar Bj\u00f8rndalen og Petter Northug. Det ble en TV-sending full av f\u00f8lelser.<\/p>\n<p>B\u00e5de norske og utenlandske konkurrenter kom til ordet med sine minner om Bakken.<\/p>\n<p>\u2013 Det var som et sjokk og er fortsatt uvirkelig. Han var en fantastisk mann. Det er bare utrolig trist, sa Eckhoff p\u00e5 sendingen.<\/p>\n<p>Hun klarte ikke \u00e5 holde t\u00e5rene tilbake og stemmen sprakk da hun skulle fortelle om Bakken.<\/p>\n<p>  <a href=\"https:\/\/www.gd.no\/5-18-2434071\" class=\"related-teaser has-image default-story-teaser article--c-eRUmMG article--c-eRUmMG-jKCPdD-design-default\" rel=\"nofollow noopener\" target=\"_blank\"><\/p>\n<p>    <img decoding=\"async\" loading=\"lazy\"  src=\"https:\/\/www.europesays.com\/no\/wp-content\/uploads\/2026\/01\/1767877335_894_NTB_SMcsJYOTDbA.jpg\" alt=\"\" class=\"brick-c-cFOWSL\" style=\"\"\/><\/p>\n<p>\n            Les ogs\u00e5<\/p>\n<p>              Botn fant kompisen Bakken livl\u00f8s p\u00e5 hotellrommet: \u2013 Fullstendig sjokktilstand\n        <\/p>\n<p>  <\/a><br \/>\n  F\u00f8les fint<\/p>\n<p>Bakken var for fullt med i kampen om en OL-billett da han ble funnet d\u00f8d av lagkamerat Johan-Olav Botn i Nord-Italia.<\/p>\n<p>\u2013 Det var f\u00f8rst og fremst et sjokk. Jeg trodde ikke det jeg h\u00f8rte. Men n\u00e5 er vi her, og jeg tror det blir en fin dag, og det f\u00f8les fint at vi markerer det, sa Bj\u00f8rndalen.<\/p>\n<p>   <img decoding=\"async\" width=\"6000\" height=\"4000\" fetchpriority=\"low\"  loading=\"lazy\"  src=\"https:\/\/www.europesays.com\/no\/wp-content\/uploads\/2026\/01\/cueres_scp-mangler_navn__QU63f_-hzU.jpg\" alt=\"Oslo 20251118. &#10;Pressetreff med Ole Einar Bj\u00f8rndalen i forbindelse med starten av vintersportsesongen i skiskyting.&#10;Foto: Terje Bendiksby \/ NTB\" class=\"brick-c-cFOWSL\" style=\"--brick-image-ratio: 6000 \/ 4000;\"\/><\/p>\n<p>      Ole Einar Bj\u00f8rndalen er TV2-ekspert.<br \/>\n      Foto: Terje Bendiksby\/NTB\n    <\/p>\n<p>Det samme var Petter Northug inne p\u00e5.<\/p>\n<p>\u2013 Jeg tror at det blir godt for enkelte \u00e5 komme seg i gang med konkurranser igjen. Det har mange av konkurrentene v\u00e6rt inne p\u00e5 ogs\u00e5. Jeg tror de gleder seg til det, sa Petter Northug.<\/p>\n<p>Bakken bisettes i Nordre \u00c5l kirke 13. januar.<\/p>\n<p>  <a href=\"https:\/\/www.gd.no\/5-18-2429741\" class=\"related-teaser has-image default-story-teaser article--c-eRUmMG article--c-eRUmMG-jKCPdD-design-default\" rel=\"nofollow noopener\" target=\"_blank\"><\/p>\n<p>    <img decoding=\"async\" loading=\"lazy\"  src=\"https:\/\/www.europesays.com\/no\/wp-content\/uploads\/2025\/12\/TO+-+MINNESTUND+SIVERT+BAKKEN+10.jpg\" alt=\"\" class=\"brick-c-cFOWSL\" style=\"\"\/><\/p>\n<p>\n            Les ogs\u00e5<\/p>\n<p>              Full kirke da Sivert (27) skulle minnes: \u2013 Det er en helt ufattelig beskjed \u00e5 f\u00e5\n        <\/p>\n<p>  <\/a><\/p>\n<p>  <a href=\"https:\/\/www.gd.no\/5-18-2429678\" class=\"related-teaser has-image default-story-teaser article--c-eRUmMG article--c-eRUmMG-jKCPdD-design-default\" rel=\"nofollow noopener\" target=\"_blank\"><\/p>\n<p>    <img decoding=\"async\" loading=\"lazy\"  src=\"https:\/\/www.europesays.com\/no\/wp-content\/uploads\/2026\/01\/5_18_2000129+IMG_3256.jpg\" alt=\"\" class=\"brick-c-cFOWSL\" style=\"\"\/><\/p>\n<p>\n            Les ogs\u00e5<\/p>\n<p>              Idrettsklubben i sjokk: \u2013 En snill gutt som har v\u00e6rt veldig viktig for lokalmilj\u00f8et\n        <\/p>\n<p>  <\/a><\/p>\n","protected":false},"excerpt":{"rendered":"Bakken-hyllesten ble inkludert i TV-sendingen f\u00f8r sprintstarten, og det var ogs\u00e5 et minutts applaus for nordmannen p\u00e5 stadion&hellip;\n","protected":false},"author":2,"featured_media":132074,"comment_status":"","ping_status":"","sticky":false,"template":"","format":"standard","meta":{"footnotes":""},"categories":[59],"tags":[36,1427,30,28,29,14,13042,769,83,82,1510],"class_list":{"0":"post-132073","1":"post","2":"type-post","3":"status-publish","4":"format-standard","5":"has-post-thumbnail","7":"category-sport","8":"tag-art","9":"tag-lillehammer","10":"tag-no","11":"tag-norge","12":"tag-norway","13":"tag-nyheter","14":"tag-sivert-guttorm-bakken","15":"tag-skiskyting","16":"tag-sport","17":"tag-sports","18":"tag-story"},"share_on_mastodon":{"url":"https:\/\/pubeurope.com\/@no\/115859616136252124","error":""},"_links":{"self":[{"href":"https:\/\/www.europesays.com\/no\/wp-json\/wp\/v2\/posts\/132073","targetHints":{"allow":["GET"]}}],"collection":[{"href":"https:\/\/www.europesays.com\/no\/wp-json\/wp\/v2\/posts"}],"about":[{"href":"https:\/\/www.europesays.com\/no\/wp-json\/wp\/v2\/types\/post"}],"author":[{"embeddable":true,"href":"https:\/\/www.europesays.com\/no\/wp-json\/wp\/v2\/users\/2"}],"replies":[{"embeddable":true,"href":"https:\/\/www.europesays.com\/no\/wp-json\/wp\/v2\/comments?post=132073"}],"version-history":[{"count":0,"href":"https:\/\/www.europesays.com\/no\/wp-json\/wp\/v2\/posts\/132073\/revisions"}],"wp:featuredmedia":[{"embeddable":true,"href":"https:\/\/www.europesays.com\/no\/wp-json\/wp\/v2\/media\/132074"}],"wp:attachment":[{"href":"https:\/\/www.europesays.com\/no\/wp-json\/wp\/v2\/media?parent=132073"}],"wp:term":[{"taxonomy":"category","embeddable":true,"href":"https:\/\/www.europesays.com\/no\/wp-json\/wp\/v2\/categories?post=132073"},{"taxonomy":"post_tag","embeddable":true,"href":"https:\/\/www.europesays.com\/no\/wp-json\/wp\/v2\/tags?post=132073"}],"curies":[{"name":"wp","href":"https:\/\/api.w.org\/{rel}","templated":true}]}}