{"id":132077,"date":"2026-01-08T13:19:10","date_gmt":"2026-01-08T13:19:10","guid":{"rendered":"https:\/\/www.europesays.com\/no\/132077\/"},"modified":"2026-01-08T13:19:10","modified_gmt":"2026-01-08T13:19:10","slug":"svalbard-er-varmest-i-landet","status":"publish","type":"post","link":"https:\/\/www.europesays.com\/no\/132077\/","title":{"rendered":"Svalbard er varmest i landet"},"content":{"rendered":"\n<p class=\"_lead_o9xde_2 _lead_xtcu6_50 layout-component text-serif-m layout-normal text-serif-l layout-component layout-wide layout-padded _wide_17hqh_1 layout-padded\">Men det er 39 grader forskjell fra varmest til kaldest.<\/p>\n<p><img alt=\" Foto: Meteorologene\" class=\"_image_qp4xg_65 layout-component layout-wide\" data-fullscreen- data-track-element-type=\"Article image fullscreen\" data-track-name=\"ImageFullscreen\" fetchpriority=\"high\" decoding=\"sync\" loading=\"eager\" height=\"1163\" itemprop=\"image\"  src=\"https:\/\/www.europesays.com\/no\/wp-content\/uploads\/2026\/01\/f6aa5d32-eaef-4425-9895-02d84c69c707.jpeg\"  style=\"object-position:0% 0%\" width=\"1438\"\/> Foto: Meteorologene<\/p>\n<ul aria-hidden=\"true\" class=\"_images_ntbth_112\">\n<li><a class=\"_link_ntbth_117\" href=\"https:\/\/www.vg.no\/forfatter\/emma-fondenes-oevreboe\" style=\"z-index:2\" title=\"Emma Fondenes \u00d8vreb\u00f8\" rel=\"nofollow noopener\" target=\"_blank\"><img alt=\"Bilde av Emma Fondenes \u00d8vreb\u00f8\" class=\"_image_ntbth_93\" fetchpriority=\"low\" loading=\"lazy\" decoding=\"async\" itemprop=\"image\"  src=\"https:\/\/www.europesays.com\/no\/wp-content\/uploads\/2026\/01\/1767878348_675_a3715f19-7e77-4fbf-b20f-7d6f5cb479de.jpeg\"  width=\"480\"\/><\/a><\/li>\n<li><a class=\"_link_ntbth_117\" href=\"https:\/\/www.vg.no\/forfatter\/vilde-birkelund\" style=\"z-index:1\" title=\"Vilde Birkelund\" rel=\"nofollow noopener\" target=\"_blank\"><img alt=\"Bilde av Vilde Birkelund\" class=\"_image_ntbth_93\" fetchpriority=\"low\" loading=\"lazy\" decoding=\"async\" itemprop=\"image\"  src=\"https:\/\/www.europesays.com\/no\/wp-content\/uploads\/2026\/01\/1767878348_477_c9662057-6f76-4bdb-a433-dc79951b08e7.jpeg\"  width=\"480\"\/><\/a><\/li>\n<\/ul>\n<p> Oppdatert torsdag 8. januar kl. 12:58     <\/p>\n<p class=\"_paragraph_o9xde_4 _paragraph_xtcu6_10 layout-component text-serif-m layout-normal text-serif-m layout-padded\">I dag er det <a href=\"https:\/\/www.vg.no\/tag\/svalbard?utm_source=vg-article&amp;utm_medium=auto-tagger&amp;utm_campaign=7p09jB\" class=\"_link_o9xde_39\" rel=\"nofollow noopener\" target=\"_blank\">Svalbard<\/a> som er varmest i landet. Kun der finner vi plussgrader, opplyser Meteorologene. <\/p>\n<p class=\"_paragraph_o9xde_4 _paragraph_xtcu6_10 layout-component text-serif-m layout-normal text-serif-m layout-padded\">Grunnen er et lavtrykk mellom Spitsbergen og Nordpolen som gir mild vind fra vest over \u00f8ygruppen. I tillegg blokkerer et h\u00f8ytrykk ved Bj\u00f8rn\u00f8ya kaldlufta, slik at den blir liggende lenger s\u00f8r.<\/p>\n<p>39 grader forskjell<\/p>\n<p class=\"_paragraph_o9xde_4 _paragraph_xtcu6_10 layout-component text-serif-m layout-normal text-serif-m layout-padded\">Selv om det er plussgrader i Svalbard, er det \u00abbikkjekaldt\u00bb i andre deler av landet.<\/p>\n<p class=\"_paragraph_o9xde_4 _paragraph_xtcu6_10 layout-component text-serif-m layout-normal text-serif-m layout-padded\"><strong class=\"_strong_o9xde_25\">Torsdagens laveste temperatur ble m\u00e5lt i Karasjok med minus 38,5 grader. Ogs\u00e5 i S\u00f8r-Norge var kulden ekstrem natt til torsdag, med under minus 30 grader p\u00e5 steder som Hovden og V\u00e5gsli i Telemark.<\/strong><\/p>\n<p class=\"_paragraph_o9xde_4 _paragraph_xtcu6_10 layout-component text-serif-m layout-normal text-serif-m layout-padded\">\u2013 Det er kaldt overalt, sier vakthavende meteorolog ved Meteorologisk institutt, Marit Berger.<\/p>\n<p>Vinteren er langt fra over<\/p>\n<p class=\"_paragraph_o9xde_4 _paragraph_xtcu6_10 layout-component text-serif-m layout-normal text-serif-m layout-padded\">\u2013 Det er arktisk luft kombinert med h\u00f8ytrykk som gj\u00f8r at kulden biter seg fast, forklarer Berger.<\/p>\n<p class=\"_paragraph_o9xde_4 _paragraph_xtcu6_10 layout-component text-serif-m layout-normal text-serif-m layout-padded\">Meteorologen varsler at kulden vil holde seg noen dager fremover. Flere steder vil vinden gj\u00f8re at kulden kjennes enda strengere enn det gradestokken viser.<\/p>\n<p class=\"_paragraph_o9xde_4 _paragraph_xtcu6_10 layout-component text-serif-m layout-normal text-serif-m layout-padded\">Kulden rammer alts\u00e5 ikke bare Nord-Norge, men strekker seg langt s\u00f8rover i landet. Vinteren viser seg fra sin kaldeste side over hele Norge.<\/p>\n<p>     <img decoding=\"async\" alt=\"Tips oss illustrasjon\" src=\"https:\/\/www.europesays.com\/no\/wp-content\/uploads\/2025\/10\/pssst-small.webp.webp\"\/>    <\/p>\n<p class=\"title-serif-s\">Har du tips?<\/p>\n<p class=\"text-sans-m\">Send oss informasjon, bilder eller video.<\/p>\n<p>  <a href=\"https:\/\/www.vg.no\/tips-oss\" rel=\"nofollow noopener\" target=\"_blank\"> Tips oss <\/a>      <\/p>\n","protected":false},"excerpt":{"rendered":"Men det er 39 grader forskjell fra varmest til kaldest. Foto: Meteorologene Oppdatert torsdag 8. januar kl. 12:58&hellip;\n","protected":false},"author":2,"featured_media":132078,"comment_status":"","ping_status":"","sticky":false,"template":"","format":"standard","meta":{"footnotes":""},"categories":[5],"tags":[31,20,21,24,25,15,19,8981,22,23,17,18,13,30,28,29,14,16,1644,385,26,27],"class_list":{"0":"post-132077","1":"post","2":"type-post","3":"status-publish","4":"format-standard","5":"has-post-thumbnail","7":"category-overskrifter","8":"tag-breaking","9":"tag-breaking-news","10":"tag-breakingnews","11":"tag-featured-news","12":"tag-featurednews","13":"tag-headlines","14":"tag-hovedoppslag","15":"tag-kulde","16":"tag-latest-news","17":"tag-latestnews","18":"tag-main-news","19":"tag-mainnews","20":"tag-news","21":"tag-no","22":"tag-norge","23":"tag-norway","24":"tag-nyheter","25":"tag-overskrifter","26":"tag-svalbard","27":"tag-temperatur","28":"tag-top-stories","29":"tag-topstories"},"share_on_mastodon":{"url":"https:\/\/pubeurope.com\/@no\/115859682963260857","error":""},"_links":{"self":[{"href":"https:\/\/www.europesays.com\/no\/wp-json\/wp\/v2\/posts\/132077","targetHints":{"allow":["GET"]}}],"collection":[{"href":"https:\/\/www.europesays.com\/no\/wp-json\/wp\/v2\/posts"}],"about":[{"href":"https:\/\/www.europesays.com\/no\/wp-json\/wp\/v2\/types\/post"}],"author":[{"embeddable":true,"href":"https:\/\/www.europesays.com\/no\/wp-json\/wp\/v2\/users\/2"}],"replies":[{"embeddable":true,"href":"https:\/\/www.europesays.com\/no\/wp-json\/wp\/v2\/comments?post=132077"}],"version-history":[{"count":0,"href":"https:\/\/www.europesays.com\/no\/wp-json\/wp\/v2\/posts\/132077\/revisions"}],"wp:featuredmedia":[{"embeddable":true,"href":"https:\/\/www.europesays.com\/no\/wp-json\/wp\/v2\/media\/132078"}],"wp:attachment":[{"href":"https:\/\/www.europesays.com\/no\/wp-json\/wp\/v2\/media?parent=132077"}],"wp:term":[{"taxonomy":"category","embeddable":true,"href":"https:\/\/www.europesays.com\/no\/wp-json\/wp\/v2\/categories?post=132077"},{"taxonomy":"post_tag","embeddable":true,"href":"https:\/\/www.europesays.com\/no\/wp-json\/wp\/v2\/tags?post=132077"}],"curies":[{"name":"wp","href":"https:\/\/api.w.org\/{rel}","templated":true}]}}