{"id":132079,"date":"2026-01-08T13:25:11","date_gmt":"2026-01-08T13:25:11","guid":{"rendered":"https:\/\/www.europesays.com\/no\/132079\/"},"modified":"2026-01-08T13:25:11","modified_gmt":"2026-01-08T13:25:11","slug":"jobbet-gjennom-natta-har-vaert-tungt","status":"publish","type":"post","link":"https:\/\/www.europesays.com\/no\/132079\/","title":{"rendered":"Jobbet gjennom natta: &#8211; Har v\u00e6rt tungt"},"content":{"rendered":"<p class=\"kicker \" style=\"\">Halden:<\/p>\n<p>    Etter 16 timer bak rattet har br\u00f8ytef\u00f8rer Ole Henrik Hansen (20) en klar oppfordring til bilistene.<\/p>\n<p>\n    LANG ARBEIDSDAG: Br\u00f8ytef\u00f8rer Ole Henrik Hansen (20) har v\u00e6rt p\u00e5 jobb siden klokka 21 onsdag kveld. Foto: Mariel N. Sand Nwosu \/ Dagbladet\n  <\/p>\n<p> HALDEN\/OSLO (Dagbladet): Meteorologisk institutt hadde natt til torsdag ute gult farevarsel for sn\u00f8 i store deler av \u00d8stlandet. Verst ble det trolig i Halden.\u00a0<\/p>\n<p>Der m\u00f8ter Dagbladet br\u00f8ytef\u00f8rer Ole Henrik Hansen (20). Han har br\u00f8ytet siden klokka 21 onsdag n\u00e5r Dagbladet m\u00f8ter ham 13-tida torsdag.<\/p>\n<p>&#8211; Det har v\u00e6rt tungt innimellom, s\u00e5nn som i natt n\u00e5r det kom s\u00e5 mye sn\u00f8, sier Hansen.<\/p>\n<p>        ENDELIG: F\u00f8r jul var det sn\u00f8fritt p\u00e5 R\u00f8ros, men n\u00e5 har l\u00f8ypekj\u00f8rer Ove Klemmetsen mer \u00e5 gj\u00f8re enn noen gang. Reporter: Karolina Rusov-Hansen \/ Dagbladet TV. <\/p>\n<p>Han m\u00e5tte kj\u00f8re over samme gater flere ganger fordi det kom mer og mer sn\u00f8.<\/p>\n<p>&#8211; N\u00e5r man m\u00e5 kj\u00f8re gjennom gatene flere ganger, blir det tungt i lengden.<\/p>\n<p>Oppfordring til bilister\t<\/p>\n<p>Det som gj\u00f8r jobben mest krevende er likevel ikke de seine arbeidstimene:<\/p>\n<p>&#8211; Det er n\u00e5r det st\u00e5r biler i veien, n\u00e5r br\u00f8ytebilen kommer s\u00e5 blir det trangt. Det er klart at det blir d\u00e5rlig plass, ogs\u00e5 skaper det tr\u00f8bbel med en gang.<\/p>\n<p>        <img loading=\"lazy\" decoding=\"async\" src=\"https:\/\/www.europesays.com\/no\/wp-content\/uploads\/2026\/01\/84072626.webp.webp\" width=\"980\" height=\"559\" title=\"P\u00c5 JOBB: Store mengder sn\u00f8 har f\u00f8rt til mange timers arbeid for b\u00f8rytebilene i Halden. Foto: Mariel N. Sand Nwosu \/ Dagbladet\" alt=\"\" class=\"\" style=\"--aspect-ratio-image: 1.75; \"\/><\/p>\n<p>\n        P\u00c5 JOBB: Store mengder sn\u00f8 har f\u00f8rt til mange timers arbeid for b\u00f8rytebilene i Halden. Foto: Mariel N. Sand Nwosu \/ Dagbladet\n    <\/p>\n<p>Han h\u00e5per at de som har g\u00e5rdsplass vil parkere bilen sin der, ikke p\u00e5 veien. Da har han og kollegaene hans mulighet til \u00e5 br\u00f8yte hele veien, og arbeidet vil g\u00e5 fortere, forteller Hansen.<\/p>\n<p>&#8211; Det er jo greit \u00e5 f\u00e5 br\u00f8yta hele veien n\u00e5r vi f\u00f8rst er ute, fortsetter han.<\/p>\n<p>    <a itemprop=\"url\" href=\"https:\/\/www.dagbladet.no\/nyheter\/full-bemanning-gjennom-natta\/84068579\" rel=\"nofollow noopener\" target=\"_blank\"><\/p>\n<p>        <img loading=\"lazy\" decoding=\"async\" src=\"https:\/\/www.europesays.com\/no\/wp-content\/uploads\/2026\/01\/84068737.webp.webp\" width=\"980\" height=\"441\" title=\"- Full bemanning gjennom natta\" alt=\"\" class=\"lazyload\" style=\"--aspect-ratio-image: 2.22; \"\/><\/p>\n<p>        &#8211; Full bemanning gjennom natta<\/p>\n<p>    <\/a><\/p>\n<p>Fikk flere klager\t<\/p>\n<p>I forkant av sn\u00f8fallet gikk Halden kommune ut med en huskeliste for sn\u00f8v\u00e6ret, som blant annet innebar en oppfordring om \u00e5 flytte bilen fra gateparkering.\u00a0<\/p>\n<p>Det ble ogs\u00e5 opplyst at kommunen skulle br\u00f8yte hele 19 mil med veier og seks mil med gang- og sykkelveier.\u00a0<\/p>\n<p>&#8211; Det er praktisk talt umulig \u00e5 br\u00f8yte over alt samtidig, skrev kommunen, og oppfordret til t\u00e5lmodighet og forst\u00e5else.\u00a0<\/p>\n<p>Torsdag morgen skrev <a href=\"https:\/\/www.ha-halden.no\/broyter-for-fullt-ingen-vits-a-ringe-om-sno-i-gata\/s\/30-20-10717\" rel=\"nofollow noopener\" target=\"_blank\">Halden Arbeiderblad<\/a> at flere hadde ringt inn til kommunen for \u00e5 klage over manglende m\u00e5king i sin gate.<\/p>\n<p>&#8211; Folk ringer om at det ikke er br\u00f8ytet i akkurat deres gate. Men vi er p\u00e5 vei. Det er egentlig ingen vits i \u00e5 ringe for \u00e5 si at det er mye sn\u00f8, vi er ute og gatene blir tatt, sa teknisk vakthavende i kommunen, Bj\u00f8rn N\u00f8stvik til avisa.<\/p>\n<p>De prioriterer hovedveier og bussruter f\u00f8rst, deretter sidegater og fortau, forklarte han.<\/p>\n<p>    <a itemprop=\"url\" href=\"https:\/\/dinside.dagbladet.no\/motor\/dramatisk-okning\/84065141\" rel=\"nofollow noopener\" target=\"_blank\"><\/p>\n<p>        <img loading=\"lazy\" decoding=\"async\" src=\"https:\/\/www.europesays.com\/no\/wp-content\/uploads\/2026\/01\/84065300.webp.webp\" width=\"980\" height=\"441\" title=\"- Dramatisk \u00f8kning\" alt=\"\" class=\"lazyload\" style=\"--aspect-ratio-image: 2.22; \"\/><\/p>\n<p>        &#8211; Dramatisk \u00f8kning<\/p>\n<p>    <\/a><\/p>\n","protected":false},"excerpt":{"rendered":"Halden: Etter 16 timer bak rattet har br\u00f8ytef\u00f8rer Ole Henrik Hansen (20) en klar oppfordring til bilistene. LANG&hellip;\n","protected":false},"author":2,"featured_media":132080,"comment_status":"","ping_status":"","sticky":false,"template":"","format":"standard","meta":{"footnotes":""},"categories":[10],"tags":[20,21,24,25,15,2539,22,23,13,30,28,29,14,16,26,27],"class_list":{"0":"post-132079","1":"post","2":"type-post","3":"status-publish","4":"format-standard","5":"has-post-thumbnail","7":"category-norge","8":"tag-breaking-news","9":"tag-breakingnews","10":"tag-featured-news","11":"tag-featurednews","12":"tag-headlines","13":"tag-innenriks","14":"tag-latest-news","15":"tag-latestnews","16":"tag-news","17":"tag-no","18":"tag-norge","19":"tag-norway","20":"tag-nyheter","21":"tag-overskrifter","22":"tag-top-stories","23":"tag-topstories"},"share_on_mastodon":{"url":"https:\/\/pubeurope.com\/@no\/115859706647179323","error":""},"_links":{"self":[{"href":"https:\/\/www.europesays.com\/no\/wp-json\/wp\/v2\/posts\/132079","targetHints":{"allow":["GET"]}}],"collection":[{"href":"https:\/\/www.europesays.com\/no\/wp-json\/wp\/v2\/posts"}],"about":[{"href":"https:\/\/www.europesays.com\/no\/wp-json\/wp\/v2\/types\/post"}],"author":[{"embeddable":true,"href":"https:\/\/www.europesays.com\/no\/wp-json\/wp\/v2\/users\/2"}],"replies":[{"embeddable":true,"href":"https:\/\/www.europesays.com\/no\/wp-json\/wp\/v2\/comments?post=132079"}],"version-history":[{"count":0,"href":"https:\/\/www.europesays.com\/no\/wp-json\/wp\/v2\/posts\/132079\/revisions"}],"wp:featuredmedia":[{"embeddable":true,"href":"https:\/\/www.europesays.com\/no\/wp-json\/wp\/v2\/media\/132080"}],"wp:attachment":[{"href":"https:\/\/www.europesays.com\/no\/wp-json\/wp\/v2\/media?parent=132079"}],"wp:term":[{"taxonomy":"category","embeddable":true,"href":"https:\/\/www.europesays.com\/no\/wp-json\/wp\/v2\/categories?post=132079"},{"taxonomy":"post_tag","embeddable":true,"href":"https:\/\/www.europesays.com\/no\/wp-json\/wp\/v2\/tags?post=132079"}],"curies":[{"name":"wp","href":"https:\/\/api.w.org\/{rel}","templated":true}]}}