{"id":132083,"date":"2026-01-08T13:27:08","date_gmt":"2026-01-08T13:27:08","guid":{"rendered":"https:\/\/www.europesays.com\/no\/132083\/"},"modified":"2026-01-08T13:27:08","modified_gmt":"2026-01-08T13:27:08","slug":"redusert-sannsynlighet-for-trenersamarbeid-mellom-solskjaer-og-carrick","status":"publish","type":"post","link":"https:\/\/www.europesays.com\/no\/132083\/","title":{"rendered":"Redusert sannsynlighet for trenersamarbeid mellom Solskj\u00e6r og Carrick"},"content":{"rendered":"\n<p class=\"_lead_o9xde_2 _lead_xtcu6_50 layout-component text-serif-m layout-normal text-serif-l layout-component layout-wide layout-padded _wide_17hqh_1 layout-padded\">Sjansen for at Ole Gunnar Solskj\u00e6r og Michael Carrick sammen leder Manchester United ut innev\u00e6rende sesong skal v\u00e6re i ferd med \u00e5 bli mindre.<\/p>\n<p><img alt=\" Foto: Glyn Kirk \/ Pa Photos \/ NTB\" class=\"_image_qp4xg_65 layout-component layout-wide\" data-fullscreen- data-track-element-type=\"Article image fullscreen\" data-track-name=\"ImageFullscreen\" fetchpriority=\"high\" decoding=\"sync\" loading=\"eager\" height=\"1070\" itemprop=\"image\"  src=\"https:\/\/www.europesays.com\/no\/wp-content\/uploads\/2026\/01\/cad321cf-0b4b-4ef1-bbed-a0bae8345576.png\"  style=\"object-position:0% 0%\" width=\"1688\"\/> Foto: Glyn Kirk \/ Pa Photos \/ NTB<\/p>\n<ul aria-hidden=\"true\" class=\"_images_ntbth_112\">\n<li><a class=\"_link_ntbth_117\" href=\"https:\/\/www.vg.no\/forfatter\/ntb\" style=\"z-index:1\" title=\"NTB\" rel=\"nofollow noopener\" target=\"_blank\"><img alt=\"Bilde av NTB\" class=\"_image_ntbth_93\" fetchpriority=\"low\" loading=\"lazy\" decoding=\"async\" itemprop=\"image\"  src=\"https:\/\/www.europesays.com\/no\/wp-content\/uploads\/2026\/01\/1767878828_532_c33980b0-5d07-4027-84a1-813f90a7c8d6.png\"  width=\"480\"\/><\/a><\/li>\n<\/ul>\n<p> Oppdatert torsdag 8. januar kl. 13:47     <\/p>\n<p class=\"_paragraph_o9xde_4 _paragraph_xtcu6_10 layout-component text-serif-m layout-normal text-serif-m layout-padded\"> Det er <a href=\"https:\/\/x.com\/SkySportsNews\/status\/2009237273909342428\" class=\"_link_o9xde_39\" rel=\"nofollow\">Sky Sports<\/a> som torsdag hevder \u00e5 ha kilder p\u00e5 innholdet i diskusjonene som p\u00e5g\u00e5r p\u00e5 Old Trafford rundt managerjobben i United.<\/p>\n<p class=\"_paragraph_o9xde_4 _paragraph_xtcu6_10 layout-component text-serif-m layout-normal text-serif-m layout-padded\">Britiske medier har de siste dagene meldt at <a href=\"https:\/\/www.vg.no\/tag\/ole-gunnar-solskjaer?utm_source=vg-article&amp;utm_medium=auto-tagger&amp;utm_campaign=zOGR1q\" class=\"_link_o9xde_39\" rel=\"nofollow noopener\" target=\"_blank\">Ole Gunnar Solskj\u00e6r<\/a> og Michael Carrick er brennhete navn i den p\u00e5g\u00e5ende managerjakten. Det har ogs\u00e5 v\u00e6rt mer enn antydet at de to kunne l\u00f8se oppgaven sammen.<\/p>\n<p class=\"_paragraph_o9xde_4 _paragraph_xtcu6_10 layout-component text-serif-m layout-normal text-serif-m layout-padded\">Torsdag melder Sky Sports at det siste virker stadig mer og mer usannsynlig.<\/p>\n<p class=\"_paragraph_o9xde_4 _paragraph_xtcu6_10 layout-component text-serif-m layout-normal text-serif-m layout-padded\">Solskj\u00e6r og Carrick skal begge fortsatt v\u00e6re med i planene til United, men if\u00f8lge kanalen kan det ende med at klubben velger \u00e9n av dem, ikke begge.<\/p>\n<p>   Ingen hast<\/p>\n<p class=\"_paragraph_o9xde_4 _paragraph_xtcu6_10 layout-component text-serif-m layout-normal text-serif-m layout-padded\">\u00c5rsaken til dette skal v\u00e6re at United-ledelsen mener at b\u00e5de Solskj\u00e6r og Carrick egner seg best som hovedtrener, ikke assistent for den andre.<\/p>\n<p class=\"_paragraph_o9xde_4 _paragraph_xtcu6_10 layout-component text-serif-m layout-normal text-serif-m layout-padded\">Samtidig meldes det at sjefene p\u00e5 Old Trafford har v\u00e6rt imponert over inntredenen til Darren Fletcher, mannen som har hatt ansvaret for \u00e5 lede laget de siste dagene. Det gj\u00f8r angivelig at man kan ha en viss t\u00e5lmodighet i den \u00f8vrige prosessen.<\/p>\n<p class=\"_paragraph_o9xde_4 _paragraph_xtcu6_10 layout-component text-serif-m layout-normal text-serif-m layout-padded\">Etter Sky Sports opplysninger er det lite sannsynlig at en ny og midlertidig managerl\u00f8sning vil v\u00e6re p\u00e5 plass foran helgens FA-cupm\u00f8te med Brighton.<\/p>\n<p class=\"_paragraph_o9xde_4 _paragraph_xtcu6_10 layout-component text-serif-m layout-normal text-serif-m layout-padded\">Viktigere er det angivelig \u00e5 ha p\u00e5 plass en ny sjef til m\u00f8tet med Manchester City neste helg.<\/p>\n<p class=\"_paragraph_o9xde_4 _paragraph_xtcu6_10 layout-component text-serif-m layout-normal text-serif-m layout-padded\">Ole Gunnar Solskj\u00e6r fikk sparken som United-manager i november 2021 etter en tung h\u00f8st. Sesongen f\u00f8r ledet han klubben til 2.-plass i Premier League, og optimismen var stor da Cristiano Ronaldo ble hentet i overgangsvinduet som fulgte.<\/p>\n<p>   Ingen trofeer<\/p>\n<p class=\"_paragraph_o9xde_4 _paragraph_xtcu6_10 layout-component text-serif-m layout-normal text-serif-m layout-padded\">Satsingen ga ikke Manchester United det siste l\u00f8ftet fansen h\u00e5pet p\u00e5. Klubben venter fortsatt p\u00e5 sin f\u00f8rste Premier League-tittel siden Alex Ferguson ga seg i 2013.<\/p>\n<p class=\"_paragraph_o9xde_4 _paragraph_xtcu6_10 layout-component text-serif-m layout-normal text-serif-m layout-padded\">I alt fikk Solskj\u00e6r 969 dager i sjefsstolen p\u00e5 Old Trafford. Ingen har hatt jobben lenger av managerne som har kommet etter Ferguson. Nordm\u00f8ringen tok midlertidig over da Jos\u00e9 Mourinho ble fjernet i desember 2018.<\/p>\n<p class=\"_paragraph_o9xde_4 _paragraph_xtcu6_10 layout-component text-serif-m layout-normal text-serif-m layout-padded\">United vant ingen trofeer under Solskj\u00e6r, og mot slutten ble det brukt mot ham i britiske medier. N\u00e6rmest s\u00f8lvt\u00f8y var han i finaletapet for Villarreal p\u00e5 straffespark i europaligaen v\u00e5ren 2021.<\/p>\n","protected":false},"excerpt":{"rendered":"Sjansen for at Ole Gunnar Solskj\u00e6r og Michael Carrick sammen leder Manchester United ut innev\u00e6rende sesong skal v\u00e6re&hellip;\n","protected":false},"author":2,"featured_media":132084,"comment_status":"","ping_status":"","sticky":false,"template":"","format":"standard","meta":{"footnotes":""},"categories":[59],"tags":[158,30,28,29,505,161,83,82],"class_list":{"0":"post-132083","1":"post","2":"type-post","3":"status-publish","4":"format-standard","5":"has-post-thumbnail","7":"category-sport","8":"tag-manchester-united","9":"tag-no","10":"tag-norge","11":"tag-norway","12":"tag-ole-gunnar-solskjaer","13":"tag-premier-league","14":"tag-sport","15":"tag-sports"},"share_on_mastodon":{"url":"https:\/\/pubeurope.com\/@no\/115859714412732771","error":""},"_links":{"self":[{"href":"https:\/\/www.europesays.com\/no\/wp-json\/wp\/v2\/posts\/132083","targetHints":{"allow":["GET"]}}],"collection":[{"href":"https:\/\/www.europesays.com\/no\/wp-json\/wp\/v2\/posts"}],"about":[{"href":"https:\/\/www.europesays.com\/no\/wp-json\/wp\/v2\/types\/post"}],"author":[{"embeddable":true,"href":"https:\/\/www.europesays.com\/no\/wp-json\/wp\/v2\/users\/2"}],"replies":[{"embeddable":true,"href":"https:\/\/www.europesays.com\/no\/wp-json\/wp\/v2\/comments?post=132083"}],"version-history":[{"count":0,"href":"https:\/\/www.europesays.com\/no\/wp-json\/wp\/v2\/posts\/132083\/revisions"}],"wp:featuredmedia":[{"embeddable":true,"href":"https:\/\/www.europesays.com\/no\/wp-json\/wp\/v2\/media\/132084"}],"wp:attachment":[{"href":"https:\/\/www.europesays.com\/no\/wp-json\/wp\/v2\/media?parent=132083"}],"wp:term":[{"taxonomy":"category","embeddable":true,"href":"https:\/\/www.europesays.com\/no\/wp-json\/wp\/v2\/categories?post=132083"},{"taxonomy":"post_tag","embeddable":true,"href":"https:\/\/www.europesays.com\/no\/wp-json\/wp\/v2\/tags?post=132083"}],"curies":[{"name":"wp","href":"https:\/\/api.w.org\/{rel}","templated":true}]}}