{"id":132085,"date":"2026-01-08T13:32:10","date_gmt":"2026-01-08T13:32:10","guid":{"rendered":"https:\/\/www.europesays.com\/no\/132085\/"},"modified":"2026-01-08T13:32:10","modified_gmt":"2026-01-08T13:32:10","slug":"ber-om-hjelp-tror-drapssiktede-gikk-her","status":"publish","type":"post","link":"https:\/\/www.europesays.com\/no\/132085\/","title":{"rendered":"Ber om hjelp: Tror drapssiktede gikk her"},"content":{"rendered":"<p>    Politiet ber om hjelp til \u00e5 spore den drapssiktede mannens bevegelser. Frigir bilde av hunden hans.\u00a0<\/p>\n<p>\n    ETTERFORSKER DRAP: Politiet iverksatte drapsetterforskning etter at en kvinne ble funnet d\u00f8d i Kirken\u00e6r i Grue i romjula. Foto: Morten Risberg \/ Dagbladet\n  <\/p>\n<p>Politiet har gjennomf\u00f8rt avh\u00f8r av mannen som er <a href=\"https:\/\/www.dagbladet.no\/nyheter\/may-torill-eriksen-48-funnet-dod-samboeren-pagrepet\/84034752\" rel=\"nofollow noopener\" target=\"_blank\">siktet for drapet p\u00e5 May Torill Eriksen (48) <\/a>i Kirken\u00e6r i Grue. Mannen var etterlyst for drapet i noen dager, f\u00f8r han ble p\u00e5grepet 30. desember p\u00e5 vestkanten i Oslo.\u00a0<\/p>\n<p>&#8211; Vi antar at siktede har beveget seg til Oslo med kollektivtransport, men det er fortsatt flere detaljer som ikke er avklart om dette, b\u00e5de n\u00e5r det gjelder tidspunkt og ruten han har beveget seg langs, sier politiinspekt\u00f8r Henning Klauseie til Dagbladet.\u00a0<\/p>\n<p>Oslo-politiet gjenkjente siktede fra politiet i Innlandets etterlysning og igangsatte en p\u00e5gripelse etter avtale.<\/p>\n<p>&#8211; Siktede er avh\u00f8rt i g\u00e5r, men avh\u00f8ret er ikke ferdigstilt. Det vil v\u00e6re behov for ytterligere avtaler om avh\u00f8ret da g\u00e5rsdagens avh\u00f8r var et innledende avh\u00f8r, sier Klauseie.\u00a0<\/p>\n<p>    <a itemprop=\"url\" href=\"https:\/\/www.dagbladet.no\/nyheter\/may-torill-eriksen-48-funnet-dod-samboeren-pagrepet\/84034752\" rel=\"nofollow noopener\" target=\"_blank\"><\/p>\n<p>        <img loading=\"lazy\" decoding=\"async\" src=\"https:\/\/www.europesays.com\/no\/wp-content\/uploads\/2026\/01\/1767879128_50_84034758.webp.webp\" width=\"980\" height=\"441\" title=\"May Torill Eriksen (48) funnet d\u00f8d - samboeren p\u00e5grepet\" alt=\"\" class=\"lazyload\" style=\"--aspect-ratio-image: 2.22; \"\/><\/p>\n<p>        May Torill Eriksen (48) funnet d\u00f8d &#8211; samboeren p\u00e5grepet<\/p>\n<p>    <\/a><\/p>\n<p>Trolig g\u00e5tt langs veien\t<\/p>\n<p>Politiet ber hjelp fra personer som har befunnet seg p\u00e5 Kirken\u00e6r dersom de har overv\u00e5king, bilder eller film fra biler, ringeklokker eller annen overv\u00e5king.<\/p>\n<p>        <img loading=\"lazy\" decoding=\"async\" src=\"https:\/\/www.europesays.com\/no\/wp-content\/uploads\/2026\/01\/84072750.webp.webp\" width=\"980\" height=\"559\" title=\"FRIGIR BILDE: Politiet frigir bilde av hunden. Foto: Politiet\" alt=\"\" class=\"\" style=\"--aspect-ratio-image: 1.75; \"\/><\/p>\n<p>\n        FRIGIR BILDE: Politiet frigir bilde av hunden. Foto: Politiet\n    <\/p>\n<p>De beskriver siktede som en gr\u00e5h\u00e5ret mann p\u00e5 60 \u00e5r. Han gikk trolig med hunden sin, som beskrives av politiet med hvite poter og hvitt ansikt.\u00a0<\/p>\n<p>&#8211; Politiet antar at siktede har g\u00e5tt langs Sol\u00f8rvegen\/Riksveg 2 s\u00f8rover til Grue R\u00e5dhus, ned til Finnskogvegen. Nordover har han sannsynligvis g\u00e5tt enten Meierivegen eller Bruksvegen til Kornsiloen. Videre har han g\u00e5tt Jernbanevegen til Skaslien gjestgiveri og deretter Sol\u00f8rvegen\/rv2 s\u00f8rover igjen, forklarer Klauseie.\u00a0<\/p>\n<p>    <a itemprop=\"url\" href=\"https:\/\/www.dagbladet.no\/nyheter\/ufattelig-trist\/84037832\" rel=\"nofollow noopener\" target=\"_blank\"><\/p>\n<p>        <img loading=\"lazy\" decoding=\"async\" src=\"https:\/\/www.europesays.com\/no\/wp-content\/uploads\/2026\/01\/84037900.webp.webp\" width=\"980\" height=\"441\" title=\"- Ufattelig trist\" alt=\"\" class=\"lazyload\" style=\"--aspect-ratio-image: 2.22; \"\/><\/p>\n<p>        &#8211; Ufattelig trist<\/p>\n<p>    <\/a><\/p>\n<p>L\u00f8slatt\t<\/p>\n<p>Tidsrommet som er aktuelt er fra 23.12.25 kl. 17:00 \u2013 24.12.25 kl. 13:00, opplyser politiet &#8211; og ber om \u00e5 f\u00e5 eventuelle tips p\u00e5 telefon 940 16 555.<\/p>\n<p>Da den siktede ble p\u00e5grepet i en leilighet i Oslo, ble to menn som han var sammen med, tatt med inn til politihuset p\u00e5 Gr\u00f8nland.\u00a0<\/p>\n<p>&#8211; De er begge l\u00f8slatt etter avh\u00f8r. Ingen av dem er mistenkt for noe med selve drapssaken \u00e5 gj\u00f8re, sier Klauseie.<\/p>\n<p>Dagbladet har bedt forsvarer John Christian Elden om en kommentar, men ikke f\u00e5tt svar forel\u00f8pig.<\/p>\n<p>Politiet har bekreftet at den siktede mannen er domfelt tidligere, blant annet for vold. I\u00a02005 ble han d\u00f8mt til fem og et halvt \u00e5rs fengsel for grov legemsbeskadigelse. Han var ogs\u00e5 siktet for kroppskrenkelse mot den avd\u00f8de kvinnen i 2021, og ilagt bes\u00f8ksforbud. Saken ble henlagt p\u00e5 bevisets stilling.\u00a0<\/p>\n","protected":false},"excerpt":{"rendered":"Politiet ber om hjelp til \u00e5 spore den drapssiktede mannens bevegelser. Frigir bilde av hunden hans.\u00a0 ETTERFORSKER DRAP:&hellip;\n","protected":false},"author":2,"featured_media":132086,"comment_status":"","ping_status":"","sticky":false,"template":"","format":"standard","meta":{"footnotes":""},"categories":[10],"tags":[20,21,24,25,15,2539,22,23,13,30,28,29,14,16,26,27],"class_list":{"0":"post-132085","1":"post","2":"type-post","3":"status-publish","4":"format-standard","5":"has-post-thumbnail","7":"category-norge","8":"tag-breaking-news","9":"tag-breakingnews","10":"tag-featured-news","11":"tag-featurednews","12":"tag-headlines","13":"tag-innenriks","14":"tag-latest-news","15":"tag-latestnews","16":"tag-news","17":"tag-no","18":"tag-norge","19":"tag-norway","20":"tag-nyheter","21":"tag-overskrifter","22":"tag-top-stories","23":"tag-topstories"},"share_on_mastodon":{"url":"https:\/\/pubeurope.com\/@no\/115859734174106961","error":""},"_links":{"self":[{"href":"https:\/\/www.europesays.com\/no\/wp-json\/wp\/v2\/posts\/132085","targetHints":{"allow":["GET"]}}],"collection":[{"href":"https:\/\/www.europesays.com\/no\/wp-json\/wp\/v2\/posts"}],"about":[{"href":"https:\/\/www.europesays.com\/no\/wp-json\/wp\/v2\/types\/post"}],"author":[{"embeddable":true,"href":"https:\/\/www.europesays.com\/no\/wp-json\/wp\/v2\/users\/2"}],"replies":[{"embeddable":true,"href":"https:\/\/www.europesays.com\/no\/wp-json\/wp\/v2\/comments?post=132085"}],"version-history":[{"count":0,"href":"https:\/\/www.europesays.com\/no\/wp-json\/wp\/v2\/posts\/132085\/revisions"}],"wp:featuredmedia":[{"embeddable":true,"href":"https:\/\/www.europesays.com\/no\/wp-json\/wp\/v2\/media\/132086"}],"wp:attachment":[{"href":"https:\/\/www.europesays.com\/no\/wp-json\/wp\/v2\/media?parent=132085"}],"wp:term":[{"taxonomy":"category","embeddable":true,"href":"https:\/\/www.europesays.com\/no\/wp-json\/wp\/v2\/categories?post=132085"},{"taxonomy":"post_tag","embeddable":true,"href":"https:\/\/www.europesays.com\/no\/wp-json\/wp\/v2\/tags?post=132085"}],"curies":[{"name":"wp","href":"https:\/\/api.w.org\/{rel}","templated":true}]}}