{"id":132087,"date":"2026-01-08T13:33:09","date_gmt":"2026-01-08T13:33:09","guid":{"rendered":"https:\/\/www.europesays.com\/no\/132087\/"},"modified":"2026-01-08T13:33:09","modified_gmt":"2026-01-08T13:33:09","slug":"det-er-bare-forvirrende-nrk-rogaland-lokale-nyheter-tv-og-radio","status":"publish","type":"post","link":"https:\/\/www.europesays.com\/no\/132087\/","title":{"rendered":"\u2013 Det er bare forvirrende \u2013 NRK Rogaland \u2013 Lokale nyheter, TV og radio"},"content":{"rendered":"<p>Saken oppsummert:<\/p>\n<ul>\n<li>Frp og KrF kritiserer Bufdirs nye veileder om kj\u00f8nnsmangfold og \u00f8nsker \u00e5 skrinlegge den, med begrunnelse i ideologisk uenighet og ressursbruk.<\/li>\n<li>Veilederen gir r\u00e5d til offentlig ansatte om hvordan de kan m\u00f8te transpersoner og ikke-bin\u00e6re med respekt, blant annet gjennom bruk av riktige navn og kj\u00f8nnsn\u00f8ytralt spr\u00e5k.<\/li>\n<li>P\u00e5l Morten Borgli (Frp) mener veilederen er et un\u00f8dvendig prosjekt som koster for mye og skaper forvirring i samfunnet.<\/li>\n<li>Bufdir forsvarer veilederen som et n\u00f8dvendig verkt\u00f8y for \u00e5 redusere diskriminering og m\u00f8te en s\u00e5rbar gruppe med respekt.<\/li>\n<li>KrF har fremmet et forslag om \u00e5 stanse veilederen, mens Arbeiderpartiet mener den er viktig for \u00e5 st\u00f8tte barn og unge som f\u00f8ler seg utenfor.<\/li>\n<li>Veilederen er fortsatt under revisjon etter \u00e5 ha mottatt rundt 100 h\u00f8ringssvar, og oppdaterte r\u00e5d forventes v\u00e5ren 2026.<\/li>\n<\/ul>\n<p>\u2013 Vi m\u00e5 kunne si mor og far, Martin og Martine, og hun og han.<\/p>\n<p>Stortingsrepresentant P\u00e5l Morten Borgli (Frp) g\u00e5r hardt ut mot myndighetene sine nye r\u00e5d om hvordan offentlig ansatte skal m\u00f8te kj\u00f8nnsmangfold.<\/p>\n<p>I et <a href=\"https:\/\/www.aftenbladet.no\/meninger\/debatt\/i\/0pnk40\/naar-staten-mister-bakkekontakten-om-kjoenn\" ec-id=\"https:\/\/www.aftenbladet.no\/meninger\/debatt\/i\/0pnk40\/naar-staten-mister-bakkekontakten-om-kjoenn\" ec-name=\"debattinnlegg\" rel=\"nofollow noopener\" target=\"_blank\">debattinnlegg<\/a> kaller han veilederen et \u00abideologisk prosjekt\u00bb som setter ansatte i en umulig situasjon (ekstern lenke).<\/p>\n<p>\u2013 Vi kan ikke f\u00f8le oss vekk fra virkeligheten eller endre samfunnet fra den harde sannheten om at det kun er to kj\u00f8nn, sier han til NRK.<\/p>\n<p><a href=\"https:\/\/www.bufdir.no\/fagstotte\/produkter\/kjonnsmangfold--faglige-rad-for-offentlig-ansatte\/\" ec-id=\"https:\/\/www.bufdir.no\/fagstotte\/produkter\/kjonnsmangfold--faglige-rad-for-offentlig-ansatte\/\" ec-name=\"R\u00e5dene han uttaler seg om er utarbeidet av Bufdir\" rel=\"nofollow noopener\" target=\"_blank\">R\u00e5dene han uttaler seg om er utarbeidet av Bufdir<\/a> (Barne-, ungdoms- og familiedirektoratet) p\u00e5 oppdrag fra Kultur- og likestillingsdepartementet (ekstern lenke).<\/p>\n<p>M\u00e5let er \u00e5 gi ansatte i hele den offentlige sektoren (fra barnehage til NAV) verkt\u00f8y for \u00e5 m\u00f8te transpersoner og ikke-bin\u00e6re med respekt og forhindre diskriminering.<\/p>\n<ul>\n<li><strong>Navn og pronomen: <\/strong>Ansatte r\u00e5des til \u00e5 sp\u00f8rre hva personen \u00f8nsker \u00e5 bli kalt, og \u00e5 bruke det konsekvent.<\/li>\n<li><strong>Situasjonsavhengig navn:<\/strong> Hvis et barn bruker et annet navn enn det som er registrert, men ikke er \u00abute\u00bb overfor foreldrene, r\u00e5des ansatte til \u00e5 bruke barnets foretrukne navn p\u00e5 skolen, men det juridiske navnet i m\u00f8te med foreldrene.<\/li>\n<li><strong>Kj\u00f8nnsn\u00f8ytralt spr\u00e5k:<\/strong> Det foresl\u00e5s \u00e5 bruke ord som \u00abbarnet\u00bb, \u00abeleven\u00bb eller \u00abforesatte\u00bb fremfor \u00abgutt\/jente\u00bb eller \u00abmor\/far\u00bb der det er naturlig for \u00e5 v\u00e6re inkluderende.<\/li>\n<li><strong>Garderobe:<\/strong> R\u00e5d om \u00e5 v\u00e6re fleksibel og finne l\u00f8sninger for de som ikke f\u00f8ler seg hjemme i tradisjonelle kj\u00f8nnsdelte garderober.<\/li>\n<\/ul>\n<p>\u2013 Det er bare forvirrende n\u00e5r det blir lagt ned forbud mot ord vi har lov \u00e5 bruke, og det f\u00f8rer til at folk kjenner seg mindre igjen i det offentlige tilbudet, sier Borgli.<\/p>\n<p>\u2013 Men hvis en elev faktisk opplever det som traumatiserende, er det ikke da riktig \u00e5 ta hensyn?<\/p>\n<p>\u2013 Det er helsepersonell som skal hjelpe unge mennesker med dette. Hvis en elev f\u00f8ler seg traumatisert av \u00e5 bli kalt \u00abhan\u00bb, m\u00e5 fagfolk ta noen gode prater og h\u00e5ndtere det derfra, svarer han.<\/p>\n<p><img decoding=\"async\"   src=\"data:image\/gif;base64,R0lGODlhAQABAIAAAAAAAP\/\/\/yH5BAEAAAAALAAAAAABAAEAAAIBRAA7\" loading=\"eager\" alt=\"Vanligvis bruker Borgli slips som ligger klart, ferdig knyttet p\u00e5 jobb, men i dag er det valgdag og da m\u00e5 finslipset p\u00e5.\" title=\"Foto: \u00d8ystein Otterdal \/ \u00d8ystein Otterdal\"\/><\/p>\n<p class=\"\">Borgli i Frp mener staten heller m\u00e5 bruke tid og penger p\u00e5 \u00e5 f\u00e5 flere ut i jobb. <\/p>\n<p>Foto: \u00d8ystein Otterdal \/ \u00d8ystein Otterdal<\/p>\n<p>Mener det handler om ressursbruk<\/p>\n<p>Borgli reagerer sterkest p\u00e5 at det offentlige bruker tid og ressurser p\u00e5 veilederen.<\/p>\n<p>Han mener staten bruker enorme ressurser p\u00e5 \u00e5 endre det norske spr\u00e5ket gjennom nye r\u00e5d og anbefalinger.<\/p>\n<p>\u2013 Hvorfor skal vi bruke tid og ressurser p\u00e5 noe som ikke er et problem i en tid der vi mangler hender?<\/p>\n<p><strong>Den \u00f8konomiske rammen p\u00e5 prosjektet er om lag 1 million kroner, if\u00f8lge Bufdir. <\/strong>Midlene g\u00e5r blant annet med til \u00e5 utvikle et e-l\u00e6ringskurs som er ment \u00e5 gj\u00f8re det enklere \u00e5 forst\u00e5 og ta r\u00e5dene i bruk.<\/p>\n<p><strong>\u2013 La meg v\u00e6re helt klar, vi gir ingen generell anbefaling om \u00e5 slutte \u00e5 bruke begreper som \u00abgutt\u00bb og \u00abjente\u00bb. Dette er vanlige og i mange sammenhenger naturlige betegnelser, sier avdelingsdirekt\u00f8r Anna Bj\u00f8rshol i Bufdir. <\/strong><\/p>\n<p>Oppdatering til v\u00e5ren<\/p>\n<p>Bj\u00f8rshol i Bufdir sier det er bra at de har f\u00e5tt innspill p\u00e5 hvordan r\u00e5dene oppleves og forst\u00e5s. <\/p>\n<p>\u2013 Vi har mottatt rundt 100 h\u00f8ringssvar som vi jobber videre med, og s\u00e5 kommer vi tilbake med reviderte r\u00e5d i l\u00f8pet av v\u00e5ren. \u202f\u202f\u202f<\/p>\n<p>Bj\u00f8rshol forklarer at de har f\u00e5tt tilbakemeldinger om at mange blir usikre i m\u00f8te med transpersoner og andre som bryter med normer og forventninger til kj\u00f8nn. <\/p>\n<p>\u2013 Transpersoner er den gruppen av skeive i Norge som er mest utsatt for diskriminering, vold og psykisk uhelse. Offentlige tjenester har et s\u00e6rlig ansvar for \u00e5 m\u00f8te alle brukere p\u00e5 en respektfull og likeverdig m\u00e5te, sier hun. <\/p>\n<p><img decoding=\"async\"   src=\"data:image\/gif;base64,R0lGODlhAQABAIAAAAAAAP\/\/\/yH5BAEAAAAALAAAAAABAAEAAAIBRAA7\" loading=\"eager\" alt=\"kvinne i dress\" title=\"Foto: Marius Viken \/ Bufdir\"\/><\/p>\n<p class=\"\">Anna Bj\u00f8rshol i Bufdir minner om at veilederen kun er en anbefaling. <\/p>\n<p>Foto: Marius Viken \/ Bufdir<\/p>\n<p>Foresl\u00e5r \u00e5 skrinlegge alt<\/p>\n<p>KrF har fremmet et representantforslag som gj\u00f8r at Stortinget n\u00e5 m\u00e5 ta stilling til Bufdirs veileder om m\u00f8ter med kj\u00f8nnsmangfold.<\/p>\n<p>M\u00e5let til KrF er \u00e5 f\u00e5 regjeringen til \u00e5 skrinlegge forslaget f\u00f8r det tas i bruk.<\/p>\n<p><strong>\u2013 Jeg mener r\u00e5dene fra Bufdir er veldig arrogante. Her virker det som aktivisme har blitt viktigere enn sunn fornuft. R\u00e5dene bidrar bare til \u00f8kt forvirring for barn og unge, ikke trygghet, sier stortingsrepresentant Jonas Andersen Sayed i KrF.<\/strong><\/p>\n<p><img decoding=\"async\"   src=\"data:image\/gif;base64,R0lGODlhAQABAIAAAAAAAP\/\/\/yH5BAEAAAAALAAAAAABAAEAAAIBRAA7\" loading=\"eager\" alt=\"Valgnatt Jonas Andersen Sayed\" title=\"Foto: Johan Mihle Laugaland \/ NRK\"\/><\/p>\n<p class=\"\">Stortingsrepresentant Jonas Andersen Sayed (KrF) h\u00e5per p\u00e5 flertall i deres forslag som g\u00e5r ut p\u00e5 \u00e5 stanse hele veilederen fra Bufdir. <\/p>\n<p>Foto: Johan Mihle Laugaland \/ NRK<\/p>\n<p>Borgli i Frp bekrefter at partiet vil diskutere forslaget i sitt neste gruppem\u00f8te. Han antyder at det er stor vilje innad i partiet for \u00e5 stemme for en stans av r\u00e5dene.<\/p>\n<p><strong>If\u00f8lge <a href=\"https:\/\/www.vl.no\/nyheter\/kjonnsveileder-kan-mote-veggen-i-stortinget\/10134905\" ec-id=\"https:\/\/www.vl.no\/nyheter\/kjonnsveileder-kan-mote-veggen-i-stortinget\/10134905\" ec-name=\"V\u00e5rt Land\" rel=\"nofollow noopener\" target=\"_blank\">V\u00e5rt Land<\/a> er forslaget til KrF \u00abfarlig n\u00e6r\u00bb et flertall.<\/strong><\/p>\n<p>Forst\u00e5r debatten \u2013 men refser Frp og KrF<\/p>\n<p>Bente Estil (Ap) er leder i Familie- og kulturkomiteen som etter hvert skal behandle forslaget. Hun sier veilederen er laget fordi mange har etterspurt r\u00e5d om hvordan man kan h\u00e5ndtere situasjoner som oppleves vanskelige.<\/p>\n<p>\u2013 Vi m\u00e5 huske at dette f\u00f8rst og fremst handler om barn og unge som f\u00f8ler seg utenfor. \u00c5 anerkjenne en liten og s\u00e5rbar gruppe \u00f8delegger ingenting for oss andre, sier Estil.<\/p>\n<p><img decoding=\"async\"   src=\"data:image\/gif;base64,R0lGODlhAQABAIAAAAAAAP\/\/\/yH5BAEAAAAALAAAAAABAAEAAAIBRAA7\" loading=\"eager\" alt=\"En person med b\u00f8lgete, lyst h\u00e5r st\u00e5r i en korridor if\u00f8rt en r\u00f8d genser. Bakgrunnen viser en moderne innredning med d\u00f8rer og dempet belysning. Milj\u00f8et har en urban stil, med trevegger og kunstneriske elementer. Det er ingen andre personer synlige i bildet. (Bildebeskrivelsen er laget av en KI-tjeneste)\" title=\"Foto: Bjarte M. Johannesen \/ NRK\"\/><\/p>\n<p class=\"\">Bente Estil, leder i Familie- og kulturkomiteen, minner om at de nye r\u00e5dene ikke plikter de offentlige ansatte noe som helst, men at det kun er ment som en veileder. <\/p>\n<p>Foto: Bjarte M. Johannesen \/ NRK<\/p>\n<p>Hun forst\u00e5r likevel at forslaget skaper debatt.<\/p>\n<p><strong>\u2013 Jeg savner fra Frp og KrF et st\u00f8rre fokus p\u00e5 barna som sitter bakerst i klasserommet og f\u00f8ler at de ikke passer inn. \u00c5 gi offentlige ansatte kunnskap og verkt\u00f8y til \u00e5 m\u00f8te disse barna p\u00e5 en god m\u00e5te er viktig for Arbeiderpartiet.<\/strong><\/p>\n<p>Av den grunn sier hun partiet ikke vil v\u00e6re med p\u00e5 KrF sitt forslag om \u00e5 skrinlegge de faglige r\u00e5dene som Bufdir har hatt p\u00e5 h\u00f8ring.<\/p>\n<p>Votering av forslaget til KrF vil skje f\u00f8r p\u00e5ske.<\/p>\n<p>Publisert<\/p>\n<p>08.01.2026, kl. 13.30<\/p>\n","protected":false},"excerpt":{"rendered":"Saken oppsummert: Frp og KrF kritiserer Bufdirs nye veileder om kj\u00f8nnsmangfold og \u00f8nsker \u00e5 skrinlegge den, med begrunnelse&hellip;\n","protected":false},"author":2,"featured_media":132088,"comment_status":"","ping_status":"","sticky":false,"template":"","format":"standard","meta":{"footnotes":""},"categories":[5],"tags":[20,21,24,25,15,19,22,23,17,18,13,30,28,29,14,16,26,27],"class_list":{"0":"post-132087","1":"post","2":"type-post","3":"status-publish","4":"format-standard","5":"has-post-thumbnail","7":"category-overskrifter","8":"tag-breaking-news","9":"tag-breakingnews","10":"tag-featured-news","11":"tag-featurednews","12":"tag-headlines","13":"tag-hovedoppslag","14":"tag-latest-news","15":"tag-latestnews","16":"tag-main-news","17":"tag-mainnews","18":"tag-news","19":"tag-no","20":"tag-norge","21":"tag-norway","22":"tag-nyheter","23":"tag-overskrifter","24":"tag-top-stories","25":"tag-topstories"},"share_on_mastodon":{"url":"https:\/\/pubeurope.com\/@no\/115859738168709046","error":""},"_links":{"self":[{"href":"https:\/\/www.europesays.com\/no\/wp-json\/wp\/v2\/posts\/132087","targetHints":{"allow":["GET"]}}],"collection":[{"href":"https:\/\/www.europesays.com\/no\/wp-json\/wp\/v2\/posts"}],"about":[{"href":"https:\/\/www.europesays.com\/no\/wp-json\/wp\/v2\/types\/post"}],"author":[{"embeddable":true,"href":"https:\/\/www.europesays.com\/no\/wp-json\/wp\/v2\/users\/2"}],"replies":[{"embeddable":true,"href":"https:\/\/www.europesays.com\/no\/wp-json\/wp\/v2\/comments?post=132087"}],"version-history":[{"count":0,"href":"https:\/\/www.europesays.com\/no\/wp-json\/wp\/v2\/posts\/132087\/revisions"}],"wp:featuredmedia":[{"embeddable":true,"href":"https:\/\/www.europesays.com\/no\/wp-json\/wp\/v2\/media\/132088"}],"wp:attachment":[{"href":"https:\/\/www.europesays.com\/no\/wp-json\/wp\/v2\/media?parent=132087"}],"wp:term":[{"taxonomy":"category","embeddable":true,"href":"https:\/\/www.europesays.com\/no\/wp-json\/wp\/v2\/categories?post=132087"},{"taxonomy":"post_tag","embeddable":true,"href":"https:\/\/www.europesays.com\/no\/wp-json\/wp\/v2\/tags?post=132087"}],"curies":[{"name":"wp","href":"https:\/\/api.w.org\/{rel}","templated":true}]}}