{"id":132089,"date":"2026-01-08T13:34:27","date_gmt":"2026-01-08T13:34:27","guid":{"rendered":"https:\/\/www.europesays.com\/no\/132089\/"},"modified":"2026-01-08T13:34:27","modified_gmt":"2026-01-08T13:34:27","slug":"erling-braut-haaland-manchester-city-26","status":"publish","type":"post","link":"https:\/\/www.europesays.com\/no\/132089\/","title":{"rendered":"Erling Braut Haaland, Manchester City"},"content":{"rendered":"\n<p><b><a href=\"https:\/\/live.nettavisen.no\/fotball\/1\/2026-01-07\/kamp\/2636458\" rel=\"Follow nofollow noopener\" target=\"_blank\">MANCHESTER CITY-BRIGHTON 1\u20131<\/a><\/b><\/p>\n<p>Erling Haaland scoret sitt 150. m\u00e5l for Manchester City p\u00e5 en straffe f\u00f8r pause mot Brighton. Det var nordmannens f\u00f8rste scoring p\u00e5 fire kamper.<\/p>\n<p>En uvanlig lang \u00abm\u00e5lt\u00f8rke\u00bb for Haaland.<\/p>\n<p>Men kvelden ble til slutt en skuffelse siden Brighton utlignet en halvtime f\u00f8r slutt og fikk med seg et sterkt bortepoeng.<\/p>\n<p><b>Les ogs\u00e5: <a href=\"https:\/\/www.nettavisen.no\/sport\/manchester-united-fansen-hyllet-solskjar\/s\/5-95-2813258\" rel=\"Follow nofollow noopener\" target=\"_blank\">Manchester United-fansen synger om Solskj\u00e6r<\/a><\/b><\/p>\n<p>   <img decoding=\"async\" width=\"5456\" height=\"3640\" fetchpriority=\"low\"  loading=\"lazy\"  src=\"https:\/\/www.europesays.com\/no\/wp-content\/uploads\/2026\/01\/GettyImages-2254507591.jpg\" alt=\"Manchester City's Erling Haaland celebrates scoring their side's first goal of the game during the Premier League match at Etihad Stadium, Manchester. Picture date: Wednesday January 7, 2026. (Photo by Mike Egerton\/PA Images via Getty Images)\" class=\"brick-c-cFOWSL\" style=\"--brick-image-ratio: 5456 \/ 3640;\"\/><\/p>\n<p>      KUNNE JUBLE IGJEN: Erling Haaland fant nettmaskene igjen.<br \/>\n      Foto: Mike Egerton &#8211; PA Images\n    <\/p>\n<p>Kampen var til tider preget av flere t\u00f8ffe dueller og Haaland havnet i klinsj med Van Hecke allerede f\u00f8r pause.<\/p>\n<p>\u2013 Det ble hett mellom dem i en kamp for ett \u00e5r siden, og denne duellen blir varm igjen i kveld. Det er en duell som denne kampen trenger, skriver Sky Sports i sin dekning.<\/p>\n<p>   <img decoding=\"async\" width=\"1396\" height=\"1016\" fetchpriority=\"low\"  loading=\"lazy\"  src=\"https:\/\/www.europesays.com\/no\/wp-content\/uploads\/2026\/01\/haaland.jpg\" alt=\"\" class=\"brick-c-cFOWSL\" style=\"--brick-image-ratio: 1396 \/ 1016;\"\/><\/p>\n<p>      T\u00d8FFE TAK: For Haaland.<br \/>\n      Foto: Skjermdump\n    <\/p>\n<p>I andre omgang utlignet Kaoru Mitoma for gjestene.<\/p>\n<p>Ti minutter f\u00f8r slutt fikk Haaland en gigantisk sjanse inne i boksen etter rot i Brighton-forsvaret, men avslutningen fra spissen gikk rett i hj\u00f8rnet hvor Brightons keeper l\u00e5 og ventet.<\/p>\n<p>\u2013 Den missen kommer han til \u00e5 dr\u00f8mme om. Han liker ikke s\u00e5nne, sier kommentator Andreas Toft.<\/p>\n<p>Hjemmelaget produserte flere store sjanser, men effektiviteten var langt unna det niv\u00e5et Pep Guardiola kan v\u00e6re forn\u00f8yd med. Spanjolen s\u00e5 sv\u00e6rt oppgitt ut p\u00e5 sidelinjen mot slutten av oppgj\u00f8ret.<\/p>\n<p>City hadde nesten 20 avslutninger i l\u00f8pet av kampen.<\/p>\n<p>\u2013 At vi bare har to m\u00e5l her er ubegripelig, sier ekspert Lars Tj\u00e6rn\u00e5s like f\u00f8r slutt etter at City misbrukte nok en stor sjanse.<\/p>\n","protected":false},"excerpt":{"rendered":"MANCHESTER CITY-BRIGHTON 1\u20131 Erling Haaland scoret sitt 150. m\u00e5l for Manchester City p\u00e5 en straffe f\u00f8r pause mot&hellip;\n","protected":false},"author":2,"featured_media":132090,"comment_status":"","ping_status":"","sticky":false,"template":"","format":"standard","meta":{"footnotes":""},"categories":[59],"tags":[30,28,29,83,82],"class_list":{"0":"post-132089","1":"post","2":"type-post","3":"status-publish","4":"format-standard","5":"has-post-thumbnail","7":"category-sport","8":"tag-no","9":"tag-norge","10":"tag-norway","11":"tag-sport","12":"tag-sports"},"share_on_mastodon":{"url":"https:\/\/pubeurope.com\/@no\/115859741972125672","error":""},"_links":{"self":[{"href":"https:\/\/www.europesays.com\/no\/wp-json\/wp\/v2\/posts\/132089","targetHints":{"allow":["GET"]}}],"collection":[{"href":"https:\/\/www.europesays.com\/no\/wp-json\/wp\/v2\/posts"}],"about":[{"href":"https:\/\/www.europesays.com\/no\/wp-json\/wp\/v2\/types\/post"}],"author":[{"embeddable":true,"href":"https:\/\/www.europesays.com\/no\/wp-json\/wp\/v2\/users\/2"}],"replies":[{"embeddable":true,"href":"https:\/\/www.europesays.com\/no\/wp-json\/wp\/v2\/comments?post=132089"}],"version-history":[{"count":0,"href":"https:\/\/www.europesays.com\/no\/wp-json\/wp\/v2\/posts\/132089\/revisions"}],"wp:featuredmedia":[{"embeddable":true,"href":"https:\/\/www.europesays.com\/no\/wp-json\/wp\/v2\/media\/132090"}],"wp:attachment":[{"href":"https:\/\/www.europesays.com\/no\/wp-json\/wp\/v2\/media?parent=132089"}],"wp:term":[{"taxonomy":"category","embeddable":true,"href":"https:\/\/www.europesays.com\/no\/wp-json\/wp\/v2\/categories?post=132089"},{"taxonomy":"post_tag","embeddable":true,"href":"https:\/\/www.europesays.com\/no\/wp-json\/wp\/v2\/tags?post=132089"}],"curies":[{"name":"wp","href":"https:\/\/api.w.org\/{rel}","templated":true}]}}