{"id":132093,"date":"2026-01-08T13:39:12","date_gmt":"2026-01-08T13:39:12","guid":{"rendered":"https:\/\/www.europesays.com\/no\/132093\/"},"modified":"2026-01-08T13:39:12","modified_gmt":"2026-01-08T13:39:12","slug":"vaer-vinter-na-blir-det-mildere-lurt-a-utnytte-vintervaeret","status":"publish","type":"post","link":"https:\/\/www.europesays.com\/no\/132093\/","title":{"rendered":"V\u00e6r, Vinter | N\u00e5 blir det mildere: \u2013 Lurt \u00e5 utnytte vinterv\u00e6ret"},"content":{"rendered":"\n<p>\u2013 Det blir litt varmere allerede fredag, forteller vakthavende meteorolog Haldis Berge.<\/p>\n<p>Den siste uken har v\u00e6rt usedvanlig kald for Bergen \u00e5 v\u00e6re. Tirsdag ble faktisk <a href=\"https:\/\/www.ba.no\/brrr-kaldeste-dogn-pa-15-ar\/s\/5-8-3273854\" rel=\"Follow nofollow noopener\" target=\"_blank\">det kaldeste d\u00f8gnet vi har hatt i denne byen p\u00e5 15 \u00e5r. <\/a><\/p>\n<p>Berge understreker at det ikke er snakk om noen rekorder, men v\u00e6ret s\u00e5 langt i \u00e5r har v\u00e6rt januar m\u00e5ned verdig.<\/p>\n<p>Til uken ser det ut til \u00e5 snu. N\u00e5 kommer plussgradene tilbake.<\/p>\n<p>  <a href=\"https:\/\/www.ba.no\/5-8-3272167\" class=\"related-teaser has-image default-story-teaser article--c-eRUmMG article--c-eRUmMG-jKCPdD-design-default\" rel=\"nofollow noopener\" target=\"_blank\"><\/p>\n<p>    <img decoding=\"async\" loading=\"lazy\"  src=\"https:\/\/www.europesays.com\/no\/wp-content\/uploads\/2026\/01\/RJ8_5644.jpg\" alt=\"\" class=\"brick-c-cFOWSL\" style=\"\"\/><\/p>\n<p>\n            Les ogs\u00e5<\/p>\n<p>              Casper elsker fart: \u2013 Han er like rask som brillene\n        <\/p>\n<p>  <\/a><br \/>\n  \u2013 N\u00e5 skal det skye til<\/p>\n<p>At det blir varmere allerede fredag, betyr ikke at det blir varmt. <\/p>\n<p>\u2013 Men det blir varmere enn de minus syv gradene vi har i Bergen sentrum n\u00e5, p\u00e5peker Berge.<\/p>\n<p>Det ser ut til at gradene \u00f8ker opp til minus \u00e9n p\u00e5 dagen fredag.<\/p>\n<p>I l\u00f8pet av helgen vil temperaturene ligge mellom -1 og -7, f\u00f8r det p\u00e5 s\u00f8ndag s\u00e5 vidt bikker over p\u00e5 plussiden.<\/p>\n<p>   <img decoding=\"async\" width=\"8256\" height=\"5504\" fetchpriority=\"low\"  loading=\"lazy\"  src=\"https:\/\/www.europesays.com\/no\/wp-content\/uploads\/2026\/01\/1614.jpg\" alt=\"Jarle Blindheim bor p\u00e5 Blindheim, her er det ofte veldig mye kaldere enn andre deler Bergen. Da BA var p\u00e5 bes\u00f8k kr\u00f8p gradene ned mot minus 20.&#10;\" class=\"brick-c-cFOWSL\" style=\"--brick-image-ratio: 8256 \/ 5504;\"\/><\/p>\n<p>      I Bergens kuldehull p\u00e5 Blindheim har det v\u00e6rt ned mot 20 minusgrader denne uken.<br \/>\n      Foto: EMIL WEATHERHEAD BREISTEIN\n    <\/p>\n<p>\u2013 Det er ventet at det skal skye til de neste dagene, og det blir litt mildere. Jeg ser at det ligger og vaker rundt null, sier meteorologen.<\/p>\n<p>\u2013 S\u00e5 det gjelder \u00e5 utnytte kulden og finv\u00e6ret n\u00e5, om man vil g\u00e5 p\u00e5 ski eller sk\u00f8yter?<\/p>\n<p><b>\u2013 Det er alltid lurt \u00e5 utnytte det n\u00e5r det er fint vinterv\u00e6r, svarer Berge, og p\u00e5peker:<\/b><\/p>\n<p><b>\u2013 Det er ikke ventet skikkelig mildv\u00e6r, og det er usikkert hvor varmt det blir. Temperaturene vil ligge mellom minus seks og pluss fem neste uke.<\/b><\/p>\n<p>Blir det regn?<\/p>\n<p>Noe annet som er usikkert, er om det faktisk kommer regn.<\/p>\n<p>Ser man p\u00e5 yr, st\u00e5r det at man forventer litt v\u00e5tt nedb\u00f8r fra tirsdag kveld og de p\u00e5f\u00f8lgende dagene.<\/p>\n<p>\u2013 Det kommer nedb\u00f8r i Nordsj\u00f8en, og det er usikkert n\u00e5r og om det trekker inn mot land, forteller Berge.<\/p>\n<p>Det ser uansett ikke ut til at vi f\u00e5r skikkelig bergensv\u00e6r igjen med det f\u00f8rste.<\/p>\n<p>\u2013 Det er fremdeles kj\u00f8lig, og det er rett og slett ikke sikkert n\u00e5r den store overgangen kommer. Men litt mildere blir det, fastsl\u00e5r meteorologen.<\/p>\n<p>  <a data-static=\"\" href=\"#skip-\" class=\"brick-c-fgNmNC\">Hopp over karusellen.<\/a><\/p>\n<p data-static=\"\" class=\"brick-c-fgNmNC\" id=\"carousel-title-\">Innholdskarusell med 20 artikler.<\/p>\n","protected":false},"excerpt":{"rendered":"\u2013 Det blir litt varmere allerede fredag, forteller vakthavende meteorolog Haldis Berge. Den siste uken har v\u00e6rt usedvanlig&hellip;\n","protected":false},"author":2,"featured_media":130822,"comment_status":"","ping_status":"","sticky":false,"template":"","format":"standard","meta":{"footnotes":""},"categories":[10],"tags":[36,20,21,24,25,15,8981,22,23,13,30,28,29,14,16,6527,1510,26,27,553,6263],"class_list":{"0":"post-132093","1":"post","2":"type-post","3":"status-publish","4":"format-standard","5":"has-post-thumbnail","7":"category-norge","8":"tag-art","9":"tag-breaking-news","10":"tag-breakingnews","11":"tag-featured-news","12":"tag-featurednews","13":"tag-headlines","14":"tag-kulde","15":"tag-latest-news","16":"tag-latestnews","17":"tag-news","18":"tag-no","19":"tag-norge","20":"tag-norway","21":"tag-nyheter","22":"tag-overskrifter","23":"tag-sno","24":"tag-story","25":"tag-top-stories","26":"tag-topstories","27":"tag-vaer","28":"tag-vinter"},"share_on_mastodon":{"url":"https:\/\/pubeurope.com\/@no\/115859761898091436","error":""},"_links":{"self":[{"href":"https:\/\/www.europesays.com\/no\/wp-json\/wp\/v2\/posts\/132093","targetHints":{"allow":["GET"]}}],"collection":[{"href":"https:\/\/www.europesays.com\/no\/wp-json\/wp\/v2\/posts"}],"about":[{"href":"https:\/\/www.europesays.com\/no\/wp-json\/wp\/v2\/types\/post"}],"author":[{"embeddable":true,"href":"https:\/\/www.europesays.com\/no\/wp-json\/wp\/v2\/users\/2"}],"replies":[{"embeddable":true,"href":"https:\/\/www.europesays.com\/no\/wp-json\/wp\/v2\/comments?post=132093"}],"version-history":[{"count":0,"href":"https:\/\/www.europesays.com\/no\/wp-json\/wp\/v2\/posts\/132093\/revisions"}],"wp:featuredmedia":[{"embeddable":true,"href":"https:\/\/www.europesays.com\/no\/wp-json\/wp\/v2\/media\/130822"}],"wp:attachment":[{"href":"https:\/\/www.europesays.com\/no\/wp-json\/wp\/v2\/media?parent=132093"}],"wp:term":[{"taxonomy":"category","embeddable":true,"href":"https:\/\/www.europesays.com\/no\/wp-json\/wp\/v2\/categories?post=132093"},{"taxonomy":"post_tag","embeddable":true,"href":"https:\/\/www.europesays.com\/no\/wp-json\/wp\/v2\/tags?post=132093"}],"curies":[{"name":"wp","href":"https:\/\/api.w.org\/{rel}","templated":true}]}}