{"id":132094,"date":"2026-01-08T13:40:12","date_gmt":"2026-01-08T13:40:12","guid":{"rendered":"https:\/\/www.europesays.com\/no\/132094\/"},"modified":"2026-01-08T13:40:12","modified_gmt":"2026-01-08T13:40:12","slug":"tonsberg-kommunale-rad-rolf-tore-kjaeran-er-dod","status":"publish","type":"post","link":"https:\/\/www.europesays.com\/no\/132094\/","title":{"rendered":"T\u00f8nsberg, Kommunale r\u00e5d | Rolf Tore Kj\u00e6ran er d\u00f8d"},"content":{"rendered":"\n<p>Det er T\u00f8nsberg kommune som melder det p\u00e5 sine hjemmesider.<\/p>\n<p>Som ung var Rolf Tore Kj\u00e6ran aktiv. Han tjenestegjorde i Libanon p\u00e5 midten av 1980-tallet, har jobbet som truckf\u00f8rer, vekter og fotograf.<\/p>\n<p>   <img decoding=\"async\" width=\"5616\" height=\"3744\" fetchpriority=\"low\"  loading=\"lazy\"  src=\"https:\/\/www.europesays.com\/no\/wp-content\/uploads\/2026\/01\/Kj%C3%A6ran1.jpg\" alt=\"\" class=\"brick-c-cFOWSL\" style=\"--brick-image-ratio: 5616 \/ 3744;\"\/><\/p>\n<p>      PROBLEMER: I november 2021 kom Rolf Tore p\u00e5 sykehus. Han m\u00e5tte en tur p\u00e5 r\u00e5dhuset for \u00e5 lede et m\u00f8te i R\u00e5det for personer med funksjonsnedsettelse, men da han skulle tilbake til sykehuset fikk han store problemer p\u00e5 grunn av et \u00f8delagt hjul p\u00e5 rullestolen. Her blir han intervjuet av NRKs Robert Hansen etter hendelsen.<br \/>\n      Foto: Lena Malnes\n    <\/p>\n<p>Rolf Tore Kj\u00e6ran var utvalgsleder i R\u00e5det for personer med funksjonsnedsettelser i T\u00f8nsberg kommune, et verv han hadde i seks \u00e5r.<\/p>\n<p>Noe av det han <a class=\"simple-relation related-teaser article--c-eRUmMG article--c-eRUmMG-jKCPdD-design-default article--c-eRUmMG-iBPVJb-cv\" href=\"https:\/\/www.tb.no\/rolf-tore-inviterte-til-mote-men-fikk-ikke-bli-med-selv-politikerne-tar-ikke-universell-utforming-seriost\/s\/5-76-1629019\" rel=\"nofollow noopener\" target=\"_blank\">jobbet for, var at d\u00f8rer skal ha et minstekrav om \u00e5 v\u00e6re \u00e9n meter brede,<\/a>for \u00e5 \u00f8ke tilgjengeligheten for rullestolbrukere. Dagens krav er p\u00e5 90 centimeter. Han \u00f8nsket ogs\u00e5 bedre tilgjengelighet i sv\u00f8mmehallen i T\u00f8nsberg for folk med funksjonsutfordringer.<\/p>\n<p>T\u00f8nsberg-ordf\u00f8rer Frank Pedersen <a href=\"https:\/\/www.tonsberg.kommune.no\/aktuelt\/rolf-tore-kjaran-er-dod.46283.aspx\" rel=\"Follow nofollow noopener\" target=\"_blank\">uttrykker, via kommunens hjemmesider, at han er takknemlig over innsatsen Kj\u00e6ran har gjort i sitt virke som leder av r\u00e5det for personer med funksjonsnedsettelse.<\/a><\/p>\n<p>\u2013 Jeg har med sorg mottatt meldingen om at Rolf Tore Kj\u00e6ran er d\u00f8d, og mine tanker g\u00e5r n\u00e5 til dem som sto Roffe n\u00e6r, sier ordf\u00f8rer Frank Pedersen.<\/p>\n<p>   <img decoding=\"async\" width=\"5616\" height=\"3744\" fetchpriority=\"low\"  loading=\"lazy\"  src=\"https:\/\/www.europesays.com\/no\/wp-content\/uploads\/2026\/01\/5_76_1686652+Sv%C3%B8mmehall+funksjonshemmede1.jpg\" alt=\"\" class=\"brick-c-cFOWSL\" style=\"--brick-image-ratio: 5616 \/ 3744;\"\/><\/p>\n<p>      JOBBET FOR TILGJEGELIGHET: \u2013 99 prosent av alle feil best\u00e5r i for smale d\u00f8r\u00e5pninger, fortalte Rolf Tore Kj\u00e6ran, da han som leder av R\u00e5det for personer med funksjonsnedsettelse fors\u00f8kte \u00e5 komme seg fra garderobe til dusj i T\u00f8nsberg sv\u00f8mmehall, men ikke lyktes. Dav\u00e6rende virksomhetsleder Magnus Martin i bakgrunnen. Bildet er tatt i 2021.<br \/>\n      Foto: Lena Malnes\n    <\/p>\n<p><b>\u2013 Dette r\u00e5det er et viktig organ som bidrar til at mennesker med funksjonsnedsettelser blir h\u00f8rt, og som s\u00f8rger for \u00e5 l\u00f8fte fram viktige perspektiver i mange politiske saker. Kj\u00e6ran hadde derfor en viktig rolle som leder av dette r\u00e5det, og han gjorde jobben med stort engasjement, sier Pedersen.<\/b><\/p>\n<p>Rolf Tore, som gikk under kallenavnet \u00abRoffe\u00bb ble 63 \u00e5r. Han var ogs\u00e5 brukerrepresentant i kommunens overordnet kvalitetsutvalg.<\/p>\n<p>   <img decoding=\"async\" width=\"5616\" height=\"3141\" fetchpriority=\"low\"  loading=\"lazy\"  src=\"https:\/\/www.europesays.com\/no\/wp-content\/uploads\/2026\/01\/RT+Kj%C3%A6ran1.JPG\" alt=\"\" class=\"brick-c-cFOWSL\" style=\"--brick-image-ratio: 5616 \/ 3141;\"\/><\/p>\n<p>      INNEN REKKEVIDDE: Rolf Tore Kj\u00e6ran klarte etter hvert ikke \u00e5 bevege seg ut av sengen og m\u00e5tte ha alt tilgengelig i gripelengde.<br \/>\n      Foto: Lena Malnes\n    <\/p>\n<p>Som voksen fikk Kj\u00e6ran diagnosen overspising og ble etter hvert sykelig overvektig, det preget livet hans de siste \u00e5rene. Han ble uf\u00f8r og etter en annengradsforbrenning p\u00e5 bena i 1990-\u00e5rene, ble han isolert.<\/p>\n<p>De siste \u00e5rene ble han s\u00e5 stor at det var vanskelig \u00e5 komme seg rundt. Han anslo selv at vekta var p\u00e5 over tre hundre kilo, og han var med det en av Norges tyngste personer. Kj\u00e6ran var sv\u00e6rt \u00e5pen om tilstanden sin. I flere \u00e5r har han bodd p\u00e5 sykehjem, <a class=\"simple-relation related-teaser article--c-eRUmMG article--c-eRUmMG-jKCPdD-design-default article--c-eRUmMG-iBPVJb-cv\" href=\"https:\/\/www.tb.no\/her-har-rolf-tore-ligget-siden-i-sommer-det-er-ikke-et-verdig-liv\/s\/5-76-1962290\" rel=\"nofollow noopener\" target=\"_blank\">ettersom han ikke lenger kom seg ut av sengen ved egen hjelp.<\/a><\/p>\n<p>  <a href=\"https:\/\/www.tb.no\/5-76-1766560\" class=\"related-teaser has-image default-story-teaser article--c-eRUmMG article--c-eRUmMG-jKCPdD-design-default\" rel=\"nofollow noopener\" target=\"_blank\"><\/p>\n<p>    <img decoding=\"async\" loading=\"lazy\"  src=\"https:\/\/www.europesays.com\/no\/wp-content\/uploads\/2026\/01\/1767879611_530_RT+Kj%C3%A6ran1.JPG\" alt=\"\" class=\"brick-c-cFOWSL\" style=\"\"\/><\/p>\n<p>\n            Les ogs\u00e5<\/p>\n<p>              Rolf Tore gruet seg til \u00e5 flytte \u2013 da tok venninnene grep: \u2013 Allerede samlet inn 17.000 kroner\n        <\/p>\n<p>  <\/a><\/p>\n<p>  <a href=\"https:\/\/www.tb.no\/5-76-1686658\" class=\"related-teaser has-image default-feature-teaser article--c-eRUmMG article--c-eRUmMG-jKCPdD-design-default\" rel=\"nofollow noopener\" target=\"_blank\"><\/p>\n<p>    <img decoding=\"async\" loading=\"lazy\"  src=\"https:\/\/www.europesays.com\/no\/wp-content\/uploads\/2026\/01\/1767879611_104_RT+Kj%C3%A6ran1.JPG\" alt=\"\" class=\"brick-c-cFOWSL\" style=\"\"\/><\/p>\n<p>\n            Les ogs\u00e5<\/p>\n<p>              Som ung var Rolf Tore (58) slank og sprek. Hva skjedde egentlig? \u2013 Jeg vil ikke at noen skal bli som meg\n        <\/p>\n<p>  <\/a><\/p>\n<p>  <a href=\"https:\/\/www.tb.no\/5-76-1629019\" class=\"related-teaser has-image default-story-teaser article--c-eRUmMG article--c-eRUmMG-jKCPdD-design-default\" rel=\"nofollow noopener\" target=\"_blank\"><\/p>\n<p>    <img decoding=\"async\" loading=\"lazy\"  src=\"https:\/\/www.europesays.com\/no\/wp-content\/uploads\/2026\/01\/Sv%C3%B8mmehall+funksjonshemmede1.jpg\" alt=\"\" class=\"brick-c-cFOWSL\" style=\"\"\/><\/p>\n<p>\n            Les ogs\u00e5<\/p>\n<p>              Rolf Tore inviterte til m\u00f8te, men fikk ikke bli med selv: \u2013 Politikerne tar ikke universell utforming seri\u00f8st\n        <\/p>\n<p>  <\/a><\/p>\n<p>  <a href=\"https:\/\/www.tb.no\/5-76-1483202\" class=\"related-teaser has-image default-story-teaser article--c-eRUmMG article--c-eRUmMG-jKCPdD-design-default\" rel=\"nofollow noopener\" target=\"_blank\"><\/p>\n<p>    <img decoding=\"async\" loading=\"lazy\"  src=\"https:\/\/www.europesays.com\/no\/wp-content\/uploads\/2026\/01\/00+Photographer+rt+kjaeran-0519.jpg\" alt=\"\" class=\"brick-c-cFOWSL\" style=\"\"\/><\/p>\n<p>\n            Les ogs\u00e5<\/p>\n<p>              Rolf Tore Kj\u00e6ran har startet sultestreik: \u2013 Jeg vil se om noen reagerer\n        <\/p>\n<p>  <\/a><\/p>\n<p>  <a href=\"https:\/\/www.tb.no\/5-76-2167102\" class=\"related-teaser has-image default-story-teaser article--c-eRUmMG article--c-eRUmMG-jKCPdD-design-default\" rel=\"nofollow noopener\" target=\"_blank\"><\/p>\n<p>    <img decoding=\"async\" loading=\"lazy\"  src=\"https:\/\/www.europesays.com\/no\/wp-content\/uploads\/2026\/01\/IMG_0476.jpg\" alt=\"\" class=\"brick-c-cFOWSL\" style=\"\"\/><\/p>\n<p>\n            Les ogs\u00e5<\/p>\n<p>              Rolf Tore veier cirka 300 kilo, og har ikke kommet ut av senga p\u00e5 snart 500 d\u00f8gn: \u2013 Rommet f\u00f8les stadig mindre\n        <\/p>\n<p>  <\/a><\/p>\n","protected":false},"excerpt":{"rendered":"Det er T\u00f8nsberg kommune som melder det p\u00e5 sine hjemmesider. Som ung var Rolf Tore Kj\u00e6ran aktiv. Han&hellip;\n","protected":false},"author":2,"featured_media":132095,"comment_status":"","ping_status":"","sticky":false,"template":"","format":"standard","meta":{"footnotes":""},"categories":[5],"tags":[36,20,21,24,25,15286,15,19,15285,22,23,17,18,13,30,28,29,14,16,1510,26,27,431],"class_list":{"0":"post-132094","1":"post","2":"type-post","3":"status-publish","4":"format-standard","5":"has-post-thumbnail","7":"category-overskrifter","8":"tag-art","9":"tag-breaking-news","10":"tag-breakingnews","11":"tag-featured-news","12":"tag-featurednews","13":"tag-funkjsonshemmedes-rettigheter","14":"tag-headlines","15":"tag-hovedoppslag","16":"tag-kommunale-rad","17":"tag-latest-news","18":"tag-latestnews","19":"tag-main-news","20":"tag-mainnews","21":"tag-news","22":"tag-no","23":"tag-norge","24":"tag-norway","25":"tag-nyheter","26":"tag-overskrifter","27":"tag-story","28":"tag-top-stories","29":"tag-topstories","30":"tag-tonsberg"},"share_on_mastodon":{"url":"https:\/\/pubeurope.com\/@no\/115859765666555793","error":""},"_links":{"self":[{"href":"https:\/\/www.europesays.com\/no\/wp-json\/wp\/v2\/posts\/132094","targetHints":{"allow":["GET"]}}],"collection":[{"href":"https:\/\/www.europesays.com\/no\/wp-json\/wp\/v2\/posts"}],"about":[{"href":"https:\/\/www.europesays.com\/no\/wp-json\/wp\/v2\/types\/post"}],"author":[{"embeddable":true,"href":"https:\/\/www.europesays.com\/no\/wp-json\/wp\/v2\/users\/2"}],"replies":[{"embeddable":true,"href":"https:\/\/www.europesays.com\/no\/wp-json\/wp\/v2\/comments?post=132094"}],"version-history":[{"count":0,"href":"https:\/\/www.europesays.com\/no\/wp-json\/wp\/v2\/posts\/132094\/revisions"}],"wp:featuredmedia":[{"embeddable":true,"href":"https:\/\/www.europesays.com\/no\/wp-json\/wp\/v2\/media\/132095"}],"wp:attachment":[{"href":"https:\/\/www.europesays.com\/no\/wp-json\/wp\/v2\/media?parent=132094"}],"wp:term":[{"taxonomy":"category","embeddable":true,"href":"https:\/\/www.europesays.com\/no\/wp-json\/wp\/v2\/categories?post=132094"},{"taxonomy":"post_tag","embeddable":true,"href":"https:\/\/www.europesays.com\/no\/wp-json\/wp\/v2\/tags?post=132094"}],"curies":[{"name":"wp","href":"https:\/\/api.w.org\/{rel}","templated":true}]}}