{"id":132096,"date":"2026-01-08T13:41:07","date_gmt":"2026-01-08T13:41:07","guid":{"rendered":"https:\/\/www.europesays.com\/no\/132096\/"},"modified":"2026-01-08T13:41:07","modified_gmt":"2026-01-08T13:41:07","slug":"sport-fotball-avviste-bud-pa-nokkelspiller-motte-ikke-opp-pa-trening-hamar-arbeiderblad","status":"publish","type":"post","link":"https:\/\/www.europesays.com\/no\/132096\/","title":{"rendered":"Sport, Fotball | Avviste bud p\u00e5 n\u00f8kkelspiller \u2013 m\u00f8tte ikke opp p\u00e5 trening &#8211; Hamar Arbeiderblad"},"content":{"rendered":"<ol>\n<li><a href=\"https:\/\/news.google.com\/rss\/articles\/CBMikwFBVV95cUxNUTNiRFlaa3JzU3BpNUY5QUstMEpGMFdsVnFaTC0xaW9uZVdrc184Uk1qUktrc3l6MmpBdmxrM01LM0EzUnVVWGtfdmE2Y3pZRDRlSUNjQ1JTaHJKZ3RUd3NVZzNRVF9nSm5VbzZIM3BJck51Sm80VE5mZzMtZlRoNUoxMkVyWGhIS1JUd1lYVlFtNGc?oc=5\" target=\"_blank\" rel=\"nofollow noopener\">Sport, Fotball | Avviste bud p\u00e5 n\u00f8kkelspiller \u2013 m\u00f8tte ikke opp p\u00e5 trening<\/a>&nbsp;&nbsp;Hamar Arbeiderblad<\/li>\n<li><a href=\"https:\/\/news.google.com\/rss\/articles\/CBMiiwFBVV95cUxOdGxkYkhJWUZCMGRqV1JKeDVSWWd1b2NXc25pMGJBTmdpdGk4aktkdHg0TTlUM2ZKdUtCcW05N2ZMaUw4NWk5UExRSE83UWp3VDFJX2N3cUZPeElELVBmaVhNUUZZaFlRdFE1cUg3SVUxSUVzSWdCRU13UlNZd2RWMnVwZ0lBZldCYUFJ?oc=5\" target=\"_blank\" rel=\"nofollow noopener\">Alexandersson og Barros p\u00e5 blokka til Myhre<\/a>&nbsp;&nbsp;Moss Avis<\/li>\n<li><a href=\"https:\/\/news.google.com\/rss\/articles\/CBMicEFVX3lxTE1QUXpGZWFVNlZvVFNzdFNESktLNmM3bU5vRndGdmhoUzVOTTZuc0ZjXzhMaWZxeWVHU0RydFdMalJRemM0VmV0OHUzMVVFX2RPWnJUb1E4cURGNDJxTXNpSzZsUFMzRm9xMGs3ZjJ1ZHU?oc=5\" target=\"_blank\" rel=\"nofollow noopener\">Sport, Fotball | HA erfarer: Nytt bud p\u00e5 Mares<\/a>&nbsp;&nbsp;Hamar Arbeiderblad<\/li>\n<li><a href=\"https:\/\/news.google.com\/rss\/articles\/CBMiqAFBVV95cUxNMkhtcGxYMV96NXdDTTd0aDF3Qlh4b3FpUF95TTFKUDJXY1FBdUFEVFpsbl9MbUJRcThJNGc5YVpJWkFmT0lBbFJnWWRmYnFNMnRjMjctT2w4TjZQa25UdmNGUkVFb0JBVzFRVENRVG12d1B3MHhaWGdocHdJU1FpVTdkOW1DSGNLMDhIejVtc2J4MWxvdl8yS01RTUZyTmxNWUxXRzZfaVc?oc=5\" target=\"_blank\" rel=\"nofollow noopener\">Sport, Fotball | Opplysninger til HA: Bud p\u00e5 HamKam-n\u00f8kkelspiller \u2013 forhandler om overgang<\/a>&nbsp;&nbsp;Hamar Arbeiderblad<\/li>\n<\/ol>\n","protected":false},"excerpt":{"rendered":"Sport, Fotball | Avviste bud p\u00e5 n\u00f8kkelspiller \u2013 m\u00f8tte ikke opp p\u00e5 trening&nbsp;&nbsp;Hamar Arbeiderblad Alexandersson og Barros p\u00e5&hellip;\n","protected":false},"author":2,"featured_media":132097,"comment_status":"","ping_status":"","sticky":false,"template":"","format":"standard","meta":{"footnotes":""},"categories":[59],"tags":[30,28,29,83,82],"class_list":{"0":"post-132096","1":"post","2":"type-post","3":"status-publish","4":"format-standard","5":"has-post-thumbnail","7":"category-sport","8":"tag-no","9":"tag-norge","10":"tag-norway","11":"tag-sport","12":"tag-sports"},"share_on_mastodon":{"url":"https:\/\/pubeurope.com\/@no\/115859769439949409","error":""},"_links":{"self":[{"href":"https:\/\/www.europesays.com\/no\/wp-json\/wp\/v2\/posts\/132096","targetHints":{"allow":["GET"]}}],"collection":[{"href":"https:\/\/www.europesays.com\/no\/wp-json\/wp\/v2\/posts"}],"about":[{"href":"https:\/\/www.europesays.com\/no\/wp-json\/wp\/v2\/types\/post"}],"author":[{"embeddable":true,"href":"https:\/\/www.europesays.com\/no\/wp-json\/wp\/v2\/users\/2"}],"replies":[{"embeddable":true,"href":"https:\/\/www.europesays.com\/no\/wp-json\/wp\/v2\/comments?post=132096"}],"version-history":[{"count":0,"href":"https:\/\/www.europesays.com\/no\/wp-json\/wp\/v2\/posts\/132096\/revisions"}],"wp:featuredmedia":[{"embeddable":true,"href":"https:\/\/www.europesays.com\/no\/wp-json\/wp\/v2\/media\/132097"}],"wp:attachment":[{"href":"https:\/\/www.europesays.com\/no\/wp-json\/wp\/v2\/media?parent=132096"}],"wp:term":[{"taxonomy":"category","embeddable":true,"href":"https:\/\/www.europesays.com\/no\/wp-json\/wp\/v2\/categories?post=132096"},{"taxonomy":"post_tag","embeddable":true,"href":"https:\/\/www.europesays.com\/no\/wp-json\/wp\/v2\/tags?post=132096"}],"curies":[{"name":"wp","href":"https:\/\/api.w.org\/{rel}","templated":true}]}}