{"id":132100,"date":"2026-01-08T13:49:10","date_gmt":"2026-01-08T13:49:10","guid":{"rendered":"https:\/\/www.europesays.com\/no\/132100\/"},"modified":"2026-01-08T13:49:10","modified_gmt":"2026-01-08T13:49:10","slug":"folk-burde-fa-drikke-det-de-vil-nrk-vestfold-og-telemark-lokale-nyheter-tv-og-radio","status":"publish","type":"post","link":"https:\/\/www.europesays.com\/no\/132100\/","title":{"rendered":"\u2013 Folk burde f\u00e5 drikke det de vil \u2013 NRK Vestfold og Telemark \u2013 Lokale nyheter, TV og radio"},"content":{"rendered":"<p>Saken oppsummert:<\/p>\n<ul>\n<li>Telemark har innf\u00f8rt forbud mot salg av energidrikk p\u00e5 videreg\u00e5ende skoler, i likhet med Agder.<\/li>\n<li>Forbudet er en oppf\u00f8lging av den nasjonale aldersgrensen p\u00e5 16 \u00e5r, som ble innf\u00f8rt 1. januar for \u00e5 beskytte unge mot helseskader.<\/li>\n<li>Elever i Telemark kan fortsatt ta med egne energidrikker, men ikke kj\u00f8pe dem p\u00e5 skolen.<\/li>\n<li>Elever i nabofylket Vestfold reagerer p\u00e5 forbudet og mener det begrenser deres frihet til \u00e5 ta egne valg.<\/li>\n<li>Mens noen elever st\u00f8tter forbudet av helsemessige \u00e5rsaker, mener andre at det ikke vil hindre forbruket, da energidrikker fortsatt kan kj\u00f8pes utenfor skolen.<\/li>\n<li>Fylkesordf\u00f8reren i Telemark mener et forbud er \u00e5 vise ansvarlighet som skoleeier.<\/li>\n<\/ul>\n<p>Oppsummeringen er laget av en KI-tjeneste fra OpenAI. Innholdet er kvalitetssikret av NRKs journalister f\u00f8r publisering.<\/p>\n<p>\u2013 Jeg blir skuffa om det blir forbud her ogs\u00e5. Det er jo 16 \u00e5rs aldersgrense, og s\u00e5 lenge jeg er over det, s\u00e5 kan jeg velge selv.<\/p>\n<p>Det mener Johan Karlsen (18) som er elev ved Sandefjord videreg\u00e5ende skole.<\/p>\n<p>1. januar ble det innf\u00f8rt en <a href=\"https:\/\/www.nrk.no\/nordland\/aldersgrense-pa-energidrikk-_-ma-du-ha-med-passet-pa-butikken_-1.17707715\" ec-id=\"pp:article:1.17707715\" ec-name=\"nasjonal aldersgrense p\u00e5 16 \u00e5r\" rel=\"nofollow noopener\" target=\"_blank\">nasjonal aldersgrense p\u00e5 16 \u00e5r<\/a> for kj\u00f8p av energidrikk.<\/p>\n<p>If\u00f8lge regjeringen for \u00e5 beskytte barn under 16 \u00e5r mot negative helseeffekter av energidrikk.<\/p>\n<p>\ud83d\udca1Negative helseeffekter ved inntak av energidrikker<\/p>\n<p>If\u00f8lge Regjeringen og helse- og omsorgsminister Jan Christian Vestre er det innholdet av koffein som gir de de negative helseeffektene ved inntak av energidrikker.<\/p>\n<p>\ud83e\uddd2\ud83c\udffbBarn er mer sensitive til disse fordi de har lavere kroppsvekt og fordi kroppen ikke er ferdig utviklet.<\/p>\n<p>Det kan gi:<\/p>\n<p>\ud83d\udca4S\u00f8vnforstyrrelser<\/p>\n<p>\ud83d\ude21Irritabilitet<\/p>\n<p>\ud83d\ude28Nerv\u00f8sitet<\/p>\n<p>\ud83e\udee8Uro<\/p>\n<p>\ud83c\udfc3\ud83c\udffb\u200d\u27a1\ufe0fRastl\u00f8shet<\/p>\n<p>\ud83e\udde0Hodepine<\/p>\n<p>\ud83d\ude35\u200d\ud83d\udcabAvhengighet<\/p>\n<p>\ud83e\udee5Abstinenssymptomer<\/p>\n<p>\ud83d\ude23Kan forverre angst og panikkangst<\/p>\n<p>\u2764\ufe0fMer alvorlige konsekvenser er knyttet til effekter p\u00e5 hjerte- og karsystemet og sentralnervesystemet.<\/p>\n<p>\u2615H\u00f8yt inntak av koffein p\u00e5 kort tid kan ogs\u00e5 f\u00f8re til koffeinforgifting.<\/p>\n<p>Kilde: regjeringen.no og Sykehuset i Vestfold<\/p>\n<p>F\u00f8r jul bestemte fylkestinget i Telemark \u00e5 dra det enda lenger.<\/p>\n<p>N\u00e5 er det forbudt \u00e5 selge energidrikker p\u00e5 alle videreg\u00e5ende skoler.<\/p>\n<p>Dermed fulgte de etter Agder, som ogs\u00e5 har innf\u00f8rt forbud.<\/p>\n<p>\u2013 Voksne drikker jo kaffe<\/p>\n<p>Elevene i nabofylket Vestfold rister p\u00e5 hodet av forbudet og h\u00e5per det ikke blir aktuelt hos dem.<\/p>\n<p>\u2013 Jeg skj\u00f8nner ikke hvorfor jeg ikke bare kan kj\u00f8pe det hvis jeg vil. Det er p\u00e5 en m\u00e5te d\u00e5rlig gjort, sier Johan Karlsen.<\/p>\n<p>\u2013 Det \u00f8delegger jo litt den friheten til \u00e5 kj\u00f8pe det du vil. S\u00e5 jeg syns ikke det burde ha et forbud. Folk burde f\u00e5 drikke det de vil, mener Sindre Gj\u00f8sund.\n<\/p>\n<p>    <img alt=\"Bilde av en energidrikkdoff i en kaf med personer i bakgrunnen. En skjult person sitter p\u00e5 en sofa og ser p\u00e5 mobiltelefonen sin. Det er sitteplasser og en moderne innredning synlig i rommet. Kafen har en lys atmosf\u00e6re med flere mennesker til stede. (Bildebeskrivelsen er laget av en KI-tjeneste)\"  loading=\"lazy\"\/><img alt=\"To personer sitter ved et bord i et rom med moderne interi\u00f8r og julepynt. De har p\u00e5 seg hettegensere, og det st\u00e5r energidrikker foran dem. Milj\u00f8et er preget av bl\u00e5 og varme belysningselementer. Bakgrunnsdetaljer inkluderer folk som sitter i n\u00e6rheten. (Bildebeskrivelsen er laget av en KI-tjeneste)\"  loading=\"lazy\"\/><\/p>\n<p>Sebastian Wright Stakston (18) ansl\u00e5r at han kj\u00f8per energidrikk 3\u20134 ganger i uka.<\/p>\n<p>\u2013 Jeg vet jo at det er mange som blir avhengig, og det er jo ikke alltid like bra. Jeg drikker det mest for smaken, jeg vil ikke si jeg er avhengig av koffein eller noe.\n<\/p>\n<p>        Er det greit \u00e5 forby salg av energidrikker p\u00e5 videreg\u00e5ende skoler? \ud83e\udd14<\/p>\n<p>        Ja, det er bare fint \ud83d\udc4d\ud83c\udffb<\/p>\n<p>        Nei, elevene m\u00e5 f\u00e5 bestemme selv hva de drikker \ud83d\udc4e\ud83c\udffb<\/p>\n<p>      Vis resultat<\/p>\n<p class=\"pin-nrkno-poll__disclaimer\">\n    Denne avstemningen viser ikke hva befolkningen mener om sp\u00f8rsm\u00e5let.<br \/>\n    Resultatet viser hva de som selv har valgt \u00e5 stemme mener,<br \/>\n    og avstemningen har ikke et utvalg som gj\u00f8r den representativ for alle som bor i landet.\n  <\/p>\n<p>\u2013 Fillesak<\/p>\n<p>Mannen som leder skolepolitikken i Vestfold fylkeskommune synes det hele er \u00aben fillesak\u00bb.<\/p>\n<p>Temaet har ikke v\u00e6rt oppe til politisk diskusjon her.<\/p>\n<p>\u2013 Loven om 16 \u00e5rs aldersgrense tar seg av denne problemstillingen. Utover det beh\u00f8ver ikke fylkeskommunen sette seg over loven eller ta ytterligere grep, sier leder Lasse Berntzen for hovedutvalget for utdanning.\n<\/p>\n<ul class=\"dhpg__gallery__list\">\n<li class=\"dhpg__gallery__listItem\"><img alt=\"Lasse Berntzen, leder hovedutvalg for utdanning, Vestfold fylkeskommune.\"  width=\"2400\" height=\"2400\" loading=\"lazy\"\/>Lasse Berntzen\n<p>Hovedutvalgsleder i Vestfold fylkeskommune og H\u00f8yre-politiker.<\/p>\n<\/li>\n<\/ul>\n<p>Han f\u00e5r st\u00f8tte fra Unge H\u00f8yre og FpU.<\/p>\n<ul class=\"dhpg__gallery__list\">\n<li class=\"dhpg__gallery__listItem\"><img alt=\"Et bilde fra et m\u00f8terom hvor to personer sitter i stoler med trekket i r\u00f8dt. Den ene personen gestikulerer med hendene, mens den andre sitter rolig. Det er synlige detaljer som en metallisk skriveplate og historisk dekor p\u00e5 veggene. Omgivelsene gir inntrykk av en formell setting, sannsynligvis en offentlig debatt eller m\u00f8te. (Bildebeskrivelsen er laget av en KI-tjeneste)\"  width=\"2400\" height=\"2400\" loading=\"lazy\"\/>Simen Velle, leder FpU og stortingsrepresentant Frp\n<p>Det fylkeskommunene i praksis gj\u00f8r her, er at de behandler nesten voksne ungdommer som sm\u00e5 barn, og det synes jeg ikke vi politikere skal gj\u00f8re.<\/p>\n<p>Jeg tenker at ungdommer som allerede har g\u00e5tt 10-13 \u00e5r p\u00e5 skolen, burde f\u00e5 muligheten til \u00e5 ta noen valg over hva de putter i kroppen sin.<\/p>\n<p>Skolene selv b\u00f8r vurdere hva de har lyst til \u00e5 selge i kantinene, ut ifra hva elevene \u00f8nsker, og elevene m\u00e5 til syvende og sist f\u00e5 bestemme.<\/p>\n<\/li>\n<li class=\"dhpg__gallery__listItem\"><img alt=\"Oda R\u00f8hme Sivertsen\"  width=\"2400\" height=\"2400\" loading=\"lazy\"\/>Oda R\u00f8hme Sivertsen, 1. nestleder Unge H\u00f8yre\n<p>Jeg tror ikke man l\u00f8ser problemet med \u00e5 forby energidrikk p\u00e5 skolene, og s\u00e5 flytte salget noen meter utenfor skoleportene.<\/p>\n<p>Vi gj\u00f8r oss en bj\u00f8rnetjeneste hvis vi skal forby alt som er usunt i kantinene. Og at vi ikke lar oss pr\u00f8ve \u00e5 velge selv hva som er best.<\/p>\n<p>Vi b\u00f8r\u00a0i utgangspunktet ikke\u00a0forby alt som er usunt, men heller pr\u00f8ve \u00e5 snakke om de tingene som er sunne og usunne.<\/p>\n<\/li>\n<\/ul>\n<p>Forbudet som Telemark fylkeskommune har innf\u00f8rt viser ansvarlighet, sier fylkesordf\u00f8rer Sven Tore L\u00f8kslid (Ap).<\/p>\n<p>\u2013 Jeg mener det er en ansvarlig skoleeier som gj\u00f8r s\u00e5nne grep. Vi har gjort det med tobakk og snus f\u00f8r, og i sum styrker det \u00f8kt l\u00e6ringsutbytte og trivsel, sier han.\n<\/p>\n<ul class=\"dhpg__gallery__list\">\n<li class=\"dhpg__gallery__listItem\"><img alt=\"Sven Tore L\u00f8kslid\"  width=\"2400\" height=\"2400\" loading=\"lazy\"\/>Sven Tore L\u00f8kslid\n<p>Fylkesordf\u00f8rer i Telemark og Arbeiderparti-politiker.<\/p>\n<\/li>\n<\/ul>\n<p>\u2013 Vi tok et oppgj\u00f8r med oss selv<\/p>\n<p>I Bamble i Telemark har elevene delvis forst\u00e5else for at politikerne og skoleledelsen tenker p\u00e5 elevenes helse.<\/p>\n<p>\u2013 Jeg synes det er grei argumentasjon, for det er ikke bra. Men \u00e5 drikke litt gj\u00f8r jo ingen skade, mener Leonora Hansen Haugsdal (16).\n<\/p>\n<p>    <img class=\"dhtb__img--YLLyL\" alt=\"Bildet viser en gruppe personer samlet rundt et bord, hvor de deler m\u00e5ltider og drikkevarer. Det finnes flere bokser med energidrikker og mineralvann, samt mat i plastbeholdere. Omgivelsene inkluderer vinduer som gir utsikt mot en bygning utenfor. En plakat med informasjon kan ses i bakgrunnen. (Bildebeskrivelsen er laget av en KI-tjeneste)\" loading=\"lazy\" fetchpriority=\"auto\" style=\"--_horizontal-object-position: max(100%, min(0px, calc(0.50 * 100% - 0.50 * 100vw + 50vw))) max(100%, min(0px, calc(0.50 * 100% - 0.50 * 100vh + 50vh))); --_vertical-object-position: max(100%, min(0px, calc(0.50 * 100% - 0.50 * 100vw + 50vw))) max(100%, min(0px, calc(0.50 * 100% - 0.50 * 100vh + 50vh)));\" \/><\/p>\n<p>Det er b\u00e5de energidrikker og andre leskende drikkevarer p\u00e5 bordet under lunsjen i kantina p\u00e5 Bamble videreg\u00e5ende skole. Caroline Aioki Kaarstein, til venstre, og Leonora Hansen Haugsdal til h\u00f8yre.<\/p>\n<p>Foto: Vegard Lille\u00e5s \/ NRK<\/p>\n<p>Det er b\u00e5de energidrikker og andre leskende drikkevarer p\u00e5 bordet under lunsjen i kantina p\u00e5 Bamble videreg\u00e5ende skole. Caroline Aioki Kaarstein, til venstre, og Leonora Hansen Haugsdal til h\u00f8yre.<\/p>\n<p> Foto: Vegard Lille\u00e5s \/ NRK<\/p>\n<p>\u2013 Jeg forst\u00e5r det, men voksne drikker jo kaffe med koffein, p\u00e5peker Caroline Aioki Kaarstein.<\/p>\n<p>Selv om det er forbudt \u00e5 selge energidrikker p\u00e5 skolen, er det ikke ulovlig \u00e5 nyte medbrakt.\n<\/p>\n<p>    <img class=\"dhtb__img--YLLyL\" alt=\"To bokser energidrikk st\u00e5r p\u00e5 et bord, en med teksten &quot;TRST&quot; og en annen med teksten &quot;Red Bull.&quot; I bakgrunnen ses uskarpe personer og en kj\u00f8lig innend\u00f8rs setting. En h\u00e5nd med neglelakk er synlig, hvilende p\u00e5 kneet til en person. Fokuset er p\u00e5 energidrikken og de tilh\u00f8rende omgivelsene. (Bildebeskrivelsen er laget av en KI-tjeneste)\" loading=\"lazy\" fetchpriority=\"auto\" style=\"--_horizontal-object-position: max(100%, min(0px, calc(0.50 * 100% - 0.50 * 100vw + 50vw))) max(100%, min(0px, calc(0.50 * 100% - 0.50 * 100vh + 50vh))); --_vertical-object-position: max(100%, min(0px, calc(0.50 * 100% - 0.50 * 100vw + 50vw))) max(100%, min(0px, calc(0.50 * 100% - 0.50 * 100vh + 50vh)));\" \/><\/p>\n<p>Mange drikker energidrikker i kantina p\u00e5 Sandefjord videreg\u00e5ende skole.<\/p>\n<p>Foto: Hans Philip Hofgaard \/ NRK<\/p>\n<p>Mange drikker energidrikker i kantina p\u00e5 Sandefjord videreg\u00e5ende skole.<\/p>\n<p> Foto: Hans Philip Hofgaard \/ NRK<\/p>\n<p>\u2013 Vi klarer ikke \u00e5 renske skolen for energidrikk, men vi kan renske undervisningssituasjonen for energidrikk. S\u00e5 det er en bra start, sier rektor Hermod H\u00e5tveit.<\/p>\n<p><strong>P\u00e5 eget initiativ innf\u00f8rte de forbud mot salg av energidrikk i skolekantina allerede i h\u00f8st.<\/strong><\/p>\n<p>\u2013 Vi tok et oppgj\u00f8r med oss selv. Hvorfor skal vi selge energidrikk n\u00e5r det kan sl\u00e5 feil ut hos elevene?<\/p>\n<p>Publisert<\/p>\n<p>08.01.2026, kl. 13.49<\/p>\n","protected":false},"excerpt":{"rendered":"Saken oppsummert: Telemark har innf\u00f8rt forbud mot salg av energidrikk p\u00e5 videreg\u00e5ende skoler, i likhet med Agder. Forbudet&hellip;\n","protected":false},"author":2,"featured_media":132101,"comment_status":"","ping_status":"","sticky":false,"template":"","format":"standard","meta":{"footnotes":""},"categories":[10],"tags":[20,21,24,25,15,22,23,13,30,28,29,14,16,26,27],"class_list":{"0":"post-132100","1":"post","2":"type-post","3":"status-publish","4":"format-standard","5":"has-post-thumbnail","7":"category-norge","8":"tag-breaking-news","9":"tag-breakingnews","10":"tag-featured-news","11":"tag-featurednews","12":"tag-headlines","13":"tag-latest-news","14":"tag-latestnews","15":"tag-news","16":"tag-no","17":"tag-norge","18":"tag-norway","19":"tag-nyheter","20":"tag-overskrifter","21":"tag-top-stories","22":"tag-topstories"},"share_on_mastodon":{"url":"https:\/\/pubeurope.com\/@no\/115859801003204926","error":""},"_links":{"self":[{"href":"https:\/\/www.europesays.com\/no\/wp-json\/wp\/v2\/posts\/132100","targetHints":{"allow":["GET"]}}],"collection":[{"href":"https:\/\/www.europesays.com\/no\/wp-json\/wp\/v2\/posts"}],"about":[{"href":"https:\/\/www.europesays.com\/no\/wp-json\/wp\/v2\/types\/post"}],"author":[{"embeddable":true,"href":"https:\/\/www.europesays.com\/no\/wp-json\/wp\/v2\/users\/2"}],"replies":[{"embeddable":true,"href":"https:\/\/www.europesays.com\/no\/wp-json\/wp\/v2\/comments?post=132100"}],"version-history":[{"count":0,"href":"https:\/\/www.europesays.com\/no\/wp-json\/wp\/v2\/posts\/132100\/revisions"}],"wp:featuredmedia":[{"embeddable":true,"href":"https:\/\/www.europesays.com\/no\/wp-json\/wp\/v2\/media\/132101"}],"wp:attachment":[{"href":"https:\/\/www.europesays.com\/no\/wp-json\/wp\/v2\/media?parent=132100"}],"wp:term":[{"taxonomy":"category","embeddable":true,"href":"https:\/\/www.europesays.com\/no\/wp-json\/wp\/v2\/categories?post=132100"},{"taxonomy":"post_tag","embeddable":true,"href":"https:\/\/www.europesays.com\/no\/wp-json\/wp\/v2\/tags?post=132100"}],"curies":[{"name":"wp","href":"https:\/\/api.w.org\/{rel}","templated":true}]}}