{"id":132102,"date":"2026-01-08T13:50:13","date_gmt":"2026-01-08T13:50:13","guid":{"rendered":"https:\/\/www.europesays.com\/no\/132102\/"},"modified":"2026-01-08T13:50:13","modified_gmt":"2026-01-08T13:50:13","slug":"forerkort-ous-forskningsmagasin-hundrevis-kan-ha-mistet-forerkortet-ved-en-feil-etter-uegnet-synstest","status":"publish","type":"post","link":"https:\/\/www.europesays.com\/no\/132102\/","title":{"rendered":"F\u00f8rerkort, OUS | Forskningsmagasin: Hundrevis kan ha mistet f\u00f8rerkortet ved en feil etter uegnet synstest"},"content":{"rendered":"\n<p>Testen kan ha bidratt til at hundrevis har mistet f\u00f8rerkortet, mener forfatter Thea Melsen Sudmann, som jobber som \u00f8yelege p\u00e5 Oslo universitetssykehus. Hovedveileder har v\u00e6rt professor \u00d8ystein Kalsnes J\u00f8rstad, som ogs\u00e5 er \u00f8yelege p\u00e5 OUS.<\/p>\n<p>\u2013 Testen ble laget for \u00e5 m\u00e5le synsfunksjonen, men brukes i dag til \u00e5 vurdere om man er egnet til \u00e5 kj\u00f8re bil, sier Sudmann til <a href=\"https:\/\/www.uio.no\/forskning\/forskningsnytt\/apollon\/artikler\/2026\/1_forerkort.html\" rel=\"nofollow noopener\" target=\"_blank\">forskningsmagasinet Apollon<\/a>. Optikere og \u00f8yeleger som tar imot pasienter med sykdommer som gj\u00f8r at sidesynet kan bli svekket, pliktes \u00e5 gjennomf\u00f8re eller henvise til unders\u00f8kelse med sidesynstest.<\/p>\n<p>Testen gjennomf\u00f8res ved at man ser p\u00e5 en s\u00e5kalt perimeter, der man ser rett fram p\u00e5 en buet skjerm og trykker n\u00e5r man ser et lysglimt. Det blir sendt ut 120 raske glimt i l\u00f8pet av den tre minutter lange testen.<\/p>\n<p>\u2013 Hvis pasienten bommer p\u00e5 ett eneste lysglimt i den sentrale delen av synsfeltet og om bommerten gjentar seg, ryker f\u00f8rerkortet, sier Sudmann. Man kan beholde f\u00f8rerkortet om man mister mange lyspunkter utenfor det sentrale synsfeltet, s\u00e5 lenge disse ikke ligger inntil hverandre, if\u00f8lge Sudmann.<\/p>\n<p><b>Les ogs\u00e5: <a class=\"simple-relation related-teaser article--c-eRUmMG article--c-eRUmMG-fZoQSp-design-nettavisen article--c-eRUmMG-gwthdJ-cv\" href=\"https:\/\/www.nettavisen.no\/rutineoperasjon-til-75-000-det-offentlige-ma-ta-regninga\/s\/5-95-2194657\" rel=\"nofollow noopener\" target=\"_blank\">Rutineoperasjon til 75 000: \u2013 Det offentlige m\u00e5 ta regninga<\/a><\/b><\/p>\n<p>Sudmann anbefaler ingen \u00e5 ta testen frivillig, og viser til at leger og optikere er forpliktet til \u00e5 varsle myndighetene om man ikke best\u00e5r den. Hun sier den er krevende \u00e5 gjennomf\u00f8re, og at resultatet kan p\u00e5virkes av dagsform.<\/p>\n<p>\u2013 Forskningsresultatene gir grunn til \u00e5 vurdere om det er mulig at flere personer med synsfeltutfall kan kj\u00f8re bil uten at det gir \u00f8kt risiko i trafikken, erkjenner avdelingsdirekt\u00f8r Helga Katharina Haug i Helsedirektoratet.<\/p>\n<p>Hun sier til Apollon at direktoratet er i gang med \u00e5 vurdere kravene til synsfeltutfall.<\/p>\n<p>\u2013 Dette arbeidet er ikke avsluttet, s\u00e5 vi har ingen konklusjon enn\u00e5.<\/p>\n<p><b>Les ogs\u00e5: <a class=\"simple-relation related-teaser article--c-eRUmMG article--c-eRUmMG-fZoQSp-design-nettavisen article--c-eRUmMG-gwthdJ-cv\" href=\"https:\/\/www.nettavisen.no\/kvinne-fratatt-forerkort-i-kristiansand-uforsvarlig-skraping\/s\/5-95-2806616\" rel=\"nofollow noopener\" target=\"_blank\">Kvinne fratatt f\u00f8rerkort i Kristiansand: \u2013 Uforsvarlig skraping<\/a><\/b><\/p>\n","protected":false},"excerpt":{"rendered":"Testen kan ha bidratt til at hundrevis har mistet f\u00f8rerkortet, mener forfatter Thea Melsen Sudmann, som jobber som&hellip;\n","protected":false},"author":2,"featured_media":132103,"comment_status":"","ping_status":"","sticky":false,"template":"","format":"standard","meta":{"footnotes":""},"categories":[5],"tags":[20,21,24,25,15,19,22,23,17,18,13,30,28,29,14,16,26,27],"class_list":{"0":"post-132102","1":"post","2":"type-post","3":"status-publish","4":"format-standard","5":"has-post-thumbnail","7":"category-overskrifter","8":"tag-breaking-news","9":"tag-breakingnews","10":"tag-featured-news","11":"tag-featurednews","12":"tag-headlines","13":"tag-hovedoppslag","14":"tag-latest-news","15":"tag-latestnews","16":"tag-main-news","17":"tag-mainnews","18":"tag-news","19":"tag-no","20":"tag-norge","21":"tag-norway","22":"tag-nyheter","23":"tag-overskrifter","24":"tag-top-stories","25":"tag-topstories"},"share_on_mastodon":{"url":"https:\/\/pubeurope.com\/@no\/115859804806395116","error":""},"_links":{"self":[{"href":"https:\/\/www.europesays.com\/no\/wp-json\/wp\/v2\/posts\/132102","targetHints":{"allow":["GET"]}}],"collection":[{"href":"https:\/\/www.europesays.com\/no\/wp-json\/wp\/v2\/posts"}],"about":[{"href":"https:\/\/www.europesays.com\/no\/wp-json\/wp\/v2\/types\/post"}],"author":[{"embeddable":true,"href":"https:\/\/www.europesays.com\/no\/wp-json\/wp\/v2\/users\/2"}],"replies":[{"embeddable":true,"href":"https:\/\/www.europesays.com\/no\/wp-json\/wp\/v2\/comments?post=132102"}],"version-history":[{"count":0,"href":"https:\/\/www.europesays.com\/no\/wp-json\/wp\/v2\/posts\/132102\/revisions"}],"wp:featuredmedia":[{"embeddable":true,"href":"https:\/\/www.europesays.com\/no\/wp-json\/wp\/v2\/media\/132103"}],"wp:attachment":[{"href":"https:\/\/www.europesays.com\/no\/wp-json\/wp\/v2\/media?parent=132102"}],"wp:term":[{"taxonomy":"category","embeddable":true,"href":"https:\/\/www.europesays.com\/no\/wp-json\/wp\/v2\/categories?post=132102"},{"taxonomy":"post_tag","embeddable":true,"href":"https:\/\/www.europesays.com\/no\/wp-json\/wp\/v2\/tags?post=132102"}],"curies":[{"name":"wp","href":"https:\/\/api.w.org\/{rel}","templated":true}]}}