{"id":132104,"date":"2026-01-08T13:52:10","date_gmt":"2026-01-08T13:52:10","guid":{"rendered":"https:\/\/www.europesays.com\/no\/132104\/"},"modified":"2026-01-08T13:52:10","modified_gmt":"2026-01-08T13:52:10","slug":"har-de-giftet-seg-etter-brude-bildet","status":"publish","type":"post","link":"https:\/\/www.europesays.com\/no\/132104\/","title":{"rendered":"Har de giftet seg etter \u00abbrude\u00bb-bildet?"},"content":{"rendered":"<p class=\"kicker \" style=\"\">Iselin Guttormsen og Catalin Andrei Mihu:<\/p>\n<p>    Det profilerte paret har f\u00e5tt flere til \u00e5 tro at de har giftet seg, men er selv stumme som \u00f8sters.<\/p>\n<p>\n    SAMMEN: Catalin Andrei Mihu og Iselin Guttormsen har holdt sammen siden de fant kj\u00e6rligheten p\u00e5 \u00abSkal vi danse\u00bb-parketten. Foto: Andreas Fadum \/ Se og H\u00f8r\n  <\/p>\n<p>Vi skrur tiden tilbake til 2022. Forberedelsene til \u00e5rets \u00abSkal vi danse\u00bb er godt i gang, og TV 2 skal finne den beste kjendisdanseren blant de beste kjendisdanserne. Det er duket for \u00abAll Stars\u00bb-sesong.\u00a0<\/p>\n<p>Influenser og sexolog Iselin Guttormsen (38) er tilbake p\u00e5 parketten, etter at hun \u00e5ret f\u00f8r m\u00e5tte trekke seg fra konkurransen som f\u00f8lge av et tretthetsbrudd.<\/p>\n<p>    <a itemprop=\"url\" href=\"https:\/\/www.seher.no\/kjendis\/bryter-tausheten\/83821231\" rel=\"nofollow noopener\" target=\"_blank\"><\/p>\n<p>        <img loading=\"lazy\" decoding=\"async\" src=\"https:\/\/www.europesays.com\/no\/wp-content\/uploads\/2026\/01\/83805958.webp.webp\" width=\"147\" height=\"98\" title=\"Bryter tausheten\" alt=\"\" class=\"lazyload\" style=\"--aspect-ratio-image: 1.50; \"\/><\/p>\n<p>        Bryter tausheten<\/p>\n<p>    <\/a><\/p>\n<p>Hun f\u00e5r lov til \u00e5 pr\u00f8ve seg p\u00e5 nytt, igjen med proffdanser Catalin Andrei Mihu (32).<\/p>\n<p>Paret skaper utvilsomt magi p\u00e5 parketten, men at en romanse utvikler seg i takt med Iselins danseferdigheter er de f\u00e6rreste klar over.<\/p>\n<p>        <img loading=\"lazy\" decoding=\"async\" src=\"https:\/\/www.europesays.com\/no\/wp-content\/uploads\/2026\/01\/84072583.webp.webp\" width=\"686\" height=\"460\" title=\"GOD KJEMI: At Iselin og Catalin gjorde en god jobb p\u00e5 parketten. Foto: Espen Solli \/ TV 2\" alt=\"\" class=\"\" style=\"--aspect-ratio-image: 1.49; \"\/><\/p>\n<p>\n        GOD KJEMI: At Iselin og Catalin gjorde en god jobb p\u00e5 parketten. Foto: Espen Solli \/ TV 2\n    <\/p>\n<p>Men &#8211; omsider kom det for en dag. Iselin og Catalin fant kj\u00e6rligheten p\u00e5 parketten, og har v\u00e6rt et par siden.<\/p>\n<p>Full forvirring\t<\/p>\n<p>Torsdag denne uken publiserte derimot Iselin et bilde som fikk samtlige underholdningsreportere i denne redaksjonen til \u00e5 sette kaffen i halsen.<\/p>\n<p>        OVERRASKER: Da \u00abA-laget\u00bb stiller Linn Sk\u00e5ber et uventet skilpadde-sp\u00f8rsm\u00e5l, begynner t\u00e5rene \u00e5 trille hos skuespillerlegenden. Video: \u00abA-laget\u00bb\/ NRK\/ R\u00f8d L\u00f8per<\/p>\n<p>Catalin, stilig antrukket i kjole og hvitt, og Iselin &#8211; i en hvit, stroppel\u00f8s kjole. Paret poserer kyssende bak det som ser ut som et enormt brudesl\u00f8r.\u00a0<\/p>\n<p class=\"\">Men &#8211; den hvite kjolen ser da vitterlig ut som en brudekjole? Og har ikke Iselin tagget en bryllupsfotograf under bildet?<\/p>\n<p class=\"font-weight-bold m-font-weight-bold\" data-lab-font_weight=\"font-weight-bold\">Vent &#8211; har Iselin og Catalin giftet seg?<\/p>\n<p>Se og H\u00f8r tok raskt saken i egne hender, og detektivferdighetene ble satt p\u00e5 pr\u00f8ve. Verken han eller henne st\u00e5r oppf\u00f8rt som gift i Folkeregistret.\u00a0<\/p>\n<p>Vi har ogs\u00e5 fors\u00f8kt \u00e5 f\u00e5 den (potensielt) ferske bruden i tale, uten at hun har besvart henvendelsen v\u00e5r.<\/p>\n<p>I tillegg ble det annonsert i desember at duoen skulle medvirke under The Wedding Artistry Masterclass i Drammen siste helgen i januar. Catalin skal v\u00e6re med for \u00e5 snakke om dans i bryllup, mens Iselin er hans partner.<\/p>\n<p>Det kan tenkes at det ferske bildet er knyttet opp til dette &#8211; men heller ikke det er bekreftet.<\/p>\n<p>Med andre ord r\u00e5der fremdeles forvirringen i redaksjonen. I alle fall i skrivende stund &#8211; men det er godt \u00e5 se at vi ikke er alene.<\/p>\n<p>    <a itemprop=\"url\" href=\"https:\/\/www.seher.no\/kjendis\/blitt-en-bedre-mor\/83908193\" rel=\"nofollow noopener\" target=\"_blank\"><\/p>\n<p>        <img loading=\"lazy\" decoding=\"async\" src=\"https:\/\/www.europesays.com\/no\/wp-content\/uploads\/2026\/01\/1767880330_219_83446551.webp.webp\" width=\"147\" height=\"98\" title=\"- Blitt en bedre mor\" alt=\"\" class=\"lazyload\" style=\"--aspect-ratio-image: 1.50; \"\/><\/p>\n<p>        &#8211; Blitt en bedre mor<\/p>\n<p>    <\/a><\/p>\n<p>Kommentarfeltet p\u00e5 Instagram bugner nemlig over av gratulasjoner og sp\u00f8rsm\u00e5l.<\/p>\n<p>&#8211; N\u00e6men\t<\/p>\n<p>Det virker nemlig som at Iselins f\u00f8lgere ogs\u00e5 leste dette som at hun og Catalin n\u00e5 trolig er smidd i Hymens lenker. De aller fleste kommentarene p\u00e5 innlegget er gratulasjoner &#8211; og det er ogs\u00e5 noen som sp\u00f8r om de har giftet seg.<\/p>\n<p>\u00abVar det brudekjolen din? Har dere giftet dere? Gratulerer i s\u00e5 fall\u00bb, skriver en f\u00f8lger.<\/p>\n<p>        \u00abALLE ELSKER DAVID\u00bb: David Eriksen forteller at han hadde planer om \u00e5 lyve om dette. Video: \u00abAlle elsker David\u00bb\/TV 2, Nora Skavhaug\/R\u00f8d L\u00f8per<\/p>\n<p>\u00abN\u00e6men. Gratulerer s\u00e5 mye\u00bb, skriver tidligere \u00abSkal vi danse\u00bb-deltaker Harlem Alexander (39).<\/p>\n<p>\u00abGratulerer som nygift Iselin Guttormsen og Catalin Andrei Mihu. Hurra for kj\u00e6rligheten\u00bb, skriver en tredje.<\/p>\n<p>Man kan naturligvis ikke tolke gratulasjonene som en bekreftelse p\u00e5 den mulige ekteskapsinng\u00e5elsen. N\u00e5 er det bare \u00e5 avvente at paret selv tar bladet fra munnen.<\/p>\n","protected":false},"excerpt":{"rendered":"Iselin Guttormsen og Catalin Andrei Mihu: Det profilerte paret har f\u00e5tt flere til \u00e5 tro at de har&hellip;\n","protected":false},"author":2,"featured_media":132105,"comment_status":"","ping_status":"","sticky":false,"template":"","format":"standard","meta":{"footnotes":""},"categories":[58],"tags":[183,6704,71,15287,13218,5891,479,30,28,29,2280,72],"class_list":{"0":"post-132104","1":"post","2":"type-post","3":"status-publish","4":"format-standard","5":"has-post-thumbnail","7":"category-underholdning","8":"tag-bryllup","9":"tag-catalin-andrei-mihu","10":"tag-entertainment","11":"tag-forvirring","12":"tag-giftet-seg","13":"tag-iselin-guttormsen","14":"tag-kjendis","15":"tag-no","16":"tag-norge","17":"tag-norway","18":"tag-skal-vi-danse","19":"tag-underholdning"},"share_on_mastodon":{"url":"https:\/\/pubeurope.com\/@no\/115859812720323453","error":""},"_links":{"self":[{"href":"https:\/\/www.europesays.com\/no\/wp-json\/wp\/v2\/posts\/132104","targetHints":{"allow":["GET"]}}],"collection":[{"href":"https:\/\/www.europesays.com\/no\/wp-json\/wp\/v2\/posts"}],"about":[{"href":"https:\/\/www.europesays.com\/no\/wp-json\/wp\/v2\/types\/post"}],"author":[{"embeddable":true,"href":"https:\/\/www.europesays.com\/no\/wp-json\/wp\/v2\/users\/2"}],"replies":[{"embeddable":true,"href":"https:\/\/www.europesays.com\/no\/wp-json\/wp\/v2\/comments?post=132104"}],"version-history":[{"count":0,"href":"https:\/\/www.europesays.com\/no\/wp-json\/wp\/v2\/posts\/132104\/revisions"}],"wp:featuredmedia":[{"embeddable":true,"href":"https:\/\/www.europesays.com\/no\/wp-json\/wp\/v2\/media\/132105"}],"wp:attachment":[{"href":"https:\/\/www.europesays.com\/no\/wp-json\/wp\/v2\/media?parent=132104"}],"wp:term":[{"taxonomy":"category","embeddable":true,"href":"https:\/\/www.europesays.com\/no\/wp-json\/wp\/v2\/categories?post=132104"},{"taxonomy":"post_tag","embeddable":true,"href":"https:\/\/www.europesays.com\/no\/wp-json\/wp\/v2\/tags?post=132104"}],"curies":[{"name":"wp","href":"https:\/\/api.w.org\/{rel}","templated":true}]}}