{"id":132106,"date":"2026-01-08T13:57:17","date_gmt":"2026-01-08T13:57:17","guid":{"rendered":"https:\/\/www.europesays.com\/no\/132106\/"},"modified":"2026-01-08T13:57:17","modified_gmt":"2026-01-08T13:57:17","slug":"arfan-bhatti-masseskytingen-i-oslo-10","status":"publish","type":"post","link":"https:\/\/www.europesays.com\/no\/132106\/","title":{"rendered":"Arfan Bhatti, Masseskytingen i Oslo"},"content":{"rendered":"\n<p>i terrorrettssaken <a href=\"https:\/\/www.nettavisen.no\/nyheter\/i-dag-kommer-patalebeslutning-i-saken-mot-terrorsiktede-arfan-bhatti\/s\/5-95-2377099\" rel=\"Follow nofollow noopener\" target=\"_blank\">mot islamisten Arfan Bhatti<\/a> la p\u00e5talemyndigheten ned p\u00e5stand om straff p\u00e5 <a href=\"https:\/\/www.nettavisen.no\/nyheter\/aktor-ber-om-30-ars-forvaring-for-terrortiltalte-arfan-bhatti\/s\/5-95-2713938\" rel=\"Follow nofollow noopener\" target=\"_blank\">30 \u00e5rs forvaring<\/a> for den terrortiltalte 48-\u00e5ringen.<\/p>\n<p>Dette er lovens strengeste straff i Norge.<\/p>\n<p>Bhatti har nektet straffskyld for de alvorlige anklagene. I retten la stjerneadvokaten John Christian Elden og hans team ned p\u00e5stand om at Bhatti m\u00e5tte frifinnes.<\/p>\n<p>Det har ikke v\u00e6rt kjent akkurat n\u00e5r den historiske dommen kommer, men Nettavisen f\u00e5r bekreftet datoen.<\/p>\n<p>            Fakta om terrorsaken med Arfan Bhatti<\/p>\n<p>* Klokka 1.13 natt til l\u00f8rdag 25. juni 2022 avfyrte Zaniar Matapour (45) 18 skudd mot personer som befant seg i og utenfor baren Per p\u00e5 Hj\u00f8rnet og utestedet London Pub i Oslo sentrum. Skytingen fant sted under Oslo Pride.<\/p>\n<p>* K\u00e5re Arvid Hesvik og Jon Erik Isachsen ble drept av skuddene, mens ni andre ble p\u00e5f\u00f8rt skuddskader. Totalt 312 personer har hatt status som forn\u00e6rmet i saken.<\/p>\n<p>* Matapour sto tiltalt for grov terror. Oslo tingrett slo 4. juli i fjor fast at han var tilregnelig etter tiltalen og d\u00f8mte ham til en straff av forvaring i 30 \u00e5r, med en minstetid p\u00e5 20 \u00e5r. Han anket dommen, men trakk anken i januar 2025.<\/p>\n<p>* Ytterligere fire personer ble opprinnelig siktet i saken, blant dem islamisten Arfan Bhatti. Alle nektet straffskyld. <b>Bhatti nekter fortsatt straffskyld. <\/b><\/p>\n<p>* Bhatti er n\u00e5 tiltalt for medvirkning til terrorhandlingen. P\u00e5talemyndigheten mener angrepet fant sted etter felles planlegging, med bistand og st\u00f8tte fra Bhatti. Han skal videre ha bist\u00e5tt i anskaffelsen av v\u00e5pen og fors\u00f8k p\u00e5 \u00e5 opprette kontakt med terrororganisasjonen IS for at de skulle p\u00e5ta seg ansvaret for handlingen.<\/p>\n<p>* Rettssaken mot Arfan Bhatti startet i Oslo tingrett tirsdag 2. september og er berammet fram til 7. november.<\/p>\n<p><b>KILDE:<\/b> NTB<\/p>\n<p><b>Les ogs\u00e5:<\/b> <a href=\"https:\/\/www.nettavisen.no\/nyheter\/ekspertene-mener-arfan-bhatti-er-psykopat-mener-han-mangler-empati\/s\/5-95-2701879\" rel=\"Follow nofollow noopener\" target=\"_blank\">Arfan Bhatti hater norske verdier: \u2013 Bruker Nav-ordninger<\/a><\/p>\n<p>Dette er dato for dommen<\/p>\n<p>\u2013 Vi har f\u00e5tt opplyst at dommen blir avsagt fredag 16. januar klokken 12.00, sier Bernt Heiberg til Nettavisen.<\/p>\n<p>Han er \u00e9n av fire forsvarere Bhatti har i forsvarerteamet og som betales av norske skattebetalere.<\/p>\n<p>Dommen blir avsagt i den st\u00f8rste rettssalen i Oslo tingrett, sal 250. Dette er samme sal som den <a href=\"https:\/\/www.nettavisen.no\/nyheter\/innenriks\/eirik-jensen-domt-til-21-ars-fengsel-for-narkotika-kriminalitet-og-korrupsjon\/s\/12-95-3423373299\" rel=\"Follow nofollow noopener\" target=\"_blank\">tidligere polititoppen Eirik Jensen fikk sin dom i, da han fikk 21 \u00e5rs fengsel<\/a> i tingretten i september 2017. Felles for de to sakene er at det er samme dommer, Kim Heger, og samme hovedforsvarer, John Christian Elden.<\/p>\n<p>Bare to uker og to dager etter at Bhatti har f\u00e5tt dommen skal Marius Borg H\u00f8iby m\u00f8te i samme sal og <a href=\"https:\/\/www.nettavisen.no\/kjendis\/bekrefter-dette-er-marius-borg-hoiby-tiltalt-for\/s\/5-95-2571897\" rel=\"Follow nofollow noopener\" target=\"_blank\">svare for en rekke alvorlige anklager<\/a> mot ham.<\/p>\n<p><b>Les ogs\u00e5:<\/b><a href=\"https:\/\/www.nettavisen.no\/nyheter\/slik-ble-arfan-bhatti-avslort-av-politiet-i-terrorsaken\/s\/5-95-2616341\" rel=\"Follow nofollow noopener\" target=\"_blank\"> Slik ble Bhatti avsl\u00f8rt av politiet i terrorsaken<\/a><\/p>\n<p>   <img decoding=\"async\" width=\"6000\" height=\"4000\" fetchpriority=\"low\"  loading=\"lazy\"  src=\"https:\/\/www.europesays.com\/no\/wp-content\/uploads\/2025\/09\/NTB_7nz5H8u_GUM.jpg\" alt=\"Oslo 20240402. &#10;V\u00e5pnene til Matapour, en Luger og en MP40 maskinpistol ble vist frem ti rettssal 250 i Oslo tinghus torsdag i straffesaken der Zaniar Matapour er tiltalt for grov terror etter at han \u00e5pnet ild utenfor Per p\u00e5 hj\u00f8rnet og London pub i Oslo natt til 25. juni 2022.&#10;Foto: Cornelius Poppe \/ NTB\" class=\"brick-c-cFOWSL\" style=\"--brick-image-ratio: 6000 \/ 4000;\"\/><\/p>\n<p>      Oslo 20240402.<br \/>\nV\u00e5pnene til Matapour, en Luger og en MP40 maskinpistol ble vist frem ti rettssal 250 i Oslo tinghus torsdag i straffesaken der Zaniar Matapour er tiltalt for grov terror etter at han \u00e5pnet ild utenfor Per p\u00e5 hj\u00f8rnet og London pub i Oslo natt til 25. juni 2022.<br \/>\nFoto: Cornelius Poppe \/ NTB<br \/>\n      Foto: Cornelius Poppe (NTB)\n    <\/p>\n<p>  To drept i terrorangrepet<\/p>\n<p>Med en alder p\u00e5 48 \u00e5r risikerer Bhatti \u00e5 sitte i fengsel livet ut, dersom han skulle bli d\u00f8mt i tr\u00e5d med p\u00e5talemyndighetens p\u00e5stand. En forvaringsdom kan lede til at han aldri slipper ut, selv etter de 30 \u00e5rene.<\/p>\n<p>Bhatti har v\u00e6rt fengslet siden han ble p\u00e5grepet av spesialstyrker i Pakistan 26. september 2022 og satt i et minifengsel som er spesialisert for farlige forbrytere. F\u00f8rst 14. april \u00e5ret etter ble han overf\u00f8rt til et ordin\u00e6rt fengsel. Han ble senere utlevert til Norge og har sittet varetektsfengslet siden han kom p\u00e5 norsk jord 3. mai 2024.<\/p>\n<p>Etter over et \u00e5r i Kongsvinger fengsel ble han overf\u00f8rt til Ullersmo fengsel i forkant av rettssaken som startet h\u00f8sten 2025.<\/p>\n<p>P\u00e5talemyndigheten mener Bhatti var hovedmannen bak <a href=\"https:\/\/www.nettavisen.no\/nyheter\/to-personer-drept-i-skyting-i-oslo-sentrum-en-person-er-pagrepet\/s\/12-95-3424286674\" rel=\"Follow nofollow noopener\" target=\"_blank\">masseskytingen i Oslo natt til 25. juni 2022<\/a>. Sommeren 2024 ble Zaniar Matapour <a href=\"https:\/\/www.nettavisen.no\/nyheter\/pride-skytingen-zaniar-matapour-har-fatt-dommen-i-terrorsaken-etter-masseskytingen-i-oslo-i-juni-2022\/s\/5-95-1902853\" rel=\"Follow nofollow noopener\" target=\"_blank\">d\u00f8mt til en historisk streng straff<\/a> i samme sak, 30 \u00e5rs forvaring. Det var han som gjennomf\u00f8rte terrorangrepet og drepte to mennesker.<\/p>\n<p>Ni andre ble p\u00e5f\u00f8rt skuddskader.<\/p>\n<p>   <img decoding=\"async\" width=\"959\" height=\"719\" fetchpriority=\"low\"  loading=\"lazy\"  src=\"https:\/\/www.europesays.com\/no\/wp-content\/uploads\/2026\/01\/A+Arfan+Bhatti+%284%29.jpg\" alt=\"\" class=\"brick-c-cFOWSL\" style=\"--brick-image-ratio: 959 \/ 719;\"\/><\/p>\n<p>      KJEMPET: Bhatti, nr to bak fra venstre, innr\u00f8mmet i rettssaken at han har sverget troskap til Taliban.<br \/>\n      Foto: Privat\n    <\/p>\n<p>Under rettssaken har Bhatti ogs\u00e5 innr\u00f8mmet <a href=\"https:\/\/www.nettavisen.no\/nyheter\/arfan-bhatti-sverget-troskap-til-taliban-nekter-a-svare-pa-om-han-drepte-for-dem\/s\/5-95-2595794\" rel=\"Follow nofollow noopener\" target=\"_blank\">at han har sverget troskap til Taliban<\/a> som i dag styrer Afghanistan. Dette ble brukt mot ham av p\u00e5talemyndigheten for \u00e5 underbygge hans syn som ekstremist. Taliban er en fundamentalistisk islamistisk organisasjon.<\/p>\n","protected":false},"excerpt":{"rendered":"i terrorrettssaken mot islamisten Arfan Bhatti la p\u00e5talemyndigheten ned p\u00e5stand om straff p\u00e5 30 \u00e5rs forvaring for den&hellip;\n","protected":false},"author":2,"featured_media":79559,"comment_status":"","ping_status":"","sticky":false,"template":"","format":"standard","meta":{"footnotes":""},"categories":[10],"tags":[20,21,24,25,15,22,23,13,30,28,29,14,16,26,27],"class_list":{"0":"post-132106","1":"post","2":"type-post","3":"status-publish","4":"format-standard","5":"has-post-thumbnail","7":"category-norge","8":"tag-breaking-news","9":"tag-breakingnews","10":"tag-featured-news","11":"tag-featurednews","12":"tag-headlines","13":"tag-latest-news","14":"tag-latestnews","15":"tag-news","16":"tag-no","17":"tag-norge","18":"tag-norway","19":"tag-nyheter","20":"tag-overskrifter","21":"tag-top-stories","22":"tag-topstories"},"share_on_mastodon":{"url":"https:\/\/pubeurope.com\/@no\/115859832375050320","error":""},"_links":{"self":[{"href":"https:\/\/www.europesays.com\/no\/wp-json\/wp\/v2\/posts\/132106","targetHints":{"allow":["GET"]}}],"collection":[{"href":"https:\/\/www.europesays.com\/no\/wp-json\/wp\/v2\/posts"}],"about":[{"href":"https:\/\/www.europesays.com\/no\/wp-json\/wp\/v2\/types\/post"}],"author":[{"embeddable":true,"href":"https:\/\/www.europesays.com\/no\/wp-json\/wp\/v2\/users\/2"}],"replies":[{"embeddable":true,"href":"https:\/\/www.europesays.com\/no\/wp-json\/wp\/v2\/comments?post=132106"}],"version-history":[{"count":0,"href":"https:\/\/www.europesays.com\/no\/wp-json\/wp\/v2\/posts\/132106\/revisions"}],"wp:featuredmedia":[{"embeddable":true,"href":"https:\/\/www.europesays.com\/no\/wp-json\/wp\/v2\/media\/79559"}],"wp:attachment":[{"href":"https:\/\/www.europesays.com\/no\/wp-json\/wp\/v2\/media?parent=132106"}],"wp:term":[{"taxonomy":"category","embeddable":true,"href":"https:\/\/www.europesays.com\/no\/wp-json\/wp\/v2\/categories?post=132106"},{"taxonomy":"post_tag","embeddable":true,"href":"https:\/\/www.europesays.com\/no\/wp-json\/wp\/v2\/tags?post=132106"}],"curies":[{"name":"wp","href":"https:\/\/api.w.org\/{rel}","templated":true}]}}