{"id":132107,"date":"2026-01-08T14:04:22","date_gmt":"2026-01-08T14:04:22","guid":{"rendered":"https:\/\/www.europesays.com\/no\/132107\/"},"modified":"2026-01-08T14:04:22","modified_gmt":"2026-01-08T14:04:22","slug":"slik-har-pandemien-endret-akademia","status":"publish","type":"post","link":"https:\/\/www.europesays.com\/no\/132107\/","title":{"rendered":"Slik har pandemien endret akademia"},"content":{"rendered":"<p>P\u00e5 denne tiden for fem \u00e5r siden var Norge var det strenge koronatiltak i Norge. \u00c9n meters avstand, skjenkeforbud og hjemmekontor var regelen. Studiestart hadde blitt utsatt for \u00e5 unng\u00e5 smitte. Universiteter og h\u00f8gskoler hadde nesten bare digital undervisning og digitale eksamener.\u00a0<\/p>\n<p class=\"kicker \">FAKTA<\/p>\n<p>        Om forskningsprosjektet<\/p>\n<p>\u00a0Nifu har hatt to\u00a0 forsknkngsprosjekter om pandemiens konsekvenser. Det ene handler om konsevenser for forskning (p\u00e5 oppdrag fra Norges forskningsr\u00e5d har NIFU, i samarbeid med Statistisk sentralbyr\u00e5), det andre om konsekvenser for\u00a0studenter og ansatte i h\u00f8yere utdanning (\u00a0i samarbeid med FHI p\u00e5 oppdrag av HK-dir).\u00a0<\/p>\n<p>Noen funn:<\/p>\n<ul>\n<li>Covid-19-pandemien var en ekstraordin\u00e6r belastning for hele forskningssystemet: universiteter og h\u00f8yskoler, instituttsektoren, helseforetakene og n\u00e6ringslivet<\/li>\n<li>Tatt i betraktning hvor inngripende pandemien var, har det g\u00e5tt rimelig bra<\/li>\n<li>I dag ser vi normalisering p\u00e5 mange omr\u00e5der<\/li>\n<li>Sektoren har tatt med seg nyttige praksiser og infrastruktur for digitale og hybride arbeidsmetoder<\/li>\n<li>P\u00e5 forskningssiden har pandemien demonstrert institusjonenes samfunnsrolle og evne til omstilling<\/li>\n<li>Forskn\u00ading spilte en n\u00f8kkelrolle i h\u00e5ndteringen av pandemien \u2013 innen medisin, helse og samfunn. Pandemien viste hvilken betydning forskning kan ha for \u00e5 l\u00f8se et stort samfunnsproblem<\/li>\n<\/ul>\n<p>Pandemien f\u00f8rte til at fysiske forskningskonferanser forsvant og forskningsprosjekter stoppet opp.\u00a0<\/p>\n<p>I slutten av september samme \u00e5r \u00e5pnet Norge opp igjen.\u00a0<\/p>\n<p>Men har alt vendt tilbake til normalen, eller har pandemien satt varige spor i h\u00f8yere utdanning og forskning?<\/p>\n<p>Det er tema p\u00e5 et\u00a0<a href=\"https:\/\/www.nifu.no\/nifu-seminar-8-januar-2026-konsekvenser-av-pandemien-i-hoyere-utdanning-og-forskning\/\" rel=\"nofollow noopener\" target=\"_blank\">seminar torsdag<\/a>\u00a09. januar. Der legger Nifu (Nordisk institutt for studier av innovasjon, forskning og utdanning) fram tre rapporter om pandemiens konsekvenser, b\u00e5de mens den sto p\u00e5 og for ettertiden.<\/p>\n<p>Her er sju endringer etter pandemien:<\/p>\n<p>1. Hjemmekontor har blitt mer vanlig\u00a0<\/p>\n<p>Bruk av hjemmekontor har blitt langt mer alminnelig i etterkant av pandemien, fastsl\u00e5r forskerne.<\/p>\n<p>En sp\u00f8rreunders\u00f8kelse viser at andelen som oppga at de jobbet mest fra hjemmekontor, har doblet seg, til 14 prosent, fra 2020 til 2024.<\/p>\n<p>Andelen som oppgir at de er noe p\u00e5 hjemmekontor, har ogs\u00e5 vokst kraftig, mens andelen som kun arbeider i lokalene p\u00e5 arbeidsplassen, har falt betydelig, fra 40 prosent f\u00f8r 2020 til 15 prosent i 2024.<\/p>\n<p>Flertallet av forskerne (67 prosent) oppgir at de jobber mest fra arbeidsplassen, men noe fra hjemmekontor.<\/p>\n<p>Nifu har ogs\u00e5 intervjuet ansatte og studenter. I intervjuer sier ansatte som bruker hjemmekontor at de setter pris p\u00e5 fleksibiliteten, og at de har f\u00e5tt gode rutiner for \u00e5 jobbe uforstyrret hjemmefra.<\/p>\n<p>Samtidig sier de fleste informantene at det er for mye hjemmekontor, og at \u00abdet mangler folk i gangene\u00bb.<\/p>\n<p>Noen sier at det er vanskelig \u00e5 f\u00e5 tak i folk i administrasjonen. Mange har \u00f8nsket seg tydeligere retningslinjer.<\/p>\n<p>\u00abFor underviserne, som for mange andre arbeidstakere i Norge, er bruken av hjemmekontor antakelig det mest tydelige og varige sporet som pandemien har satt i arbeidshverdagen\u00bb, st\u00e5r det i en av rapportene.<\/p>\n<p>Etter pandemien har ogs\u00e5 administrativt ansatte begynt \u00e5 bruke hjemmekontor mer enn tidligere.\u00a0<\/p>\n<p>        <a itemprop=\"url\" class=\"\" href=\"https:\/\/www.khrono.no\/kontorene-star-tomme-etter-korona-bare-15-prosent-moter-opp-hver-dag\/787797\" data-k5a-url=\"https:\/\/www.khrono.no\/a\/787797\" rel=\"nofollow noopener\" target=\"_blank\"><\/p>\n<p>Hjemmekontor <\/p>\n<p>            Kontorene st\u00e5r tomme etter korona. Bare 15 prosent m\u00f8ter opp hver dag <\/p>\n<p>        <\/a><\/p>\n<p>2. Det har blitt flere digitale m\u00f8ter\u00a0<\/p>\n<p>Tallene tyder ogs\u00e5 p\u00e5 at digitale m\u00f8ter har blitt mer vanlig for forskere. Respondentene ble spurt om hva som var vanlig m\u00f8teform f\u00f8r pandemien og etter pandemien, h\u00f8sten 2022.<\/p>\n<p>Fysiske m\u00f8ter var riktignok fortsatt dominerende. Men andelen som oppga at deres fagmilj\u00f8 kun hadde fysiske m\u00f8ter, gikk ned med 39 prosentpoeng.<\/p>\n<p>Flere oppga at valg av m\u00f8teform er pragmatisk. Mindre m\u00f8ter ved egen institusjon er gjerne fysiske, mens m\u00f8ter med eksterne samarbeidspartnere ofte er digitale.<\/p>\n<p>M\u00f8ter med mange deltakere er ofte hybride.<\/p>\n<p>Ikke alle er begeistret for utviklingen. Flere informanter sa at pandemien senket terskelen for \u00e5 kalle inn til digitale m\u00f8ter, noe som medf\u00f8rte flere m\u00f8ter enn tidligere.\u00a0<\/p>\n<p>En underviser sa at man i dag kan \u00abg\u00e5 fra et m\u00f8te til et annet p\u00e5 sekundet\u00bb. Andre sa at dagsorden for de digitale m\u00f8tene ofte er uklar.<\/p>\n<p>3. Forskere reiser litt mindre<\/p>\n<p>Forskningsreiser stoppet helt opp under pandemien, men har stabilisert seg p\u00e5 et lavere niv\u00e5 enn f\u00f8r pandemien.\u00a0<\/p>\n<p>45 prosent av forskerpersonalet oppga i 2024 at de gjennomf\u00f8rte f\u00e6rre faglige reiser enn f\u00f8r pandemien.\u00a0<\/p>\n<p>Andelen som oppga at de i et normal\u00e5r ikke hadde noen faglige reiser, doblet seg til 12 prosent.\u00a0<\/p>\n<p>Andelen storreisende, med ti eller flere reiser i \u00e5ret, ble halvert.<br \/>\nDa forskerne ble spurt om \u00e5rsaken til endringen, oppga flest \u00abegen prioritering av tid\u00bb. De nest vanligste \u00e5rsakene folk oppga, var endringer i tilbudet av fysiske og digitale m\u00f8ter og konferanser. Mange opplevde ogs\u00e5 trangere reisebudsjetter.<\/p>\n<p>4. Det har blitt mer digital undervisning\u00a0<\/p>\n<p>Antallet studenter p\u00e5 nettbaserte studieprogrammer har \u00f8kt med nesten 90 prosent sammenlignet med 2019, if\u00f8lge tall fra direktoratet HK-dir. Direktoratet sier riktignok ikke at dette skyldes pandemien.<\/p>\n<p>        <a itemprop=\"url\" class=\"\" href=\"https:\/\/www.khrono.no\/vil-avskaffe-hjemmeeksamen-blir-til-slutt-en-parodi\/893951\" data-k5a-url=\"https:\/\/www.khrono.no\/a\/893951\" rel=\"nofollow noopener\" target=\"_blank\"><\/p>\n<p>kunstig intelligens<\/p>\n<p>            Vil avskaffe hjemme\u00adeksamen: \u2014 Blir til slutt en parodi <\/p>\n<p>        <\/a><\/p>\n<p>Nifu-rapportene beskriver pandemien som en katalysator for digitaliseringsprosesser som allerede var i gang.<\/p>\n<p>Selv om nettbaserte tilbud opprinnelig var rettet mot voksne i arbeid, ser man n\u00e5 at en \u00f8kende andel yngre studenter s\u00f8ker seg til de digitale og samlingsbaserte tilbudene.<\/p>\n<p>Ledere og undervisere som er intervjuet, sier at studentenes holdninger har endret seg. N\u00e5 forventer de for eksempel at fysiske forelesninger ogs\u00e5 skal str\u00f8mmes og tas opp.<\/p>\n<p>En informant sa at n\u00e5 som studentene har sett hva som er mulig \u00e5 f\u00e5 til, kan man ikke \u00abputte tannkremen tilbake p\u00e5 tuben\u00bb.<\/p>\n<p>5. Noen forskere har blitt hengende etter\u00a0<\/p>\n<p>Noen grupper, s\u00e6rlig de i undervisningstunge stillinger og forskere med omsorgsoppgaver, fikk mindre tid til forskning og publiserte mindre under pandemien. S\u00e6rlig gjaldt det kvinner.<\/p>\n<p>Analysene gir ikke klare tegn til at dette tapet senere er blitt tatt igjen. Det betyr at forskjellene som oppstod i publiseringsaktivitet under pandemien, i stor grad har blitt videref\u00f8rt i etterkant. Dette kan igjen f\u00e5 karrieremessige konsekvenser for dem det gjelder.<\/p>\n<p>6. Flere sliter psykisk\u00a0<\/p>\n<p>Allerede f\u00f8r pandemien viste unders\u00f8kelser en gradvis forverring av studenters psykiske helse. Da samfunnet stengte ned i 2020, ble denne utviklingen kraftig forsterket. Samtidig understreker forskerne at det er vanskelig \u00e5 skille effekter av pandemien fra andre samtidige samfunnsendringer.<\/p>\n<p>Analysene viser at ensomheten \u00f8kte markant under pandemien, og at niv\u00e5et fortsatt er h\u00f8yere enn f\u00f8r pandemien.<\/p>\n<p>Studenter i omr\u00e5der med strenge nedstengningstiltak rapporterte mer om psykiske plager, og s\u00e6rlig kvinner og yngre studenter ble hardt rammet.<\/p>\n<p>En l\u00e6rdom er at fysisk tilstedev\u00e6relse p\u00e5 campus har en beskyttende effekt mot ensomhet og psykiske plager.<\/p>\n<p>Selv om mye har normalisert seg, konkluderer forskerne med at pandemien har satt spor i studentenes psykiske helse som ikke fullt ut har forsvunnet.<\/p>\n<p>Det er ogs\u00e5 vesentlig flere ansatte som rapporterer om psykiske plager som skyldes jobben i 2025 enn f\u00f8r pandemien.<\/p>\n<p>Nifu skriver at merbelastninger under pandemien kan ha bidratt til psykiske utfordringer p\u00e5 lengre sikt.<\/p>\n<p>Forskerne kan imidlertid ikke slutte at \u00f8kningen skyldes pandemien. Dessuten ble dataene f\u00f8r pandemien samlet inn med telefonintervju, mens de etter pandemien ble samlet inn med nettskjema, noe som kan ha p\u00e5virket utfallet.<\/p>\n<p>Det er ogs\u00e5 f\u00e6rre som sier at de er forn\u00f8yde med jobben og opplever mestring ofte i 2025, sammenlignet med 2019.<\/p>\n<p>7. Pandemikullene skiller seg fra andre\u00a0<\/p>\n<p>Underviserne rapporterer om en tendens til at sosiale ferdigheter er svakere utviklet hos noen av studentene som har erfart pandemien.<\/p>\n<p>Flere undervisere sier ogs\u00e5 at studenter mangler erfaring med samarbeid, noe som knyttes til at formative \u00e5r i ungdomsskolen og videreg\u00e5ende ble preget av hjemmeskole.<\/p>\n<p>Studenter t\u00f8r i mindre grad \u00e5 ta ordet i grupper, if\u00f8lge en underviser p\u00e5 sykepleierutdanningen.<\/p>\n<p>        <a itemprop=\"url\" class=\"\" href=\"https:\/\/www.khrono.no\/fem-ar-siden-norge-stengte-ned-hvordan-har-akademia-endret-seg\/950619\" data-k5a-url=\"https:\/\/www.khrono.no\/a\/950619\" rel=\"nofollow noopener\" target=\"_blank\"><\/p>\n<p>covid-19<\/p>\n<p>            Fem \u00e5r siden Norge stengte ned:\u00a0\u2014 Det var veldig spesielt de f\u00f8rste dagene<\/p>\n<p>        <\/a><\/p>\n<p>I tillegg melder undervisere om at studenter mer enn tidligere forventer at undervisningen skal tilpasses deres individuelle behov, snarere enn at de selv tilpasser seg de faglige rammene.<\/p>\n<p>R\u00e5dgivere i videreg\u00e5ende skole p\u00e5peker at elever som startet etter pandemien, ofte fremst\u00e5r som mindre modne og har st\u00f8rre utfordringer med \u00e5 danne sosiale relasjoner enn tidligere.<\/p>\n<p class=\"font-weight-bold m-font-weight-bold\" data-lab-font_weight=\"font-weight-bold\">Kilder:\u00a0<\/p>\n<ul>\n<li class=\"lab-bodytext-line\">Langsiktige konsekvenser av koronapandemien for studenter og ansatte i h\u00f8yere utdanning. (Jannecke Wiers-Jenssen, B\u00f8rge Sivertsen, Tea Dyred Pedersen, Aslaug Louise Slette, Elisabeth Hovdhaugen, Sabine Wollscheid, Fride Flobakk-Sitter, Magnus Eliassen Stubhaug og Inge Ramberg)<\/li>\n<li class=\"lab-bodytext-line\">Forskning i krisetid (Dag W. Aksnes og Per M. Koch)<\/li>\n<li class=\"lab-bodytext-line\">Skiller pandemikullene seg fra tidligere studentkull? (Magnus Eliasson Stubhaug, Jannike Gottschalk Ballo og Elisabeth Hovdhaugen<\/li>\n<\/ul>\n","protected":false},"excerpt":{"rendered":"P\u00e5 denne tiden for fem \u00e5r siden var Norge var det strenge koronatiltak i Norge. \u00c9n meters avstand,&hellip;\n","protected":false},"author":2,"featured_media":132108,"comment_status":"","ping_status":"","sticky":false,"template":"","format":"standard","meta":{"footnotes":""},"categories":[10],"tags":[20,21,24,25,15,22,23,13,30,28,29,14,16,26,27],"class_list":{"0":"post-132107","1":"post","2":"type-post","3":"status-publish","4":"format-standard","5":"has-post-thumbnail","7":"category-norge","8":"tag-breaking-news","9":"tag-breakingnews","10":"tag-featured-news","11":"tag-featurednews","12":"tag-headlines","13":"tag-latest-news","14":"tag-latestnews","15":"tag-news","16":"tag-no","17":"tag-norge","18":"tag-norway","19":"tag-nyheter","20":"tag-overskrifter","21":"tag-top-stories","22":"tag-topstories"},"share_on_mastodon":{"url":"https:\/\/pubeurope.com\/@no\/115859859882241819","error":""},"_links":{"self":[{"href":"https:\/\/www.europesays.com\/no\/wp-json\/wp\/v2\/posts\/132107","targetHints":{"allow":["GET"]}}],"collection":[{"href":"https:\/\/www.europesays.com\/no\/wp-json\/wp\/v2\/posts"}],"about":[{"href":"https:\/\/www.europesays.com\/no\/wp-json\/wp\/v2\/types\/post"}],"author":[{"embeddable":true,"href":"https:\/\/www.europesays.com\/no\/wp-json\/wp\/v2\/users\/2"}],"replies":[{"embeddable":true,"href":"https:\/\/www.europesays.com\/no\/wp-json\/wp\/v2\/comments?post=132107"}],"version-history":[{"count":0,"href":"https:\/\/www.europesays.com\/no\/wp-json\/wp\/v2\/posts\/132107\/revisions"}],"wp:featuredmedia":[{"embeddable":true,"href":"https:\/\/www.europesays.com\/no\/wp-json\/wp\/v2\/media\/132108"}],"wp:attachment":[{"href":"https:\/\/www.europesays.com\/no\/wp-json\/wp\/v2\/media?parent=132107"}],"wp:term":[{"taxonomy":"category","embeddable":true,"href":"https:\/\/www.europesays.com\/no\/wp-json\/wp\/v2\/categories?post=132107"},{"taxonomy":"post_tag","embeddable":true,"href":"https:\/\/www.europesays.com\/no\/wp-json\/wp\/v2\/tags?post=132107"}],"curies":[{"name":"wp","href":"https:\/\/api.w.org\/{rel}","templated":true}]}}