{"id":132109,"date":"2026-01-08T14:11:10","date_gmt":"2026-01-08T14:11:10","guid":{"rendered":"https:\/\/www.europesays.com\/no\/132109\/"},"modified":"2026-01-08T14:11:10","modified_gmt":"2026-01-08T14:11:10","slug":"trafikk-hadeland-stengt-stengt-stengt-slik-kommer-du-deg-mellom-hadeland-og-toten-na","status":"publish","type":"post","link":"https:\/\/www.europesays.com\/no\/132109\/","title":{"rendered":"Trafikk, Hadeland | Stengt, stengt, stengt: Slik kommer du deg mellom Hadeland og Toten n\u00e5"},"content":{"rendered":"\n<p><a href=\"https:\/\/www.oa.no\/lastebil-med-metangass-ligger-pa-siden\/s\/5-35-2211148\" rel=\"Follow nofollow noopener\" target=\"_blank\">En lastebil med metangass kj\u00f8rte av riksvei 4 torsdag. <\/a>N\u00f8detatene rykket ut, og veien ble stengt. Det ble opprettet en sikkerhetssone p\u00e5 300 meter fordi det var usikkert om det hadde oppst\u00e5tt en skummel lekkasje fra gasstransporten.<\/p>\n<p>Da riksvei 4 ble stengt skjedde f\u00f8lgende:<\/p>\n<ul>\n<li>En lastebil kj\u00f8rte i gr\u00f8fta p\u00e5 Kolbulinna, som var omkj\u00f8ringsvei<\/li>\n<li>To vogntog ble st\u00e5ende fast p\u00e5 vestsida langs Einastranda, som var omkj\u00f8ringsvei<\/li>\n<\/ul>\n<p>Klokka 13.45 snakker Oppland Arbeiderblad med operat\u00f8r Emil \u00d8yen hos Vegtrafikksentralen i \u00d8st. Der tikker meldingene inn og dialogen g\u00e5r varm mellom dem, politiet og entrepren\u00f8rer.<\/p>\n<p>  <a href=\"https:\/\/www.oa.no\/5-35-2211148\" class=\"related-teaser has-image default-story-teaser article--c-eRUmMG article--c-eRUmMG-jKCPdD-design-default\" rel=\"nofollow noopener\" target=\"_blank\"><\/p>\n<p>    <img decoding=\"async\" loading=\"lazy\"  src=\"https:\/\/www.europesays.com\/no\/wp-content\/uploads\/2026\/01\/photo+%2829%29.jpg\" alt=\"\" class=\"brick-c-cFOWSL\" style=\"\"\/><\/p>\n<p>\n            Les ogs\u00e5<\/p>\n<p>              Oppretter sikkerhetssone etter ulykke \u2013 frykter gasslekkasje\n        <\/p>\n<p>  <\/a><\/p>\n<p>To ganger mens OA snakker med \u00d8yen, ber han om oss om \u00e5 vente fordi det kommer nye beskjeder inn til operat\u00f8rene som skal ha kontroll p\u00e5 trafikkmeldingene.<\/p>\n<p><b>OA oppdaterer denne saken etter hvert som trafikkbildet endrer seg.<\/b><\/p>\n<p>F\u00f8lgende gjelder p\u00e5 det tidspunktet, if\u00f8lge \u00d8yen:<\/p>\n<ul>\n<li>Langs <b>vestsida av Einafjorden<\/b> fra Einavoll til Eina sentrum kan man kun kj\u00f8re personbil s\u00f8rg\u00e5ende. \u2013 Her er det ikke egnet for toveis trafikk, og politiet og entrepren\u00f8r er enige om at det kun skal kunne kj\u00f8res s\u00f8rg\u00e5ende her, sier \u00d8yen.<\/li>\n<li><b>Kolbulinna<\/b> fra krysset mot riksvei 4 er \u00e5pen etter utforkj\u00f8ringen der, men kun for personbiler<\/li>\n<li><b>Vogntog<\/b> kan verken kj\u00f8re Kolbulinna eller vestsida av Einafjorden. \u2013 De blir bedt om \u00e5 kj\u00f8re fylkesvei 180 ned fra Lygna til Hurdal eller til Brandbu og fylkesvei 34 videre til S\u00f8ndre Land, sier \u00d8yen.<\/li>\n<\/ul>\n<p>   <img decoding=\"async\" width=\"979\" height=\"690\" fetchpriority=\"low\"  loading=\"lazy\"  src=\"https:\/\/www.europesays.com\/no\/wp-content\/uploads\/2026\/01\/Screenshot+2026-01-08+14.21.24.png\" alt=\"\" class=\"brick-c-cFOWSL\" style=\"--brick-image-ratio: 979 \/ 690;\"\/><\/p>\n<p>      STATUS 14.20: Dette bildet fra vegvesenets trafikkoversikt viser status rundt Einafjorden.<br \/>\n      Foto: Statens vegvesen\n    <\/p>\n<p>Riksvei 4 er delvis \u00e5pnet ved 14-tiden, men bergingen av lastebilen med gass kommer til \u00e5 ta tid. F\u00f8rst opplyste politiet at veien blir helt stengt mens dette skjer, men fra Vegtrafikksentralen opplyses det f\u00f8lgende:<\/p>\n<p>\u2013 Det vil bli lysregulert p\u00e5 riksvei 4 i ett felt mens arbeidet med \u00e5 t\u00f8mme lastebilen p\u00e5g\u00e5r. Det anses for \u00e5 v\u00e6re trygt. Det vil ta opp til 24 timer \u00e5 t\u00f8mme lastebilen og berge den, sier \u00d8yen.<\/p>\n<p><b>Slik ser det ut ved Lygna:<\/b><\/p>\n<p><b>Slik ser det ut p\u00e5 riksvei 4 s\u00f8r for Eina sentrum:<\/b><\/p>\n","protected":false},"excerpt":{"rendered":"En lastebil med metangass kj\u00f8rte av riksvei 4 torsdag. N\u00f8detatene rykket ut, og veien ble stengt. Det ble&hellip;\n","protected":false},"author":2,"featured_media":132110,"comment_status":"","ping_status":"","sticky":false,"template":"","format":"standard","meta":{"footnotes":""},"categories":[10],"tags":[36,20,21,24,25,3354,15,22,23,13,30,28,29,14,16,1510,26,27,224,8573],"class_list":{"0":"post-132109","1":"post","2":"type-post","3":"status-publish","4":"format-standard","5":"has-post-thumbnail","7":"category-norge","8":"tag-art","9":"tag-breaking-news","10":"tag-breakingnews","11":"tag-featured-news","12":"tag-featurednews","13":"tag-hadeland","14":"tag-headlines","15":"tag-latest-news","16":"tag-latestnews","17":"tag-news","18":"tag-no","19":"tag-norge","20":"tag-norway","21":"tag-nyheter","22":"tag-overskrifter","23":"tag-story","24":"tag-top-stories","25":"tag-topstories","26":"tag-trafikk","27":"tag-vestre-toten"},"share_on_mastodon":{"url":"https:\/\/pubeurope.com\/@no\/115859887560266257","error":""},"_links":{"self":[{"href":"https:\/\/www.europesays.com\/no\/wp-json\/wp\/v2\/posts\/132109","targetHints":{"allow":["GET"]}}],"collection":[{"href":"https:\/\/www.europesays.com\/no\/wp-json\/wp\/v2\/posts"}],"about":[{"href":"https:\/\/www.europesays.com\/no\/wp-json\/wp\/v2\/types\/post"}],"author":[{"embeddable":true,"href":"https:\/\/www.europesays.com\/no\/wp-json\/wp\/v2\/users\/2"}],"replies":[{"embeddable":true,"href":"https:\/\/www.europesays.com\/no\/wp-json\/wp\/v2\/comments?post=132109"}],"version-history":[{"count":0,"href":"https:\/\/www.europesays.com\/no\/wp-json\/wp\/v2\/posts\/132109\/revisions"}],"wp:featuredmedia":[{"embeddable":true,"href":"https:\/\/www.europesays.com\/no\/wp-json\/wp\/v2\/media\/132110"}],"wp:attachment":[{"href":"https:\/\/www.europesays.com\/no\/wp-json\/wp\/v2\/media?parent=132109"}],"wp:term":[{"taxonomy":"category","embeddable":true,"href":"https:\/\/www.europesays.com\/no\/wp-json\/wp\/v2\/categories?post=132109"},{"taxonomy":"post_tag","embeddable":true,"href":"https:\/\/www.europesays.com\/no\/wp-json\/wp\/v2\/tags?post=132109"}],"curies":[{"name":"wp","href":"https:\/\/api.w.org\/{rel}","templated":true}]}}