{"id":13211,"date":"2025-08-20T13:34:09","date_gmt":"2025-08-20T13:34:09","guid":{"rendered":"https:\/\/www.europesays.com\/no\/13211\/"},"modified":"2025-08-20T13:34:09","modified_gmt":"2025-08-20T13:34:09","slug":"sarpsborg-08-fotball-signerte-ny-s08-kontrakt-har-blitt-som-et-hjem-for-meg","status":"publish","type":"post","link":"https:\/\/www.europesays.com\/no\/13211\/","title":{"rendered":"Sarpsborg 08, Fotball | Signerte ny S08-kontrakt: \u2013 Har blitt som et hjem for meg"},"content":{"rendered":"\n<p>N\u00e5 har 22-\u00e5ringen en kontrakt med Sarpsborg 08 som varer ut 2028-sesongen.<\/p>\n<p>Det er veldig godt nytt for alle med bl\u00e5hvitt hjerte. Sher spilte A-landskamp for Irak i juni f\u00f8r han ble skadet og har utviklet seg til \u00e5 bli en n\u00f8kkelspiller for Sarpsborg 08.<\/p>\n<p>\u2013 Jeg kjenner at jeg er hjemme. Sarpsborg har blitt som et hjem for meg. Jeg trives ekstremt godt i laget, i byen og med alle som jobber rundt klubben. Jeg kom hit da jeg var p\u00e5 et bunnpunkt i min karriere. Sarpsborg ga meg muligheten og det er jeg ekstremt takknemlig for. Jeg vil fortsette p\u00e5 denne reisen og gi noe tilbake til Sarpsborg, sier Sher til klubbens hjemmeside.<\/p>\n<p>Han ble hentet til Sarpsborg 08 fra Spezia i Italia i 2024.<\/p>\n<p>Forn\u00f8yd sportssjef<\/p>\n<p>Sportssjef Hampus Andersson er veldig forn\u00f8yd med at de har landet en ny avtale med Sher.<\/p>\n<p>\u2013 Det har v\u00e6rt en prioritet for oss. Aimar har blitt en n\u00f8kkelspiller p\u00e5 og utenfor banen. Han gir av seg selv hver eneste dag og er en lederfigur i form av sin kraft p\u00e5 banen og seri\u00f8sitet utenfor. Vi er stolte og glade over at han velger \u00e5 forlenge kontrakten med oss, sier Andersson.<\/p>\n<p>Sher har v\u00e6rt skadet siden begynnelsen av juni, men er i god trening og er forh\u00e5pentligvis tilbake i kamp om tre-fire uker.<\/p>\n<p>      Lysten p\u00e5 tittel<\/p>\n<p>Sher skal v\u00e6re tilbake i god form f\u00f8r den viktige innspurten i eliteserien og cupfinalen mot Lillestr\u00f8m p\u00e5 Ullevaal stadion l\u00f8rdag 6. desember.<\/p>\n<p>\u2013 Et cupgull hadde v\u00e6rt noe helt ekstremt stort for meg, medspillerne mine og hele klubben. Jeg har gjort det en gang i Sverige, s\u00e5 satser vi p\u00e5 at det blir et cupgull ogs\u00e5 i Norge. Med det sagt er det en utrolig viktig og spennende h\u00f8st vi har foran oss. Vi har v\u00e6rt gjennom en t\u00f8ff periode, men vi skal reise oss sterkere enn noen gang. Jeg har stor tro p\u00e5 laget og ledelsen i klubben, sier Sher.<\/p>\n<p>  <a href=\"https:\/\/www.sa.no\/5-46-1871468\" class=\"related-teaser has-image default-story-teaser article--c-eRUmMG article--c-eRUmMG-jKCPdD-design-default\" rel=\"nofollow noopener\" target=\"_blank\"><\/p>\n<p>    <img decoding=\"async\" loading=\"lazy\"  src=\"https:\/\/www.europesays.com\/no\/wp-content\/uploads\/2025\/08\/5_46_1582374+ta_30.01.24_Haglund_0008.JPG\" alt=\"\" class=\"brick-c-cFOWSL\" style=\"\"\/><\/p>\n<p>\n            Les ogs\u00e5<\/p>\n<p>              SA erfarer: Utvik kan v\u00e6re klar for S08-spill allerede mandag\n        <\/p>\n<p>  <\/a><\/p>\n<p>  <a href=\"https:\/\/www.sa.no\/5-46-1871363\" class=\"related-teaser has-image default-story-teaser article--c-eRUmMG article--c-eRUmMG-jKCPdD-design-default\" rel=\"nofollow noopener\" target=\"_blank\"><\/p>\n<p>    <img decoding=\"async\" loading=\"lazy\"  src=\"https:\/\/www.europesays.com\/no\/wp-content\/uploads\/2025\/08\/Uten+navn-1.jpg\" alt=\"\" class=\"brick-c-cFOWSL\" style=\"\"\/><\/p>\n<p>\n            Les ogs\u00e5<\/p>\n<p>              Michelsen og Kl\u00e6boe ferdig i Sarpsborg 08\n        <\/p>\n<p>  <\/a><\/p>\n<p>  <a href=\"https:\/\/www.sa.no\/5-46-1871455\" class=\"related-teaser has-image default-story-teaser article--c-eRUmMG article--c-eRUmMG-jKCPdD-design-default\" rel=\"nofollow noopener\" target=\"_blank\"><\/p>\n<p>    <img decoding=\"async\" loading=\"lazy\"  src=\"https:\/\/www.europesays.com\/no\/wp-content\/uploads\/2025\/08\/1755696849_447_Uten+navn-1.jpg\" alt=\"\" class=\"brick-c-cFOWSL\" style=\"\"\/><\/p>\n<p>\n            Les ogs\u00e5<\/p>\n<p>              Disse kan ta over Sarpsborg 08: \u2013 Jeg er sugen p\u00e5 ny jobb\n        <\/p>\n<p>  <\/a><\/p>\n<p>Les mer om: artikkelemnene<\/p>\n","protected":false},"excerpt":{"rendered":"N\u00e5 har 22-\u00e5ringen en kontrakt med Sarpsborg 08 som varer ut 2028-sesongen. Det er veldig godt nytt for&hellip;\n","protected":false},"author":2,"featured_media":13212,"comment_status":"","ping_status":"","sticky":false,"template":"","format":"standard","meta":{"footnotes":""},"categories":[59],"tags":[2559,36,92,594,30,28,29,218,133,83,82,1510],"class_list":{"0":"post-13211","1":"post","2":"type-post","3":"status-publish","4":"format-standard","5":"has-post-thumbnail","7":"category-sport","8":"tag-aimar-sher","9":"tag-art","10":"tag-fotball","11":"tag-hampus-andersson","12":"tag-no","13":"tag-norge","14":"tag-norway","15":"tag-pluss","16":"tag-sarpsborg-08","17":"tag-sport","18":"tag-sports","19":"tag-story"},"share_on_mastodon":{"url":"","error":""},"_links":{"self":[{"href":"https:\/\/www.europesays.com\/no\/wp-json\/wp\/v2\/posts\/13211","targetHints":{"allow":["GET"]}}],"collection":[{"href":"https:\/\/www.europesays.com\/no\/wp-json\/wp\/v2\/posts"}],"about":[{"href":"https:\/\/www.europesays.com\/no\/wp-json\/wp\/v2\/types\/post"}],"author":[{"embeddable":true,"href":"https:\/\/www.europesays.com\/no\/wp-json\/wp\/v2\/users\/2"}],"replies":[{"embeddable":true,"href":"https:\/\/www.europesays.com\/no\/wp-json\/wp\/v2\/comments?post=13211"}],"version-history":[{"count":0,"href":"https:\/\/www.europesays.com\/no\/wp-json\/wp\/v2\/posts\/13211\/revisions"}],"wp:featuredmedia":[{"embeddable":true,"href":"https:\/\/www.europesays.com\/no\/wp-json\/wp\/v2\/media\/13212"}],"wp:attachment":[{"href":"https:\/\/www.europesays.com\/no\/wp-json\/wp\/v2\/media?parent=13211"}],"wp:term":[{"taxonomy":"category","embeddable":true,"href":"https:\/\/www.europesays.com\/no\/wp-json\/wp\/v2\/categories?post=13211"},{"taxonomy":"post_tag","embeddable":true,"href":"https:\/\/www.europesays.com\/no\/wp-json\/wp\/v2\/tags?post=13211"}],"curies":[{"name":"wp","href":"https:\/\/api.w.org\/{rel}","templated":true}]}}