{"id":132111,"date":"2026-01-08T14:12:10","date_gmt":"2026-01-08T14:12:10","guid":{"rendered":"https:\/\/www.europesays.com\/no\/132111\/"},"modified":"2026-01-08T14:12:10","modified_gmt":"2026-01-08T14:12:10","slug":"tror-smittetoppen-kan-vaere-nadd-nrk-buskerud-lokale-nyheter-tv-og-radio","status":"publish","type":"post","link":"https:\/\/www.europesays.com\/no\/132111\/","title":{"rendered":"Tror smittetoppen kan v\u00e6re n\u00e5dd \u2013 NRK Buskerud \u2013 Lokale nyheter, TV og radio"},"content":{"rendered":"<p>Rett f\u00f8r jul var influensasmitten sterkt \u00f8kende flere steder i Norge. I uke 50 var 28 prosent av pr\u00f8vene positive for influensa, og mange m\u00e5tte tilbringe juleh\u00f8ytiden under dyna.<\/p>\n<p>N\u00e5 kan det verste v\u00e6re over mange steder i landet, if\u00f8lge Folkehelseinstituttet.<\/p>\n<p>En fersk <a href=\"https:\/\/www.fhi.no\/publ\/statusrapporter\/luftveisinfeksjoner\/\" ec-id=\"https:\/\/www.fhi.no\/publ\/statusrapporter\/luftveisinfeksjoner\/\" ec-name=\"statusrapport om luftveisinfeksjoner\" rel=\"nofollow noopener\" target=\"_blank\">statusrapport om luftveisinfeksjoner<\/a>, viser at smittetallene har sunket merkbart de siste to ukene.<\/p>\n<p><strong>I fylker hvor utbruddet har kommet senere i gang, er imidlertid smittetoppen kanskje enn\u00e5 ikke n\u00e5dd, if\u00f8lge FHI. Fylkene som har h\u00f8yest andel smittede i \u00f8yeblikket er Innlandet, M\u00f8re og Romsdal og Telemark. <\/strong><\/p>\n<p>22 prosent av testene slo positivt ut for sykdommen i forrige uke.<\/p>\n<p>FHI understreker at det fremdeles er viktig at uvaksinerte eldre, barn i risikogrupper, og helsepersonell med pasientkontakt vaksinerer seg s\u00e5 raskt som mulig.<\/p>\n<p>Det er forel\u00f8pig rapportert om 665 sykehusinnleggelser med influensa i uke 1, noe som er en nedgang fra 731 i uka f\u00f8r.<\/p>\n<p>Det er registrert 42 d\u00f8dsfall assosiert med influensa i den samme perioden.<\/p>\n<p>Flere yngre innlagt p\u00e5 sykehus<\/p>\n<p>Ogs\u00e5 i Drammen er antall positive pr\u00f8ver betydelig lavere enn f\u00f8r jul. P\u00e5 det h\u00f8yeste var over 30 prosent av pr\u00f8vene positive. N\u00e5 har dette tallet sunket til 22 prosent.\n<\/p>\n<p><img decoding=\"async\"   src=\"data:image\/gif;base64,R0lGODlhAQABAIAAAAAAAP\/\/\/yH5BAEAAAAALAAAAAABAAEAAAIBRAA7\" loading=\"eager\" alt=\"Einar Sagberg, smittevernoverlege Drammen kommune\" title=\"Foto: Azad Razaei \/ NRK\"\/><\/p>\n<p class=\"\">Smittevernoverlege Einar Sagberg i Drammen.<\/p>\n<p>Foto: Azad Razaei \/ NRK<\/p>\n<p><strong>\u2013 Langt f\u00e6rre er blitt testet den siste tiden. Det kan hende at smitten tar seg opp de neste ukene. Det er vanskelig \u00e5 si noe sikkert, sier smittevernoverlege Einar Sagberg.<\/strong><\/p>\n<p>Ved Drammen sykehus er mellom 15\u201320 pasienter innlagt med influensa. De fleste er eldre, men ogs\u00e5 unge mennesker har blitt rammet hardt.<\/p>\n<p><strong>\u2013 Vi har observert at ogs\u00e5 en del yngre har utviklet lungebetennelse etter en runde med influensa, forteller avdelingssjef ved medisinsk avdeling, Oscar Kristiansen.<\/strong><\/p>\n<p><img decoding=\"async\"   src=\"data:image\/gif;base64,R0lGODlhAQABAIAAAAAAAP\/\/\/yH5BAEAAAAALAAAAAABAAEAAAIBRAA7\" loading=\"eager\" alt=\"Oscar Kristiansen, avdelingssjef ved medisinsk avdeling ved Drammen sykehus.\" title=\"Foto: Caroline Utti \/ NRK\"\/><\/p>\n<p class=\"\">Avdelingssjef ved medisinsk avdeling p\u00e5 Drammen sykehus, Oscar Kristiansen.<\/p>\n<p>Foto: Caroline Utti \/ NRK<\/p>\n<p>N\u00e5 vil sykehuset fors\u00f8ke \u00e5 finne ut hvorfor.<\/p>\n<p><strong>\u2013 En del yngre f\u00e5r bakteriell infeksjon i lungene som krever behandling med antibiotika. Vi ser mer av det i \u00e5r, og \u00f8nsker \u00e5 unders\u00f8ke \u00e5rsakene til dette, sier Kristiansen.<\/strong><\/p>\n<p>Han har inntrykk av at smittetrykket er litt lavere n\u00e5 enn f\u00f8r jul, men understreker at viruset fortsatt gj\u00f8r seg gjeldende.<\/p>\n<p>\u2013 Det er fremdeles mye smitte ute i samfunnet, sier Kristiansen.<\/p>\n<p>Publisert<\/p>\n<p>08.01.2026, kl. 13.54<\/p>\n<p>Oppdatert<\/p>\n<p>08.01.2026, kl. 14.54<\/p>\n","protected":false},"excerpt":{"rendered":"Rett f\u00f8r jul var influensasmitten sterkt \u00f8kende flere steder i Norge. I uke 50 var 28 prosent av&hellip;\n","protected":false},"author":2,"featured_media":132112,"comment_status":"","ping_status":"","sticky":false,"template":"","format":"standard","meta":{"footnotes":""},"categories":[5],"tags":[20,21,24,25,15,19,22,23,17,18,13,30,28,29,14,16,26,27],"class_list":{"0":"post-132111","1":"post","2":"type-post","3":"status-publish","4":"format-standard","5":"has-post-thumbnail","7":"category-overskrifter","8":"tag-breaking-news","9":"tag-breakingnews","10":"tag-featured-news","11":"tag-featurednews","12":"tag-headlines","13":"tag-hovedoppslag","14":"tag-latest-news","15":"tag-latestnews","16":"tag-main-news","17":"tag-mainnews","18":"tag-news","19":"tag-no","20":"tag-norge","21":"tag-norway","22":"tag-nyheter","23":"tag-overskrifter","24":"tag-top-stories","25":"tag-topstories"},"share_on_mastodon":{"url":"https:\/\/pubeurope.com\/@no\/115859891417896280","error":""},"_links":{"self":[{"href":"https:\/\/www.europesays.com\/no\/wp-json\/wp\/v2\/posts\/132111","targetHints":{"allow":["GET"]}}],"collection":[{"href":"https:\/\/www.europesays.com\/no\/wp-json\/wp\/v2\/posts"}],"about":[{"href":"https:\/\/www.europesays.com\/no\/wp-json\/wp\/v2\/types\/post"}],"author":[{"embeddable":true,"href":"https:\/\/www.europesays.com\/no\/wp-json\/wp\/v2\/users\/2"}],"replies":[{"embeddable":true,"href":"https:\/\/www.europesays.com\/no\/wp-json\/wp\/v2\/comments?post=132111"}],"version-history":[{"count":0,"href":"https:\/\/www.europesays.com\/no\/wp-json\/wp\/v2\/posts\/132111\/revisions"}],"wp:featuredmedia":[{"embeddable":true,"href":"https:\/\/www.europesays.com\/no\/wp-json\/wp\/v2\/media\/132112"}],"wp:attachment":[{"href":"https:\/\/www.europesays.com\/no\/wp-json\/wp\/v2\/media?parent=132111"}],"wp:term":[{"taxonomy":"category","embeddable":true,"href":"https:\/\/www.europesays.com\/no\/wp-json\/wp\/v2\/categories?post=132111"},{"taxonomy":"post_tag","embeddable":true,"href":"https:\/\/www.europesays.com\/no\/wp-json\/wp\/v2\/tags?post=132111"}],"curies":[{"name":"wp","href":"https:\/\/api.w.org\/{rel}","templated":true}]}}