{"id":132113,"date":"2026-01-08T14:13:10","date_gmt":"2026-01-08T14:13:10","guid":{"rendered":"https:\/\/www.europesays.com\/no\/132113\/"},"modified":"2026-01-08T14:13:10","modified_gmt":"2026-01-08T14:13:10","slug":"ole-gunnar-solskjaer-manchester-united-5","status":"publish","type":"post","link":"https:\/\/www.europesays.com\/no\/132113\/","title":{"rendered":"Ole Gunnar Solskj\u00e6r, Manchester United"},"content":{"rendered":"\n<p>If\u00f8lge flere rapporter er Ole Gunnar Solskj\u00e6r i forhandlinger med Manchester United om \u00e5 overta som midlertidig manager ut sesongen. Ruben Amorim fikk nylig sparken fra jobben og klubben ser n\u00e5 etter en l\u00f8sning ut den innev\u00e6rende sesongen.<\/p>\n<p>Solskj\u00e6r har tidligere ledet Manchester United som manager i perioden 2018 til 2021. <\/p>\n<p>I England har Solskj\u00e6rs tidligere assistent i storklubben, Michael Carrick, blitt trukket fram som et annet alternativ til jobben. Det har ogs\u00e5 blitt spekulert i om de to igjen skulle gjenforenes og jobbe i tospann med \u00e5 lede Premier League-stormakten.<\/p>\n<p>Sky Sports: Lite trolig med Carrick og Solskj\u00e6r<\/p>\n<p>N\u00e5 melder imidlertid Sky Sports at det er lite trolig at begge de to United-heltene kommer tilbake i klubben n\u00e5.<\/p>\n<p>\u2013 Det blir mer og mer usannsynlig at Solskj\u00e6r og Carrick blir spurt om \u00e5 jobbe sammen ut sesongen, skriver kanalen torsdag.<\/p>\n<p>Onsdag kunne VG melde at Solskj\u00e6r allerede var i forhandlinger med United om en potensiell retur.<\/p>\n<p><b>Les ogs\u00e5: <a href=\"https:\/\/www.nettavisen.no\/sport\/dette-kan-bli-ole-gunnar-solskjars-lonn-i-manchester-united\/s\/5-95-2811642\" rel=\"Follow nofollow noopener\" target=\"_blank\">Dette kan bli Solskj\u00e6rs l\u00f8nn i United<\/a><\/b><\/p>\n<p>Samtidig kunne The Athletic melde at United hadde hatt innledende samtaler med b\u00e5de Solskj\u00e6r og Carrick. Det anerkjente nettstedet hevdet at Carrick kjempet med nettopp Solskj\u00e6r om jobben.<\/p>\n<p>Darren Fletcher leder United mot Brighton<\/p>\n<p>Det er ventet at en avgj\u00f8relse vil bli tatt etter at United-ledelsen har m\u00f8tt begge kandidatene ansikt til ansikt.<\/p>\n<p>Men skal vi tro Sky Sports er den siste utviklingen at de alts\u00e5 ikke kommer til \u00e5 jobbe sammen.<\/p>\n<p>Det er Darren Fletcher som leder United fram til en endelig konklusjon p\u00e5 hvem som blir midlertidig manager er avklart. Onsdag kveld ledet han klubben til et 2-2-resultat borte mot Burnley og bekreftet samtidig at han ogs\u00e5 leder laget mot Brighton.<\/p>\n","protected":false},"excerpt":{"rendered":"If\u00f8lge flere rapporter er Ole Gunnar Solskj\u00e6r i forhandlinger med Manchester United om \u00e5 overta som midlertidig manager&hellip;\n","protected":false},"author":2,"featured_media":132114,"comment_status":"","ping_status":"","sticky":false,"template":"","format":"standard","meta":{"footnotes":""},"categories":[59],"tags":[30,28,29,83,82],"class_list":{"0":"post-132113","1":"post","2":"type-post","3":"status-publish","4":"format-standard","5":"has-post-thumbnail","7":"category-sport","8":"tag-no","9":"tag-norge","10":"tag-norway","11":"tag-sport","12":"tag-sports"},"share_on_mastodon":{"url":"https:\/\/pubeurope.com\/@no\/115859895257943910","error":""},"_links":{"self":[{"href":"https:\/\/www.europesays.com\/no\/wp-json\/wp\/v2\/posts\/132113","targetHints":{"allow":["GET"]}}],"collection":[{"href":"https:\/\/www.europesays.com\/no\/wp-json\/wp\/v2\/posts"}],"about":[{"href":"https:\/\/www.europesays.com\/no\/wp-json\/wp\/v2\/types\/post"}],"author":[{"embeddable":true,"href":"https:\/\/www.europesays.com\/no\/wp-json\/wp\/v2\/users\/2"}],"replies":[{"embeddable":true,"href":"https:\/\/www.europesays.com\/no\/wp-json\/wp\/v2\/comments?post=132113"}],"version-history":[{"count":0,"href":"https:\/\/www.europesays.com\/no\/wp-json\/wp\/v2\/posts\/132113\/revisions"}],"wp:featuredmedia":[{"embeddable":true,"href":"https:\/\/www.europesays.com\/no\/wp-json\/wp\/v2\/media\/132114"}],"wp:attachment":[{"href":"https:\/\/www.europesays.com\/no\/wp-json\/wp\/v2\/media?parent=132113"}],"wp:term":[{"taxonomy":"category","embeddable":true,"href":"https:\/\/www.europesays.com\/no\/wp-json\/wp\/v2\/categories?post=132113"},{"taxonomy":"post_tag","embeddable":true,"href":"https:\/\/www.europesays.com\/no\/wp-json\/wp\/v2\/tags?post=132113"}],"curies":[{"name":"wp","href":"https:\/\/api.w.org\/{rel}","templated":true}]}}