{"id":132115,"date":"2026-01-08T14:18:11","date_gmt":"2026-01-08T14:18:11","guid":{"rendered":"https:\/\/www.europesays.com\/no\/132115\/"},"modified":"2026-01-08T14:18:11","modified_gmt":"2026-01-08T14:18:11","slug":"nyheter-trafikk-kjedekollisjon-i-lillehammer-sentrum","status":"publish","type":"post","link":"https:\/\/www.europesays.com\/no\/132115\/","title":{"rendered":"Nyheter, Trafikk | Kjedekollisjon i Lillehammer sentrum"},"content":{"rendered":"\n<p>Ett fattig minutt f\u00f8r grusbilen kom, kj\u00f8rte tre biler i hverandre torsdag ettermiddag litt over klokka 13.<\/p>\n<p>En bil sklei f\u00f8rst inn i bilen foran, f\u00f8r en tredje bil kom skliende inn i bil nummer to, f\u00e5r GD opplyst av de involverte p\u00e5 stedet.<\/p>\n<p>\u2013 De sier det var veldig glatt f\u00f8r grusbilen kom ett minutt etter, sier GDs reporter Ingunn Kl\u00e6vahaugen.<\/p>\n<p>Beryktet gate<\/p>\n<p>Det skal ikke v\u00e6re noen personskader p\u00e5 noen av de involverte. Alt har g\u00e5tt bra med samtlige, som fylte ut skademelding p\u00e5 stedet.<\/p>\n<p>\u2013 Det er noe materielle skader, men ikke noen store, opplyser GDs reporter.<\/p>\n<p>Hendelsen skjedde i beryktede Langes gate, som historisk sett har v\u00e6rt utsatt for flere trafikkuhell i l\u00f8pet av den kalde \u00e5rstida. Spesielt busser har slitt i den bratte sentrumsgaten, noe som har f\u00f8rt til at busstrafikken p\u00e5 vinterstid er dirigert om s\u00f8rsiden av S\u00f8ndre Park for \u00e5 unng\u00e5 Langes gate.<\/p>\n<p>  <a href=\"https:\/\/www.gd.no\/5-18-1285788\" class=\"related-teaser has-image default-story-teaser article--c-eRUmMG article--c-eRUmMG-jKCPdD-design-default\" rel=\"nofollow noopener\" target=\"_blank\"><\/p>\n<p>    <img decoding=\"async\" loading=\"lazy\"  src=\"https:\/\/www.europesays.com\/no\/wp-content\/uploads\/2026\/01\/TO-P%C3%85+GLATTA+1.jpg\" alt=\"\" class=\"brick-c-cFOWSL\" style=\"\"\/><\/p>\n<p>\n            Les ogs\u00e5<\/p>\n<p>              Tre biler kj\u00f8rte i hverandre i Lillehammers mest beryktede vinterbakke: \u2013 Vegen var helt polert\n        <\/p>\n<p>  <\/a><\/p>\n<p>  <a href=\"https:\/\/www.gd.no\/5-18-841499\" class=\"related-teaser default-story-teaser article--c-eRUmMG article--c-eRUmMG-jKCPdD-design-default article--c-eRUmMG-kpKLOW-cv\" rel=\"nofollow noopener\" target=\"_blank\"><\/p>\n<p>\n            Les ogs\u00e5<\/p>\n<p>              Se videoer fra tidligere uhell i Langes gate\n        <\/p>\n<p>  <\/a><br \/>\n  Flere uhell torsdag<\/p>\n<p>Det har torsdag v\u00e6rt meldt om flere trafikkuhell og biler av vegen i Lillehammer og Gudbrandsdalen. I morgentimene gikk det galt i Nordsetervegen, da en \u00f8velseskj\u00f8ring med traktor fikk l\u00e5s p\u00e5 hjulene og kj\u00f8rte av vegen.<\/p>\n<p>P\u00e5 E6 Dovrefjell kj\u00f8rte en bil i gr\u00f8fta etter \u00e5 ha mistet kontrollen p\u00e5 bilen etter \u00e5 ha f\u00e5tt sn\u00f8f\u00f8yk fra en motg\u00e5ende lastebil.<\/p>\n<p>B\u00e5de politiet og Vegtrafikksentralen sier at de har mottatt noen meldinger om vanskelige kj\u00f8reforhold i Innlandet, men ingen spesifikke omr\u00e5der i Gudbrandsdalen skal v\u00e6re spesielt rammet.<\/p>\n<p>\u2013 N\u00e5 handler det om \u00e5 kj\u00f8re etter forholdene, og sj\u00e5f\u00f8rer b\u00f8r v\u00e6re oppmerksomme p\u00e5 at det kan v\u00e6re glatt enkelte steder.<\/p>\n<p>Det er vinterf\u00f8re p\u00e5 de fleste vegene i distriktet, og Eik oppfordrer sj\u00e5f\u00f8rer til \u00e5 kj\u00f8re forsiktig.<\/p>\n<p>\u2013 Avpass farten. Vi har alle et ansvar som bilister, ta h\u00f8yde for at det kan v\u00e6re glatt, sier han.<\/p>\n","protected":false},"excerpt":{"rendered":"Ett fattig minutt f\u00f8r grusbilen kom, kj\u00f8rte tre biler i hverandre torsdag ettermiddag litt over klokka 13. En&hellip;\n","protected":false},"author":2,"featured_media":132116,"comment_status":"","ping_status":"","sticky":false,"template":"","format":"standard","meta":{"footnotes":""},"categories":[10],"tags":[36,20,21,24,25,15,22,23,1427,15288,13,30,28,29,14,16,1510,26,27,224],"class_list":{"0":"post-132115","1":"post","2":"type-post","3":"status-publish","4":"format-standard","5":"has-post-thumbnail","7":"category-norge","8":"tag-art","9":"tag-breaking-news","10":"tag-breakingnews","11":"tag-featured-news","12":"tag-featurednews","13":"tag-headlines","14":"tag-latest-news","15":"tag-latestnews","16":"tag-lillehammer","17":"tag-lillehammer-sentrum","18":"tag-news","19":"tag-no","20":"tag-norge","21":"tag-norway","22":"tag-nyheter","23":"tag-overskrifter","24":"tag-story","25":"tag-top-stories","26":"tag-topstories","27":"tag-trafikk"},"share_on_mastodon":{"url":"https:\/\/pubeurope.com\/@no\/115859915058438987","error":""},"_links":{"self":[{"href":"https:\/\/www.europesays.com\/no\/wp-json\/wp\/v2\/posts\/132115","targetHints":{"allow":["GET"]}}],"collection":[{"href":"https:\/\/www.europesays.com\/no\/wp-json\/wp\/v2\/posts"}],"about":[{"href":"https:\/\/www.europesays.com\/no\/wp-json\/wp\/v2\/types\/post"}],"author":[{"embeddable":true,"href":"https:\/\/www.europesays.com\/no\/wp-json\/wp\/v2\/users\/2"}],"replies":[{"embeddable":true,"href":"https:\/\/www.europesays.com\/no\/wp-json\/wp\/v2\/comments?post=132115"}],"version-history":[{"count":0,"href":"https:\/\/www.europesays.com\/no\/wp-json\/wp\/v2\/posts\/132115\/revisions"}],"wp:featuredmedia":[{"embeddable":true,"href":"https:\/\/www.europesays.com\/no\/wp-json\/wp\/v2\/media\/132116"}],"wp:attachment":[{"href":"https:\/\/www.europesays.com\/no\/wp-json\/wp\/v2\/media?parent=132115"}],"wp:term":[{"taxonomy":"category","embeddable":true,"href":"https:\/\/www.europesays.com\/no\/wp-json\/wp\/v2\/categories?post=132115"},{"taxonomy":"post_tag","embeddable":true,"href":"https:\/\/www.europesays.com\/no\/wp-json\/wp\/v2\/tags?post=132115"}],"curies":[{"name":"wp","href":"https:\/\/api.w.org\/{rel}","templated":true}]}}