{"id":132126,"date":"2026-01-08T14:26:12","date_gmt":"2026-01-08T14:26:12","guid":{"rendered":"https:\/\/www.europesays.com\/no\/132126\/"},"modified":"2026-01-08T14:26:12","modified_gmt":"2026-01-08T14:26:12","slug":"brannsjef-sier-rutinene-ble-fulgt-noe-uventet-skjedde","status":"publish","type":"post","link":"https:\/\/www.europesays.com\/no\/132126\/","title":{"rendered":"Brannsjef sier rutinene ble fulgt: \u2013 Noe uventet skjedde"},"content":{"rendered":"\n<ul class=\"_list_o9xde_3 _list_64s2r_85 _unordered_o9xde_106 text-sans-m\">\n<li class=\"_item_o9xde_30\">To erfarne r\u00f8ykdykkere mistet livet i en brann i Verdal natt til onsdag.<\/li>\n<li class=\"_item_o9xde_30\">Brannen utviklet seg voldsomt, og kontakten med r\u00f8ykdykkerne ble brutt etter 32 minutter.<\/li>\n<li class=\"_item_o9xde_30\">Det lokale brannvesenet er i sorg over \u00e5 ha mistet to av sine egne.<\/li>\n<\/ul>\n<p>Vis mer <\/p>\n<p class=\"_paragraph_o9xde_4 _paragraph_xtcu6_10 layout-component text-serif-m layout-normal text-serif-m layout-padded\">\u2013 Her jobbet det 18 brannfolk. Elleve av dem rykket ut den natten, sier brannsjef H\u00e5vard Bye.<\/p>\n<p class=\"_paragraph_o9xde_4 _paragraph_xtcu6_10 layout-component text-serif-m layout-normal text-serif-m layout-padded\">VG m\u00f8ter ham p\u00e5 brannstasjonen i <a href=\"https:\/\/www.vg.no\/tag\/verdal?utm_source=vg-article&amp;utm_medium=auto-tagger&amp;utm_campaign=xrPxJR\" class=\"_link_o9xde_39\" rel=\"nofollow noopener\" target=\"_blank\">Verdal<\/a> torsdag formiddag. Halvannet d\u00f8gn har g\u00e5tt siden <a href=\"https:\/\/www.vg.no\/nyheter\/i\/RjRL7a\/hus-totalskadet-i-brann-i-verdal-naboer-evakuert?utm_source=sdrn%3Avg%3Alisting%3Afe040c1d-2973-42a3-99d3-a199cbcb7cfe&amp;utm_medium=Teaser&amp;utm_content=teaser%3ARjRL7a\" data-track-element-type=\"Link\" data-track-id=\"link:RjRL7a\" class=\"_link_o9xde_39\" rel=\"nofollow noopener\" target=\"_blank\">brannen som endret alt<\/a> for dem som jobber her.<\/p>\n<p class=\"_paragraph_o9xde_4 _paragraph_xtcu6_10 layout-component text-serif-m layout-normal text-serif-m layout-padded\"><strong class=\"_strong_o9xde_25\">Br\u00e5tt mistet de to av sine egne i flammene.<\/strong><\/p>\n<p class=\"_paragraph_o9xde_4 _paragraph_xtcu6_10 layout-component text-serif-m layout-normal text-serif-m layout-padded\">Bye er tydelig preget idet han forteller:<\/p>\n<p class=\"_paragraph_o9xde_4 _paragraph_xtcu6_10 layout-component text-serif-m layout-normal text-serif-m layout-padded\">\u2013 Vi har et h\u00f8yt fokus p\u00e5 sikkerhet. At elleve personer tolker risikoen som liten, og s\u00e5 ender vi med den katastrofen her &#8230; Det tenker vi litt p\u00e5 n\u00e5.<\/p>\n<p><img alt=\"Foto: Fredrik Ouren Jostad \/ VG\" class=\"_image_qp4xg_65 layout-component layout-fullscreen\" data-fullscreen- data-track-element-type=\"Article image fullscreen\" data-track-name=\"ImageFullscreen\" decoding=\"async\" loading=\"lazy\" height=\"5072\" itemprop=\"image\"  src=\"https:\/\/www.europesays.com\/no\/wp-content\/uploads\/2026\/01\/5f73c38b-436a-4568-996b-3a10925bc4b5.jpeg\"  style=\"object-position:47.14143142286854% 51.15339116719243%\" width=\"7014\"\/>Foto: Fredrik Ouren Jostad \/ VG<\/p>\n<p class=\"_paragraph_o9xde_4 _paragraph_xtcu6_10 layout-component text-serif-m layout-normal text-serif-m layout-padded\">De to var erfarne r\u00f8ykdykkere som jobbet deltid i brannvesenet.<\/p>\n<p>\u00abTenker p\u00e5 dere\u00bb<\/p>\n<p class=\"_paragraph_o9xde_4 _paragraph_xtcu6_10 layout-component text-serif-m layout-normal text-serif-m layout-padded\">Inne p\u00e5 stasjonen st\u00e5r brannbilene parkert p\u00e5 rekke og rad. <\/p>\n<p class=\"_paragraph_o9xde_4 _paragraph_xtcu6_10 layout-component text-serif-m layout-normal text-serif-m layout-padded\">Det ville ha v\u00e6rt knyst stille her, hvis det ikke var for den vibrerende telefonen til Bye.<\/p>\n<p class=\"_paragraph_o9xde_4 _paragraph_xtcu6_10 layout-component text-serif-m layout-normal text-serif-m layout-padded\"><strong class=\"_strong_o9xde_25\">Den er p\u00e5 lydl\u00f8s, men ringer i ett sett.<\/strong><\/p>\n<p class=\"_paragraph_o9xde_4 _paragraph_xtcu6_10 layout-component text-serif-m layout-normal text-serif-m layout-padded\">Han er sjef for Brann Midt IKSBrann Midt IKSInterkommunalt brannvesen som jobber i Verdal, Steinkjer, Inder\u00f8y, Sn\u00e5sa, Lierne, R\u00f8yrvik og Osen.. Resten av dagen skal han bruke p\u00e5 de andre brannstasjonene i omr\u00e5det for \u00e5 snakke med kollegaer.<\/p>\n<p class=\"_paragraph_o9xde_4 _paragraph_xtcu6_10 layout-component text-serif-m layout-normal text-serif-m layout-padded\">Mange sitter igjen med sterke inntrykk etter brannen.<\/p>\n<p class=\"_paragraph_o9xde_4 _paragraph_xtcu6_10 layout-component text-serif-m layout-normal text-serif-m layout-padded\">\u2013 Vi m\u00e5 bare stille opp for hverandre, snakke om f\u00f8lelsene vi kjenner p\u00e5, sier Bye.<\/p>\n<p><img alt=\"\" class=\"_image_qp4xg_65 layout-component layout-left\" data-fullscreen- data-track-element-type=\"Article image fullscreen\" data-track-name=\"ImageFullscreen\" decoding=\"async\" loading=\"lazy\" height=\"5065\" itemprop=\"image\"  src=\"https:\/\/www.europesays.com\/no\/wp-content\/uploads\/2026\/01\/2e6714b0-883e-4ee4-8ddb-c5b2756c8e47.jpeg\"  style=\"object-position:0% 0%\" width=\"6750\"\/><img alt=\"VG intervjuer brannsjefen p\u00e5 et kontor p\u00e5 stasjonen i Verdal. P\u00e5 bordet st\u00e5r det en hilsen fra kollegaer i Innherred.  Foto: Fredrik Ouren Jostad \/ VG\" class=\"_image_qp4xg_65 layout-component layout-right\" data-fullscreen- data-track-element-type=\"Article image fullscreen\" data-track-name=\"ImageFullscreen\" decoding=\"async\" loading=\"lazy\" height=\"4976\" itemprop=\"image\"  src=\"https:\/\/www.europesays.com\/no\/wp-content\/uploads\/2026\/01\/21ed2d25-468d-416a-84bf-8998e2220fe6.jpeg\"  style=\"object-position:0% 0%\" width=\"6632\"\/>VG intervjuer brannsjefen p\u00e5 et kontor p\u00e5 stasjonen i Verdal. P\u00e5 bordet st\u00e5r det en hilsen fra kollegaer i Innherred.  Foto: Fredrik Ouren Jostad \/ VG<\/p>\n<p class=\"_paragraph_o9xde_4 _paragraph_xtcu6_10 layout-component text-serif-m layout-normal text-serif-m layout-padded\">Det er sjeldent at brannfolk d\u00f8r i tjeneste. Bare fem personer har omkommet de siste 25 \u00e5rene, if\u00f8lge <a href=\"https:\/\/www.nrk.no\/trondelag\/fem-brannfolk-har-mistet-livet-pa-25-ar-1.17717072\" class=\"_link_o9xde_39\" rel=\"nofollow noopener\" target=\"_blank\">NRK<\/a>.<\/p>\n<p class=\"_paragraph_o9xde_4 _paragraph_xtcu6_10 layout-component text-serif-m layout-normal text-serif-m layout-padded\">\u2013 Vi har v\u00e6rt ganske sk\u00e5net for s\u00e5nt, sier Bye.<\/p>\n<p class=\"_paragraph_o9xde_4 _paragraph_xtcu6_10 layout-component text-serif-m layout-normal text-serif-m layout-padded\"><strong class=\"_strong_o9xde_25\">Utenfor stasjonen har folk kommet til for \u00e5 legge ned kranser og tente lys i sn\u00f8en.<\/strong><\/p>\n<p class=\"_paragraph_o9xde_4 _paragraph_xtcu6_10 layout-component text-serif-m layout-normal text-serif-m layout-padded\">\u2013 Vi har f\u00e5tt st\u00f8tteerkl\u00e6ringer fra hele Norge, b\u00e5de privatpersoner og kollegaer. Vi opplever mye omtanke og medf\u00f8lelse, sier Bye.<\/p>\n<p><img alt=\"Foto: Fredrik Ouren Jostad \/ VG\" class=\"_image_qp4xg_65 layout-component layout-normal\" data-fullscreen- data-track-element-type=\"Article image fullscreen\" data-track-name=\"ImageFullscreen\" decoding=\"async\" loading=\"lazy\" height=\"5464\" itemprop=\"image\"  src=\"https:\/\/www.europesays.com\/no\/wp-content\/uploads\/2026\/01\/6ba6c7a4-8fda-4e44-a86d-0f89a1fec6a7.jpeg\"  style=\"object-position:0% 0%\" width=\"7710\"\/>Foto: Fredrik Ouren Jostad \/ VGMistet kontakt etter 32 minutter<\/p>\n<p class=\"_paragraph_o9xde_4 _paragraph_xtcu6_10 layout-component text-serif-m layout-normal text-serif-m layout-padded\">En rekke detaljer om hendelsesforl\u00f8pet er fortsatt uklare, inkludert hva som egentlig skjedde da brannmennene omkom.<\/p>\n<ul class=\"_list_o9xde_3 _list_xtcu6_9 _unordered_o9xde_106 layout-component text-serif-m layout-normal text-serif-m layout-padded\">\n<li class=\"_item_o9xde_30\">Brannvesenet var p\u00e5 plass utenfor det brennende huset klokken 02.18 natt til onsdag.<\/li>\n<li class=\"_item_o9xde_30\">32 minutter senere ble det klart at de hadde mistet kontaktet med to r\u00f8ykdykkere som befant seg inne i boligen.<\/li>\n<li class=\"_item_o9xde_30\">P\u00e5 dette tidspunktet hadde brannen eskalert. Det var ikke mulig \u00e5 ta seg inn i boligen for \u00e5 lete etter de savnede brannmennene, if\u00f8lge brannvesenet.<\/li>\n<\/ul>\n<p class=\"_paragraph_o9xde_4 _paragraph_xtcu6_10 layout-component text-serif-m layout-normal text-serif-m layout-padded\">N\u00e5 etterforsker politiet brannen i to spor, opplyser etterforskningsleder Therese Raaken Bykvist:<\/p>\n<p class=\"_paragraph_o9xde_4 _paragraph_xtcu6_10 layout-component text-serif-m layout-normal text-serif-m layout-padded\">\u2013 Vi jobber med \u00e5 kartlegge hva som har hendt, b\u00e5de hvordan brannen oppsto og foranledningen til at to personer omkom, skriver hun i en pressemelding torsdag ettermiddag.<\/p>\n<p><img alt=\"Slik s\u00e5 det ut da eneboligen ble overtent natt til onsdag.   Foto: Leif Arne Holme \/ Adresseavisen \/ NTB\" class=\"_image_qp4xg_65 layout-component layout-normal\" data-fullscreen- data-track-element-type=\"Article image fullscreen\" data-track-name=\"ImageFullscreen\" decoding=\"async\" loading=\"lazy\" height=\"3247\" itemprop=\"image\"  src=\"https:\/\/www.europesays.com\/no\/wp-content\/uploads\/2026\/01\/8dfcfe72-4bf7-497e-8add-decc0bc60eec.jpeg\"  style=\"object-position:0% 0%\" width=\"4329\"\/>Slik s\u00e5 det ut da eneboligen ble overtent natt til onsdag.   Foto: Leif Arne Holme \/ Adresseavisen \/ NTB<\/p>\n<p class=\"_paragraph_o9xde_4 _paragraph_xtcu6_10 layout-component text-serif-m layout-normal text-serif-m layout-padded\">Ingen er mistenkt eller siktet i saken. <\/p>\n<p class=\"_paragraph_o9xde_4 _paragraph_xtcu6_10 layout-component text-serif-m layout-normal text-serif-m layout-padded\">Politiet understreker at de tar etterforskningen p\u00e5 st\u00f8rste alvor.<\/p>\n<p class=\"_paragraph_o9xde_4 _paragraph_xtcu6_10 layout-component text-serif-m layout-normal text-serif-m layout-padded\">\u2013 Men det er forventet at det vil ta noe tid f\u00f8r vi f\u00e5r svar p\u00e5 sentrale sp\u00f8rsm\u00e5l, skriver Bykvist.<\/p>\n<p><img alt=\"Foto: Fredrik Ouren Jostad \/ VG\" class=\"_image_qp4xg_65 layout-component layout-normal\" data-fullscreen- data-track-element-type=\"Article image fullscreen\" data-track-name=\"ImageFullscreen\" decoding=\"async\" loading=\"lazy\" height=\"5464\" itemprop=\"image\"  src=\"https:\/\/www.europesays.com\/no\/wp-content\/uploads\/2026\/01\/39a4fa3f-807f-4890-a04f-060289ca4bac.png\"  style=\"object-position:0% 0%\" width=\"7282\"\/>Foto: Fredrik Ouren Jostad \/ VG<\/p>\n<p class=\"_paragraph_o9xde_4 _paragraph_xtcu6_10 layout-component text-serif-m layout-normal text-serif-m layout-padded\">Torsdag jobber KriposKriposKripos er en avdeling i norsk politi som har ansvar for \u00e5 etterforske alvorlige forbrytelser og bist\u00e5 lokale politidistrikter med ekspertise.\u2019 krimteknikere p\u00e5 branntomten. <\/p>\n<p class=\"_paragraph_o9xde_4 _paragraph_xtcu6_10 layout-component text-serif-m layout-normal text-serif-m layout-padded\">I kuldegradene har vannet fra slukkingsarbeidet lagt seg som et frossent lokk over det utbrente huset.<\/p>\n<p class=\"_paragraph_o9xde_4 _paragraph_xtcu6_10 layout-component text-serif-m layout-normal text-serif-m layout-padded\"><strong class=\"_strong_o9xde_25\">Det lukter fortsatt b\u00e5l.<\/strong><\/p>\n<p class=\"_paragraph_o9xde_4 _paragraph_xtcu6_10 layout-component text-serif-m layout-normal text-serif-m layout-padded\">Ordf\u00f8rer Knut Snorre Sandnes (H) bes\u00f8kte tomten <a href=\"https:\/\/www.vg.no\/nyheter\/i\/wrPMld\/doedsbrannen-i-verdal-brannaarsaken-er-fortsatt-ukjent\" data-track-element-type=\"Link\" data-track-id=\"link:wrPMld\" class=\"_link_o9xde_39\" rel=\"nofollow noopener\" target=\"_blank\">tidligere torsdag<\/a>.<\/p>\n<p class=\"_paragraph_o9xde_4 _paragraph_xtcu6_10 layout-component text-serif-m layout-normal text-serif-m layout-padded\">\u2013 Det er sterke inntrykk. Man forst\u00e5r at har v\u00e6rt vanskelige forhold n\u00e5r brannen ble s\u00e5 stor som den ble, sa han.<\/p>\n<p><img decoding=\"async\" alt=\"Bilde av Knut Snorre Sandnes (H)\" class=\"_image_ygndg_42\" height=\"27\" itemprop=\"image\" loading=\"lazy\"  src=\"https:\/\/www.europesays.com\/no\/wp-content\/uploads\/2026\/01\/ecf0e2a7-d231-44e2-8c9b-90665c215c7f.jpeg\"  width=\"40\"\/><strong class=\"_name_ygndg_51 title-serif-xs\">Knut Snorre Sandnes (H)<\/strong><\/p>\n<p class=\"_paragraph_o9xde_4 text-sans-m _description_ygndg_56\">Ordf\u00f8rer i Verdal<\/p>\n<p class=\"_paragraph_o9xde_4 _paragraph_xtcu6_10 layout-component text-serif-m layout-normal text-serif-m layout-padded\">\u2013 To som var p\u00e5 jobb kommer aldri hjem igjen. Det er det absolutt verste som kan skje, sa ordf\u00f8reren.<\/p>\n<p>\u2013 Vurderingene var riktige<\/p>\n<p class=\"_paragraph_o9xde_4 _paragraph_xtcu6_10 layout-component text-serif-m layout-normal text-serif-m layout-padded\">Bye var ikke p\u00e5 stedet selv da huset brant. Han vet ikke hvorfor brannen plutselig utviklet seg s\u00e5 voldsomt.<\/p>\n<p class=\"_paragraph_o9xde_4 _paragraph_xtcu6_10 layout-component text-serif-m layout-normal text-serif-m layout-padded\">\u2013 Noe uventet skjedde, sier brannsjefen.<\/p>\n<p class=\"_paragraph_o9xde_4 _paragraph_xtcu6_10 layout-component text-serif-m layout-normal text-serif-m layout-padded\">\u2013 Personen som bodde i huset var allerede ute da r\u00f8ykdykkerne gikk inn. Hvorfor ble det likevel vurdert som fornuftig \u00e5 g\u00e5 inn?<\/p>\n<p class=\"_paragraph_o9xde_4 _paragraph_xtcu6_10 layout-component text-serif-m layout-normal text-serif-m layout-padded\">\u2013 Det skal jo slukkes. B\u00e5de for \u00e5 redusere skadene, men ogs\u00e5 i et forebyggende perspektiv. Det er viktig \u00e5 finne brann\u00e5rsaker og avdekke feil, som kan ha konsekvenser for andre bygg og befolkning, sier Bye.<\/p>\n<p class=\"_paragraph_o9xde_4 _paragraph_xtcu6_10 layout-component text-serif-m layout-normal text-serif-m layout-padded\">Se hva innsatslederen p\u00e5 stedet fortalte kun timer etter brannen:<\/p>\n<p class=\"_paragraph_o9xde_4 _paragraph_xtcu6_10 layout-component text-serif-m layout-normal text-serif-m layout-padded\">Brannsjefen sier at brannen skjedde i et tettbygd boligstr\u00f8k.<\/p>\n<p class=\"_paragraph_o9xde_4 _paragraph_xtcu6_10 layout-component text-serif-m layout-normal text-serif-m layout-padded\">\u2013 Det ble vurdert at det \u00e5 la huset bare brenne ned, kunne medf\u00f8re risiko for nabohus, sier Bye.<\/p>\n<p class=\"_paragraph_o9xde_4 _paragraph_xtcu6_10 layout-component text-serif-m layout-normal text-serif-m layout-padded\"><strong class=\"_strong_o9xde_25\">Brannen fremsto ordin\u00e6r, forklarer han.<\/strong><\/p>\n<p class=\"_paragraph_o9xde_4 _paragraph_xtcu6_10 layout-component text-serif-m layout-normal text-serif-m layout-padded\">\u2013 S\u00e5 er det et eller annet som skjer.<\/p>\n<p><img alt=\"Foto: Fredrik Ouren Jostad \/ VG\" class=\"_image_qp4xg_65 layout-component layout-left\" data-fullscreen- data-track-element-type=\"Article image fullscreen\" data-track-name=\"ImageFullscreen\" decoding=\"async\" loading=\"lazy\" height=\"5460\" itemprop=\"image\"  src=\"https:\/\/www.europesays.com\/no\/wp-content\/uploads\/2026\/01\/b243d498-e0b2-4b1d-ba7d-15e5a674f126.png\"  style=\"object-position:0% 0%\" width=\"7280\"\/>Foto: Fredrik Ouren Jostad \/ VG<\/p>\n<p class=\"_paragraph_o9xde_4 _paragraph_xtcu6_10 layout-component text-serif-m layout-normal text-serif-m layout-padded\">N\u00e5 ser brannvesenet frem til \u00e5 f\u00e5 svar.<\/p>\n<p class=\"_paragraph_o9xde_4 _paragraph_xtcu6_10 layout-component text-serif-m layout-normal text-serif-m layout-padded\">\u2013 Men det tar sikkert veldig lang tid. Vi h\u00e5per vi finner ut av hva som har skjedd. Det tror jeg alle er avhengige av \u2013 ikke bare oss, men samfunnet for \u00f8vrig, sier Bye.<\/p>\n<p class=\"_paragraph_o9xde_4 _paragraph_xtcu6_10 layout-component text-serif-m layout-normal text-serif-m layout-padded\">Imens fortsetter jobben ved brannstasjonen i Verdal som f\u00f8r.<\/p>\n<p class=\"_paragraph_o9xde_4 _paragraph_xtcu6_10 layout-component text-serif-m layout-normal text-serif-m layout-padded\">\u2013 Vi har ingen indikasjoner p\u00e5 at det er gjort noe feil. Vurderingene som ble gjort p\u00e5 stedet, var riktige, sier Bye.<\/p>\n<p class=\"_paragraph_o9xde_4 _paragraph_xtcu6_10 layout-component text-serif-m layout-normal text-serif-m layout-padded\"><strong class=\"_strong_o9xde_25\">Rutinene ble fulgt, understreker han. <\/strong><\/p>\n<p class=\"_paragraph_o9xde_4 _paragraph_xtcu6_10 layout-component text-serif-m layout-normal text-serif-m layout-padded\">\u2013 Men kanskje denne hendelsen er s\u00e5 stor at det blir n\u00f8dvendig \u00e5 gjennomg\u00e5 m\u00e5ten hele Brann-Norge opererer p\u00e5. Det ser jeg ikke bort fra, sier Bye.<\/p>\n<p class=\"_paragraph_o9xde_4 _paragraph_xtcu6_10 layout-component text-serif-m layout-normal text-serif-m layout-padded\">\u2013 Dette er ikke bare en vekker for oss, men for hele Norge, tror jeg.<\/p>\n<p>    <img decoding=\"async\" alt=\"Tips oss illustrasjon\" src=\"https:\/\/www.europesays.com\/no\/wp-content\/uploads\/2025\/10\/pssst-small.webp.webp\"\/>    <\/p>\n<p class=\"title-serif-s\">Har du tips?<\/p>\n<p class=\"text-sans-m\">Send oss informasjon, bilder eller video.<\/p>\n<p>  <a href=\"https:\/\/www.vg.no\/tips-oss\" rel=\"nofollow noopener\" target=\"_blank\"> Tips oss <\/a>      <\/p>\n","protected":false},"excerpt":{"rendered":"To erfarne r\u00f8ykdykkere mistet livet i en brann i Verdal natt til onsdag. Brannen utviklet seg voldsomt, og&hellip;\n","protected":false},"author":2,"featured_media":132127,"comment_status":"","ping_status":"","sticky":false,"template":"","format":"standard","meta":{"footnotes":""},"categories":[5],"tags":[5847,31,20,21,24,25,15,19,22,23,17,18,13,30,28,29,14,16,26,27,2133],"class_list":{"0":"post-132126","1":"post","2":"type-post","3":"status-publish","4":"format-standard","5":"has-post-thumbnail","7":"category-overskrifter","8":"tag-branner","9":"tag-breaking","10":"tag-breaking-news","11":"tag-breakingnews","12":"tag-featured-news","13":"tag-featurednews","14":"tag-headlines","15":"tag-hovedoppslag","16":"tag-latest-news","17":"tag-latestnews","18":"tag-main-news","19":"tag-mainnews","20":"tag-news","21":"tag-no","22":"tag-norge","23":"tag-norway","24":"tag-nyheter","25":"tag-overskrifter","26":"tag-top-stories","27":"tag-topstories","28":"tag-verdal"},"share_on_mastodon":{"url":"https:\/\/pubeurope.com\/@no\/115859946562581062","error":""},"_links":{"self":[{"href":"https:\/\/www.europesays.com\/no\/wp-json\/wp\/v2\/posts\/132126","targetHints":{"allow":["GET"]}}],"collection":[{"href":"https:\/\/www.europesays.com\/no\/wp-json\/wp\/v2\/posts"}],"about":[{"href":"https:\/\/www.europesays.com\/no\/wp-json\/wp\/v2\/types\/post"}],"author":[{"embeddable":true,"href":"https:\/\/www.europesays.com\/no\/wp-json\/wp\/v2\/users\/2"}],"replies":[{"embeddable":true,"href":"https:\/\/www.europesays.com\/no\/wp-json\/wp\/v2\/comments?post=132126"}],"version-history":[{"count":0,"href":"https:\/\/www.europesays.com\/no\/wp-json\/wp\/v2\/posts\/132126\/revisions"}],"wp:featuredmedia":[{"embeddable":true,"href":"https:\/\/www.europesays.com\/no\/wp-json\/wp\/v2\/media\/132127"}],"wp:attachment":[{"href":"https:\/\/www.europesays.com\/no\/wp-json\/wp\/v2\/media?parent=132126"}],"wp:term":[{"taxonomy":"category","embeddable":true,"href":"https:\/\/www.europesays.com\/no\/wp-json\/wp\/v2\/categories?post=132126"},{"taxonomy":"post_tag","embeddable":true,"href":"https:\/\/www.europesays.com\/no\/wp-json\/wp\/v2\/tags?post=132126"}],"curies":[{"name":"wp","href":"https:\/\/api.w.org\/{rel}","templated":true}]}}