{"id":13213,"date":"2025-08-20T13:35:17","date_gmt":"2025-08-20T13:35:17","guid":{"rendered":"https:\/\/www.europesays.com\/no\/13213\/"},"modified":"2025-08-20T13:35:17","modified_gmt":"2025-08-20T13:35:17","slug":"kultur-nordnorsken-fristen-naermer-seg-nadelost-jeg-vet-ikke-om-det-er-realistisk","status":"publish","type":"post","link":"https:\/\/www.europesays.com\/no\/13213\/","title":{"rendered":"Kultur, Nordnorsken | Fristen n\u00e6rmer seg n\u00e5del\u00f8st: \u2013 Jeg vet ikke om det er realistisk"},"content":{"rendered":"\n<p>2,2 millioner kroner var summen av tilskudd fra Bod\u00f8 kommune og Nordland fylkeskommune da Trond-Ivan Bloms\u00f8 tiltr\u00e5dte som styreleder i Bod\u00f8 Kunstforening i fjor v\u00e5r.<\/p>\n<p>I dag sitter de bare igjen med 900.000 kroner fra Bod\u00f8 kommune.<\/p>\n<p>Kultur\u00e5ret 2024 endte opp med en halv million kroner i minus.<\/p>\n<p>   <img decoding=\"async\" width=\"4000\" height=\"2252\" fetchpriority=\"low\"  loading=\"lazy\"  src=\"https:\/\/www.europesays.com\/no\/wp-content\/uploads\/2025\/08\/9c228ca7-20b2-4d74-8a41-869eaacc6eec.jpeg\" alt=\"\" class=\"brick-c-cFOWSL\" style=\"--brick-image-ratio: 4000 \/ 2252;\"\/><\/p>\n<p>    Utfordrende \u00e5r: Tilskuddene er kuttet fra 2,2 til 0,9 millioner kroner. Det gir utfordringer for Bod\u00f8 kunstforening og styreleder Trond-Ivan Bloms\u00f8. Daglig leder Yngvil Riise n\u00e6rmer seg n\u00e5 sin siste arbeidsdag.<br \/>\n    Foto: Hans Trygve Holm\n  <\/p>\n<p>Dermed m\u00e5tte Bloms\u00f8 f\u00f8r sommeren i gi daglig leder Yngvil Riise beskjed om at arbeidsforholdet g\u00e5r mot sin slutt. Samtidig flyttet kunstforeningen fra store lokaler i Moloveien til langt mindre lokaler p\u00e5 Bod\u00f8gaard kunst &amp; kultur.<\/p>\n<p>  <a href=\"https:\/\/www.an.no\/5-4-2191214\" class=\"related-teaser has-image default-story-teaser article--c-eRUmMG article--c-eRUmMG-jKCPdD-design-default\" rel=\"nofollow noopener\" target=\"_blank\"><\/p>\n<p>    <img decoding=\"async\" loading=\"lazy\"  src=\"https:\/\/www.europesays.com\/no\/wp-content\/uploads\/2025\/08\/bodokunst.jpg\" alt=\"\" class=\"brick-c-cFOWSL\" style=\"\"\/><\/p>\n<p>\n            Les ogs\u00e5<\/p>\n<p>              N\u00e5 m\u00e5 de ta drastiske grep\n        <\/p>\n<p>  <\/a><\/p>\n<p>\u2013 I l\u00f8pet av h\u00f8sten skal jeg ogs\u00e5 i m\u00f8te med Bod\u00f8 kommune for \u00e5 h\u00f8re hva de tenker om st\u00f8tten til oss for 2026. H\u00e5pet er at de finner rom til \u00e5 \u00f8ke den noe, sier Bloms\u00f8 som ikke vil ha noen formening om realismen i h\u00e5pet.<\/p>\n<p>Jubilanten<\/p>\n<p>Midt opp i dette venter et stort jubileum neste \u00e5r, nemlig feiringen av Den nordnorske kunstutstillingen som Bod\u00f8 kunstforening tok initiativet til i 1946. Det er landets nest eldste landsdelsutstilling, men har kun blitt st\u00f8ttet \u00f8konomisk av Nordland fylkeskommune de siste \u00e5rene. En prosjektst\u00f8tte p\u00e5 1,1 million kroner som forsvant da kunstforeningen ikke kunne m\u00f8te alle kravene for tilskuddet.<\/p>\n<p>   <img decoding=\"async\" width=\"4896\" height=\"3264\" fetchpriority=\"low\"  loading=\"lazy\"  src=\"https:\/\/www.europesays.com\/no\/wp-content\/uploads\/2025\/08\/09kulnordnorsken_21.jpg\" alt=\"\" class=\"brick-c-cFOWSL\" style=\"--brick-image-ratio: 4896 \/ 3264;\"\/><\/p>\n<p>    Popul\u00e6rt: \u00c5pningen av Nordnorsken har ofte fristet mye publikum. Her fra \u00e5pningen i 2012.<br \/>\n    Foto: Bj\u00f8rn Erik Olsen\n  <\/p>\n<p>Fylkesr\u00e5d for samfunn, kultur og milj\u00f8, Arne Ivar Mikalsen, sa til AN i sommer at han h\u00e5pet Nordnorsken ville leve videre og mente en samarbeidspartner med for eksempel Nordnorsk kunstnersenter i V\u00e5gan kunne sikre at tilskuddet ville fortsette. Det sa imidlertid et ekstraordin\u00e6rt \u00e5rsm\u00f8te i Bod\u00f8 kunstforening den 30. juni blankt nei til.<\/p>\n<p>  <a href=\"https:\/\/www.an.no\/5-4-2097820\" class=\"related-teaser has-image default-story-teaser article--c-eRUmMG article--c-eRUmMG-jKCPdD-design-default\" rel=\"nofollow noopener\" target=\"_blank\"><\/p>\n<p>    <img decoding=\"async\" loading=\"lazy\"  src=\"https:\/\/www.europesays.com\/no\/wp-content\/uploads\/2025\/08\/eb0399b2-5af3-45d6-9fee-60bf5a697e92.jpeg\" alt=\"\" class=\"brick-c-cFOWSL\" style=\"\"\/><\/p>\n<p>\n            Les ogs\u00e5<\/p>\n<p>              Kun to var gode nok for juryen &#8211; snart \u00e5pner Yngvil d\u00f8rene\n        <\/p>\n<p>  <\/a><\/p>\n<p>Trond-Ivan Bloms\u00f8 kunne konstatere at medlemmene ga et klart signal om at Nordnorsken skulle arrangeres av Bod\u00f8 kunstforening.<\/p>\n<p>\u2013 Hvordan skal dere klare det?<\/p>\n<p>\u2013 Vi er i en prosess for \u00e5 finne ut hvordan vi skal gj\u00f8re det uten st\u00f8tte fra fylkeskommunen.<\/p>\n<p>\u2013 Er det realistisk?<\/p>\n<p>\u2013 Jeg vet ikke, men vi har noen konkrete planer. Vi h\u00e5per \u00e5 sy sammen et opplegg som sikrer at Nordnorsken kan feire sin 80. utgave i 2026 og leve videre i \u00e5rene framover.<\/p>\n<p>Korte tidsfrister<\/p>\n<p>Nordnorsken pleier vanligvis \u00e5 \u00e5pne i midten av januar. S\u00f8knadsfristen pleier \u00e5 v\u00e6re midt i september \u00e5ret f\u00f8r. Nordnorsken 2025 er p\u00e5 turne til ut januar 2026, s\u00e5 Bloms\u00f8 mener de har litt ekstra tid p\u00e5 seg. Samtidig vil de ved \u00e5 ha kun en digital juryering, som Bloms\u00f8 minner om at de fleste utstillinger allerede gj\u00f8r, vil de spare b\u00e5de tid og penger.<\/p>\n<p>   <img decoding=\"async\" width=\"2912\" height=\"4368\" fetchpriority=\"low\"  loading=\"lazy\"  src=\"https:\/\/www.europesays.com\/no\/wp-content\/uploads\/2025\/08\/12endoscar8.jpg\" alt=\"\" class=\"brick-c-cFOWSL\" style=\"--brick-image-ratio: 2912 \/ 4368;\"\/><\/p>\n<p>    Gudfar: Kunstneren Oscar Bod\u00f8gaard (1923-2011) var en av initiativtagerne til b\u00e5de Bod\u00f8 Kunstforening og Den nordnorske kunstutstilling i 1946.<br \/>\n    Foto: AN ARKIV\n  <\/p>\n<p>\u2013 S\u00e5 er sp\u00f8rsm\u00e5let likevel om vi klarer dette alene eller om vi m\u00e5 finne samarbeidspartnere. Signalene fra fylket er at vi b\u00f8r finne oss samarbeidspartnere. Mitt utgangspunkt er at vi m\u00e5 pr\u00f8ve alt for \u00e5 sikre Nordnorsken fortsatt liv, sier styrelederen og fortsetter:<\/p>\n<p>\u2013 Med en daglig leder som bare har uker igjen av ansettelsesforholdet sitt blir det en helt annen hverdag. Bare det \u00e5 administrere Nordnorsken er en stor jobb. Det jobber vi ogs\u00e5 med \u00e5 finne l\u00f8sninger p\u00e5. Vi m\u00e5 ha en endelig avklaring om framtiden til Nordnorsken i l\u00f8pet av oktober, senest.<\/p>\n<p>      Mer dugnad<\/p>\n<p>Selv om den \u00f8konomiske situasjonen er sv\u00e6rt vanskelig, mener Bloms\u00f8 det ligger mange muligheter i et aktivt styre og stor dugnadsinnsats fra medlemmene.<\/p>\n<p>  <a href=\"https:\/\/www.an.no\/5-4-2059016\" class=\"related-teaser has-image default-story-teaser article--c-eRUmMG article--c-eRUmMG-jKCPdD-design-default\" rel=\"nofollow noopener\" target=\"_blank\"><\/p>\n<p>    <img decoding=\"async\" loading=\"lazy\"  src=\"https:\/\/www.europesays.com\/no\/wp-content\/uploads\/2025\/08\/5_4_1561947+Moloveien+10.jpg\" alt=\"\" class=\"brick-c-cFOWSL\" style=\"\"\/><\/p>\n<p>\n            Les ogs\u00e5<\/p>\n<p>              Fikk br\u00e5tt beskjed om \u00e5 flytte ut: &#8211; Vi vil fortsatt v\u00e6re i sentrum\n        <\/p>\n<p>  <\/a><\/p>\n<p>\u2013 Med v\u00e5re nye lokaler p\u00e5 Bod\u00f8gaard vil vi fortsatt kunne presentere gode utstillinger. Om vi ikke mister enda mer st\u00f8tte fra Bod\u00f8 kunstforening. Da blir det helt krise for oss, sier Trond-Ivan Bloms\u00f8.<\/p>\n<p>   <img decoding=\"async\" width=\"1571\" height=\"1010\" fetchpriority=\"low\"  loading=\"lazy\"  src=\"https:\/\/www.europesays.com\/no\/wp-content\/uploads\/2025\/08\/14feanordnorsken_03_04_nord.jpg\" alt=\"\" class=\"brick-c-cFOWSL\" style=\"--brick-image-ratio: 1571 \/ 1010;\"\/><\/p>\n<p>    Lang historie: Juryen til den 40. utgaven av Nordnorsken, i 1982, kritiserte lav deltakelse fra landsdelens profesjonelle kunstnere. Fra venstre ser vi Iver J\u00e5ks, Jeichien Stapel, AnneMariendal, Knut Flatin og Kurt Edvin Hansen.<br \/>\n    Foto: Bj\u00f8rn Erik Olsen\n  <\/p>\n<p>Styreleder i en kunstforening som kunne hatt en enklere inngang p\u00e5 \u00e5ret de ogs\u00e5 fyller 80 \u00e5r.<\/p>\n","protected":false},"excerpt":{"rendered":"2,2 millioner kroner var summen av tilskudd fra Bod\u00f8 kommune og Nordland fylkeskommune da Trond-Ivan Bloms\u00f8 tiltr\u00e5dte som&hellip;\n","protected":false},"author":2,"featured_media":13214,"comment_status":"","ping_status":"","sticky":false,"template":"","format":"standard","meta":{"footnotes":""},"categories":[58],"tags":[36,1525,71,410,30,2560,28,29,218,1510,72],"class_list":{"0":"post-13213","1":"post","2":"type-post","3":"status-publish","4":"format-standard","5":"has-post-thumbnail","7":"category-underholdning","8":"tag-art","9":"tag-bodo","10":"tag-entertainment","11":"tag-kultur","12":"tag-no","13":"tag-nordnorsken","14":"tag-norge","15":"tag-norway","16":"tag-pluss","17":"tag-story","18":"tag-underholdning"},"share_on_mastodon":{"url":"","error":""},"_links":{"self":[{"href":"https:\/\/www.europesays.com\/no\/wp-json\/wp\/v2\/posts\/13213","targetHints":{"allow":["GET"]}}],"collection":[{"href":"https:\/\/www.europesays.com\/no\/wp-json\/wp\/v2\/posts"}],"about":[{"href":"https:\/\/www.europesays.com\/no\/wp-json\/wp\/v2\/types\/post"}],"author":[{"embeddable":true,"href":"https:\/\/www.europesays.com\/no\/wp-json\/wp\/v2\/users\/2"}],"replies":[{"embeddable":true,"href":"https:\/\/www.europesays.com\/no\/wp-json\/wp\/v2\/comments?post=13213"}],"version-history":[{"count":0,"href":"https:\/\/www.europesays.com\/no\/wp-json\/wp\/v2\/posts\/13213\/revisions"}],"wp:featuredmedia":[{"embeddable":true,"href":"https:\/\/www.europesays.com\/no\/wp-json\/wp\/v2\/media\/13214"}],"wp:attachment":[{"href":"https:\/\/www.europesays.com\/no\/wp-json\/wp\/v2\/media?parent=13213"}],"wp:term":[{"taxonomy":"category","embeddable":true,"href":"https:\/\/www.europesays.com\/no\/wp-json\/wp\/v2\/categories?post=13213"},{"taxonomy":"post_tag","embeddable":true,"href":"https:\/\/www.europesays.com\/no\/wp-json\/wp\/v2\/tags?post=13213"}],"curies":[{"name":"wp","href":"https:\/\/api.w.org\/{rel}","templated":true}]}}