{"id":132132,"date":"2026-01-08T14:37:12","date_gmt":"2026-01-08T14:37:12","guid":{"rendered":"https:\/\/www.europesays.com\/no\/132132\/"},"modified":"2026-01-08T14:37:12","modified_gmt":"2026-01-08T14:37:12","slug":"trump-trekker-usa-ut-av-internasjonalt-samarbeid-overrasket","status":"publish","type":"post","link":"https:\/\/www.europesays.com\/no\/132132\/","title":{"rendered":"Trump trekker USA ut av internasjonalt samarbeid: \u2013 Overrasket"},"content":{"rendered":"\n<p class=\"_lead_o9xde_2 _lead_xtcu6_50 layout-component text-serif-m layout-normal text-serif-l layout-component layout-wide layout-padded _wide_17hqh_1 layout-padded\">Natt til torsdag har Donald Trump trukket USA ut av 66 internasjonale organisasjoner. Trump mener de er vanstyrte, un\u00f8dvendige, eller opptrer i strid med USAs interesser.<\/p>\n<p><img alt=\"Donald Trump, her p\u00e5 vei til \u00e5 tale i FNs generalforsamling i New York i september sammen med f\u00f8rstedamen Melania Trump.    Foto: Stefan Jeremiah \/ AP \/ NTB\" class=\"_image_qp4xg_65 layout-component layout-wide\" data-fullscreen- data-track-element-type=\"Article image fullscreen\" data-track-name=\"ImageFullscreen\" fetchpriority=\"high\" decoding=\"sync\" loading=\"eager\" height=\"3601\" itemprop=\"image\"  src=\"https:\/\/www.europesays.com\/no\/wp-content\/uploads\/2026\/01\/7f6103fc-a573-4518-936a-ffebb1bd14fd.png\"  style=\"object-position:0% 0%\" width=\"5402\"\/>Donald Trump, her p\u00e5 vei til \u00e5 tale i FNs generalforsamling i New York i september sammen med f\u00f8rstedamen Melania Trump.    Foto: Stefan Jeremiah \/ AP \/ NTB<\/p>\n<ul aria-hidden=\"true\" class=\"_images_ntbth_112\">\n<li><a class=\"_link_ntbth_117\" href=\"https:\/\/www.vg.no\/forfatter\/alf-bjarne-johnsen\" style=\"z-index:1\" title=\"Alf Bjarne Johnsen\" rel=\"nofollow noopener\" target=\"_blank\"><img alt=\"Bilde av Alf Bjarne Johnsen\" class=\"_image_ntbth_93\" fetchpriority=\"low\" loading=\"lazy\" decoding=\"async\" itemprop=\"image\"  src=\"https:\/\/www.europesays.com\/no\/wp-content\/uploads\/2026\/01\/1767883032_376_a8952b63-f4d3-424e-ab5c-93e67076c9b0.jpeg\"  width=\"480\"\/><\/a><\/li>\n<\/ul>\n<p> Oppdatert torsdag 8. januar kl. 11:28    <\/p>\n<ul class=\"_list_o9xde_3 _list_64s2r_85 _unordered_o9xde_106 text-sans-m\">\n<li class=\"_item_o9xde_30\">Donald Trump har trukket USA ut av 66 internasjonale organisasjoner natt til torsdag.<\/li>\n<li class=\"_item_o9xde_30\">Halvparten av organisasjonene er FN-tilknyttede, inkludert FNs klimakonvensjon.<\/li>\n<li class=\"_item_o9xde_30\">Professor Eirik Holm\u00f8yvik og klimaminister Andreas Bjelland Eriksen uttrykker bekymring for beslutningen.<\/li>\n<\/ul>\n<p>Vis mer <\/p>\n<p class=\"_paragraph_o9xde_4 _paragraph_xtcu6_10 layout-component text-serif-m layout-normal text-serif-m layout-padded\">Halvparten av organisasjonene er organer under FN, blant annet FNs klimakonvensjon.<\/p>\n<p class=\"_paragraph_o9xde_4 _paragraph_xtcu6_10 layout-component text-serif-m layout-normal text-serif-m layout-padded\"><strong class=\"_strong_o9xde_25\">I presidentordren trekker Trump ogs\u00e5 USA ut av Veneziakommisjonen som Europar\u00e5det har opprettet. Kommisjonen jobber for \u00e5 bygge demokrati gjennom lov og rett.<\/strong><\/p>\n<p class=\"_paragraph_o9xde_4 _paragraph_xtcu6_10 layout-component text-serif-m layout-normal text-serif-m layout-padded\">\u2013 Jeg er sv\u00e6rt overrasket, sier Eirik Holm\u00f8yvik, jusprofessor p\u00e5 Universitetet i Bergen og visepresident i Veneziakommisjonen.<\/p>\n<p class=\"_paragraph_o9xde_4 _paragraph_xtcu6_10 layout-component text-serif-m layout-normal text-serif-m layout-padded\">\u2013 Det er vanskelig \u00e5 forst\u00e5 at dette er i tr\u00e5d med amerikanske interesser. N\u00e5r de forlater kommisjonen, mister USA ogs\u00e5 muligheten til \u00e5 p\u00e5virke europeiske normer for demokratiet, rettsstaten og menneskerettigheter, sier Holm\u00f8yvik til VG.<\/p>\n<p><img alt=\"G\u00c5R VIDERE UTEN USA: 13. desember ble Eirik Holm\u00f8yvik (til venstre) valgt til en av tre visepresidenter i Veneziakommisjonen. De overige medlemmene er Renata Deskoska (visepresident, Nord-Makedonia), Marta Cartabia (president, Italia) og Timothy Otty (visepresident, Storbritannia).  Foto: Privat\" class=\"_image_qp4xg_65 layout-component layout-normal\" data-fullscreen- data-track-element-type=\"Article image fullscreen\" data-track-name=\"ImageFullscreen\" decoding=\"async\" loading=\"lazy\" height=\"1212\" itemprop=\"image\"  src=\"https:\/\/www.europesays.com\/no\/wp-content\/uploads\/2026\/01\/bcf92cdb-75a0-49a1-9024-6a8e9a37a4c2.png\"  style=\"object-position:0% 0%\" width=\"2126\"\/>G\u00c5R VIDERE UTEN USA: 13. desember ble Eirik Holm\u00f8yvik (til venstre) valgt til en av tre visepresidenter i Veneziakommisjonen. De overige medlemmene er Renata Deskoska (visepresident, Nord-Makedonia), Marta Cartabia (president, Italia) og Timothy Otty (visepresident, Storbritannia).  Foto: Privat<\/p>\n<p class=\"_paragraph_o9xde_4 _paragraph_xtcu6_10 layout-component text-serif-m layout-normal text-serif-m layout-padded\">Den norske professoren var ikke kjent med at USA forlater kommisjonen, da VG tok kontakt torsdag morgen. Holm\u00f8yvik sier at han n\u00e5 har varslet resten av presidentskapet om det amerikanske uttrekket.<\/p>\n<p>66 p\u00e5 listen <\/p>\n<p class=\"_paragraph_o9xde_4 _paragraph_xtcu6_10 layout-component text-serif-m layout-normal text-serif-m layout-padded\">Her kan du se <a href=\"https:\/\/www.whitehouse.gov\/presidential-actions\/2026\/01\/withdrawing-the-united-states-from-international-organizations-conventions-and-treaties-that-are-contrary-to-the-interests-of-the-united-states\/\" class=\"_link_o9xde_39\" rel=\"nofollow noopener\" target=\"_blank\">listen over organisasjoner<\/a> som USA heretter ikke vil v\u00e6re en del av.<\/p>\n<p class=\"_paragraph_o9xde_4 _paragraph_xtcu6_10 layout-component text-serif-m layout-normal text-serif-m layout-padded\">Amerikansk UD har natt til torsdag lagt ut en begrunnelse for at USA n\u00e5 forlater de 66 organisasjonene: <\/p>\n<p class=\"_paragraph_o9xde_4 _paragraph_xtcu6_10 layout-component text-serif-m layout-normal text-serif-m layout-padded\">If\u00f8lge uttalelsen er det er ikke lengre akseptabelt \u00e5 sende blod, svette og t\u00e5rer, og midler fra det amerikanske folk til disse organisasjonene, som USA har liten eller ingen nytte av.<\/p>\n<p class=\"_paragraph_o9xde_4 _paragraph_xtcu6_10 layout-component text-serif-m layout-normal text-serif-m layout-padded\"><strong class=\"_strong_o9xde_25\">\u2013 Tiden for \u00e5 sende milliarder av dollar fra skattebetalernes penger til utenlandske interesser, p\u00e5 v\u00e5re borgeres bekostning, er over, skriver State Department.<\/strong><\/p>\n<p class=\"_paragraph_o9xde_4 _paragraph_xtcu6_10 layout-component text-serif-m layout-normal layout-padded\"><strong class=\"_strong_o9xde_25\">Les ogs\u00e5:<\/strong> <a href=\"https:\/\/www.vg.no\/i\/OkpGLw\" data-track-element-type=\"Link\" data-track-id=\"link:OkpGLw\" class=\"_link_o9xde_39\" rel=\"nofollow noopener\" target=\"_blank\">Trump trekker USA ut av 66 internasjonale organisasjoner<\/a><\/p>\n<p>\u2013 Effektiv organisasjon <\/p>\n<p class=\"_paragraph_o9xde_4 _paragraph_xtcu6_10 layout-component text-serif-m layout-normal text-serif-m layout-padded\">\u2013 Det er ikke bortkastet \u00e5 delta i Veneziakommisjonen, sier Eirik Holm\u00f8yvik. <\/p>\n<p class=\"_paragraph_o9xde_4 _paragraph_xtcu6_10 layout-component text-serif-m layout-normal text-serif-m layout-padded\">\u2013 Dette er en effektiv organisasjon uten byr\u00e5krati, en gruppe av eksperter som hjelper medlemslandene med \u00e5 utvikle prinsipper for demokrati og utvikling av rettsstater, fortsetter han.<\/p>\n<p class=\"_paragraph_o9xde_4 _paragraph_xtcu6_10 layout-component text-serif-m layout-normal text-serif-m layout-padded\">Holm\u00f8yvik forteller at Trump i sin f\u00f8rste presidentperiode oppnevnte en anerkjent amerikansk jusprofessor som USAs medlem i kommisjonen.<\/p>\n<p class=\"_paragraph_o9xde_4 _paragraph_xtcu6_10 layout-component text-serif-m layout-normal text-serif-m layout-padded\">\u2013 Jeg leser ikke dette som et tiltak direkte mot kommisjonen, men at USA n\u00e5 nedskalerer sin deltagelse i internasjonalt arbeid til et minimum. Men jeg merker meg at Trump ikke trekker USA ut av FN, sier han.<\/p>\n<p class=\"_paragraph_o9xde_4 _paragraph_xtcu6_10 layout-component text-serif-m layout-normal text-serif-m layout-padded\">If\u00f8lge presidentordren skal USA ogs\u00e5 forlate FNs lovkommisjon og flere andre organisasjoner som jobber med internasjonale standarder for menneskerettigheter.<\/p>\n<p class=\"_paragraph_o9xde_4 _paragraph_xtcu6_10 layout-component text-serif-m layout-normal text-serif-m layout-padded\">Fra f\u00f8r har USA innf\u00f8rt <a href=\"https:\/\/www.vg.no\/nyheter\/i\/rrLvBe\/usa-innfoerer-sanksjoner-mot-flere-icc-dommere\" data-track-element-type=\"Link\" data-track-id=\"link:rrLvBe\" class=\"_link_o9xde_39\" rel=\"nofollow noopener\" target=\"_blank\">sanksjoner mot flere av dommerne<\/a> i den internasjonale straffedomstolen. <\/p>\n<p class=\"_paragraph_o9xde_4 _paragraph_xtcu6_10 layout-component text-serif-m layout-normal text-serif-m layout-padded\">FNs klimakonvensjon (UNFCCC) omfatter alt internasjonalt klimaarbeid, der Paris-avtalen bare er en del.<\/p>\n<p class=\"_paragraph_o9xde_4 _paragraph_xtcu6_10 layout-component text-serif-m layout-normal text-serif-m layout-padded\">\u2013 Det er ikke bra for det internasjonale klimasamarbeidet at USA trekker seg ut av klimakonvensjonen, samtidig er det viktig \u00e5 trekke frem at resten av verden fortsatt er med i konvensjonen. Samarbeid ble ogs\u00e5 understreket under klimatoppm\u00f8tet i fjor, sier klimaminister Andreas Bjelland Eriksen til<a href=\"https:\/\/www.nrk.no\/klima\/trump-tar-usa-ut-av-fns-klimakonvensjon-1.17718792\" class=\"_link_o9xde_39\" rel=\"nofollow noopener\" target=\"_blank\"> NRK<\/a>.<\/p>\n","protected":false},"excerpt":{"rendered":"Natt til torsdag har Donald Trump trukket USA ut av 66 internasjonale organisasjoner. Trump mener de er vanstyrte,&hellip;\n","protected":false},"author":2,"featured_media":132133,"comment_status":"","ping_status":"","sticky":false,"template":"","format":"standard","meta":{"footnotes":""},"categories":[5],"tags":[20,21,55,15290,24,25,332,15,19,22,23,17,18,13,30,28,29,14,16,26,27,50,205],"class_list":{"0":"post-132132","1":"post","2":"type-post","3":"status-publish","4":"format-standard","5":"has-post-thumbnail","7":"category-overskrifter","8":"tag-breaking-news","9":"tag-breakingnews","10":"tag-donald-trump","11":"tag-europaradet","12":"tag-featured-news","13":"tag-featurednews","14":"tag-fn","15":"tag-headlines","16":"tag-hovedoppslag","17":"tag-latest-news","18":"tag-latestnews","19":"tag-main-news","20":"tag-mainnews","21":"tag-news","22":"tag-no","23":"tag-norge","24":"tag-norway","25":"tag-nyheter","26":"tag-overskrifter","27":"tag-top-stories","28":"tag-topstories","29":"tag-usa","30":"tag-vgsamfunn"},"share_on_mastodon":{"url":"https:\/\/pubeurope.com\/@no\/115859989643143030","error":""},"_links":{"self":[{"href":"https:\/\/www.europesays.com\/no\/wp-json\/wp\/v2\/posts\/132132","targetHints":{"allow":["GET"]}}],"collection":[{"href":"https:\/\/www.europesays.com\/no\/wp-json\/wp\/v2\/posts"}],"about":[{"href":"https:\/\/www.europesays.com\/no\/wp-json\/wp\/v2\/types\/post"}],"author":[{"embeddable":true,"href":"https:\/\/www.europesays.com\/no\/wp-json\/wp\/v2\/users\/2"}],"replies":[{"embeddable":true,"href":"https:\/\/www.europesays.com\/no\/wp-json\/wp\/v2\/comments?post=132132"}],"version-history":[{"count":0,"href":"https:\/\/www.europesays.com\/no\/wp-json\/wp\/v2\/posts\/132132\/revisions"}],"wp:featuredmedia":[{"embeddable":true,"href":"https:\/\/www.europesays.com\/no\/wp-json\/wp\/v2\/media\/132133"}],"wp:attachment":[{"href":"https:\/\/www.europesays.com\/no\/wp-json\/wp\/v2\/media?parent=132132"}],"wp:term":[{"taxonomy":"category","embeddable":true,"href":"https:\/\/www.europesays.com\/no\/wp-json\/wp\/v2\/categories?post=132132"},{"taxonomy":"post_tag","embeddable":true,"href":"https:\/\/www.europesays.com\/no\/wp-json\/wp\/v2\/tags?post=132132"}],"curies":[{"name":"wp","href":"https:\/\/api.w.org\/{rel}","templated":true}]}}