{"id":132139,"date":"2026-01-08T14:47:07","date_gmt":"2026-01-08T14:47:07","guid":{"rendered":"https:\/\/www.europesays.com\/no\/132139\/"},"modified":"2026-01-08T14:47:07","modified_gmt":"2026-01-08T14:47:07","slug":"laura-kaminski-er-sk-brann-kvinners-nye-hovedtrener-blir-toppseriens-eneste-kvinnelige-hovedtrener-nrk-vestland","status":"publish","type":"post","link":"https:\/\/www.europesays.com\/no\/132139\/","title":{"rendered":"Laura Kaminski er SK Brann Kvinners nye hovedtrener \u2013 blir Toppseriens eneste kvinnelige hovedtrener \u2013 NRK Vestland"},"content":{"rendered":"<p>\u2013 Jeg ser veldig frem til dette, det f\u00f8les godt \u00e5 v\u00e6re p\u00e5 plass, selv om det er kaldt nok. Dette er en klubb med store ambisjoner, og jeg har gjort research f\u00f8r jeg kom, sier Kaminski til NRK.<\/p>\n<p>Brann har jaktet ny trener siden november. Da ble hovedtrener Leif Gunnar Smerud sparket etter \u00e5 ha ledet laget til seriegull.<\/p>\n<p><a href=\"https:\/\/www.ba.no\/laura-kaminski-blir-brann-damenes-forste-kvinnelige-hovedtrener\/s\/5-8-3274749\" ec-id=\"https:\/\/www.ba.no\/laura-kaminski-blir-brann-damenes-forste-kvinnelige-hovedtrener\/s\/5-8-3274749\" ec-name=\"Bergensavisen\" rel=\"nofollow noopener\" target=\"_blank\">Bergensavisen <\/a>var f\u00f8rst ute med nyheten, men det er f\u00f8rst torsdag laget bekrefter trenervalget.<\/p>\n<p>Laura Kaminiski blir ikke bare den f\u00f8rste kvinnelige treneren i Brann noensinne.<\/p>\n<p><strong>Hun blir ogs\u00e5 Toppseriens eneste kvinnelige hovedtrener. <\/strong><\/p>\n<p>\u2013 Jeg er stolt av \u00e5 v\u00e6re den f\u00f8rste kvinnen, men jeg tror jeg var den sterkeste kandidaten i denne prosessen. \u00c5 v\u00e6re kvinne var ikke det viktigste der, men \u00e5 v\u00e6re en god leder, sa Kaminski p\u00e5 pressekonferansen.<\/p>\n<p>Avtalen med Kaminski varer ut 2028.<\/p>\n<p>\u2013 Vi har sett etter en trener som b\u00e5de er tydelig og motiverende leder for spillergruppa og st\u00f8tteappartet. Det er p\u00e5 dette omr\u00e5det Laura har overbevist oss, sa sportslig leder Lars Johan Myklebust.<\/p>\n<p>Kaminski ledet Crystal Palace i den engelske superligaen for kvinner frem til februar fjor.<\/p>\n<p>Da fikk hun sparken og ble erstattet av Leif Gunnar Smerud, som bare trente laget i ti uker f\u00f8r han gikk over til Brann.<\/p>\n<p>N\u00e5 er situasjonen alts\u00e5 snudd p\u00e5 hodet og Kaminski tar over etter Smerud.<\/p>\n<p>F\u00f8rste trening med laget blir 20. januar.<\/p>\n<p><img decoding=\"async\"   src=\"data:image\/gif;base64,R0lGODlhAQABAIAAAAAAAP\/\/\/yH5BAEAAAAALAAAAAABAAEAAAIBRAA7\" loading=\"eager\" alt=\"Et pressekonferansested med en r\u00f8d bakgrunn med teksten &quot;SPORTSKLUBBEN BRANN&quot;. Tre personer sitter ved et bord, med mikrofoner og vannflasker foran seg. En person st\u00e5r i bakgrunnen og observerer scenen. Ingen ansikter er synlige. (Bildebeskrivelsen er laget av en KI-tjeneste)\" title=\"Foto: Sandra Amalie Lid Krumsvik \/ NRK\"\/><\/p>\n<p class=\"\">Sportsklubben Brann presenterte torsdag sin nye hovudtrener p\u00e5 en pressekonferanse.<\/p>\n<p>Foto: Sandra Amalie Lid Krumsvik \/ NRK<\/p>\n<p>15 \u00e5rs trenererfaring<\/p>\n<p>Laura Kaminski har v\u00e6rt innom en rekke engelske lag og har over 15 \u00e5rs erfaring som assistenttrener. <\/p>\n<p>Hun har v\u00e6rt assistenttrener for Arsenal, Chelsea, Tottenham og Brighton, samt for det engelske U19-landslaget.<\/p>\n<p>I sin f\u00f8rste sesong som hovedtrener for Crystal Palace (2023\u20132024) ledet hun laget til et historisk opprykk til \u00f8verste niv\u00e5et i engelsk fotball.<\/p>\n<p>Men eventyret sluttet br\u00e5tt da laget fikk en t\u00f8ff start i superligaen: Da l\u00e5 laget sist med bare seks poeng p\u00e5 14 kamper.<\/p>\n<p>Det var p\u00e5 dette tidspunktet Smerud tok over Crystal Palace.<\/p>\n<p>Skal lede laget i Champions League<\/p>\n<p>Fallh\u00f8yden er stor for Kaminski, som tar over SK Brann som vant Toppserien suverent i fjor.<\/p>\n<p>Det er ogs\u00e5 h\u00f8ye forventninger til hvordan laget vil prestere i Champions League.\n<\/p>\n<p><img decoding=\"async\"   src=\"data:image\/gif;base64,R0lGODlhAQABAIAAAAAAAP\/\/\/yH5BAEAAAAALAAAAAABAAEAAAIBRAA7\" loading=\"eager\" alt=\"Signe Gaupset Brann\" title=\"Foto: Paul S. Amundsen \/ NTB\"\/><\/p>\n<p class=\"\">Branns Cassandra Bogere, Signe Gaupset og Karoline Haugland jubler etter fotballkampen i Toppserien mellom SK Brann kvinner og Rosenborg p\u00e5 Brann Stadion.<\/p>\n<p>Foto: Paul S. Amundsen \/ NTB<\/p>\n<p>Publisert<\/p>\n<p>08.01.2026, kl. 14.57<\/p>\n<p>Oppdatert<\/p>\n<p>08.01.2026, kl. 15.23<\/p>\n","protected":false},"excerpt":{"rendered":"\u2013 Jeg ser veldig frem til dette, det f\u00f8les godt \u00e5 v\u00e6re p\u00e5 plass, selv om det er&hellip;\n","protected":false},"author":2,"featured_media":132140,"comment_status":"","ping_status":"","sticky":false,"template":"","format":"standard","meta":{"footnotes":""},"categories":[5],"tags":[20,21,24,25,15,19,22,23,17,18,13,30,28,29,14,16,26,27],"class_list":{"0":"post-132139","1":"post","2":"type-post","3":"status-publish","4":"format-standard","5":"has-post-thumbnail","7":"category-overskrifter","8":"tag-breaking-news","9":"tag-breakingnews","10":"tag-featured-news","11":"tag-featurednews","12":"tag-headlines","13":"tag-hovedoppslag","14":"tag-latest-news","15":"tag-latestnews","16":"tag-main-news","17":"tag-mainnews","18":"tag-news","19":"tag-no","20":"tag-norge","21":"tag-norway","22":"tag-nyheter","23":"tag-overskrifter","24":"tag-top-stories","25":"tag-topstories"},"share_on_mastodon":{"url":"https:\/\/pubeurope.com\/@no\/115860028938757310","error":""},"_links":{"self":[{"href":"https:\/\/www.europesays.com\/no\/wp-json\/wp\/v2\/posts\/132139","targetHints":{"allow":["GET"]}}],"collection":[{"href":"https:\/\/www.europesays.com\/no\/wp-json\/wp\/v2\/posts"}],"about":[{"href":"https:\/\/www.europesays.com\/no\/wp-json\/wp\/v2\/types\/post"}],"author":[{"embeddable":true,"href":"https:\/\/www.europesays.com\/no\/wp-json\/wp\/v2\/users\/2"}],"replies":[{"embeddable":true,"href":"https:\/\/www.europesays.com\/no\/wp-json\/wp\/v2\/comments?post=132139"}],"version-history":[{"count":0,"href":"https:\/\/www.europesays.com\/no\/wp-json\/wp\/v2\/posts\/132139\/revisions"}],"wp:featuredmedia":[{"embeddable":true,"href":"https:\/\/www.europesays.com\/no\/wp-json\/wp\/v2\/media\/132140"}],"wp:attachment":[{"href":"https:\/\/www.europesays.com\/no\/wp-json\/wp\/v2\/media?parent=132139"}],"wp:term":[{"taxonomy":"category","embeddable":true,"href":"https:\/\/www.europesays.com\/no\/wp-json\/wp\/v2\/categories?post=132139"},{"taxonomy":"post_tag","embeddable":true,"href":"https:\/\/www.europesays.com\/no\/wp-json\/wp\/v2\/tags?post=132139"}],"curies":[{"name":"wp","href":"https:\/\/api.w.org\/{rel}","templated":true}]}}