{"id":132141,"date":"2026-01-08T14:50:10","date_gmt":"2026-01-08T14:50:10","guid":{"rendered":"https:\/\/www.europesays.com\/no\/132141\/"},"modified":"2026-01-08T14:50:10","modified_gmt":"2026-01-08T14:50:10","slug":"razer-har-avslort-project-motoko","status":"publish","type":"post","link":"https:\/\/www.europesays.com\/no\/132141\/","title":{"rendered":"Razer har avsl\u00f8rt Project Motoko &#8211;"},"content":{"rendered":"<p>Razer er kjent for \u00e5 ofte realisere sine &laquo;prosjekter&raquo;, og vi kan bare h\u00e5pe at det ogs\u00e5 gjelder Project Motoko.<\/p>\n<p>Project Motoko er &laquo;The future of wearable AI&raquo;, og best\u00e5r av et hodesett som fungerer via en blanding av AI og AR, i form av et hodesett.<\/p>\n<p>Det leveres med &laquo;doble FPV&raquo;-kameraer, noe som betyr at det dekker hele f\u00f8rstepersonsutsikten, og videreformidler data i sanntid, for det meste fra droner, for \u00e5 skape en &laquo;v\u00e6re der&raquo;-opplevelse. Dette er ment \u00e5 fokusere AI-plattformen p\u00e5 det brukeren kan se og oppleve, og ignorere alle irrelevante data og innspill. Bruken av to kameraer gir ogs\u00e5 mulighet for dybdeoppfatning og presis gjenkjenning av plasseringen i rommet og i forhold til brukeren. Razer hevder at kameraene ogs\u00e5 gj\u00f8r bruk av et utvidet synsfelt.<\/p>\n<p>Lydmessig er det tatt hensyn til b\u00e5de n\u00e6r- og langdistanselyd for \u00e5 fange opp ikke bare stemmen din, men ogs\u00e5 lyd og tale fra nesten alt som befinner seg innenfor synsfeltet til FPV-kameraene.<\/p>\n<p>Hele poenget er interaksjon mellom kamera, lydinngang og det fysiske rommet og objektene, og Razer sier rett ut at det er en &laquo;personlig heltids AI-assistent&raquo;. Razers produktpresentasjon integrerer chat og livestreaming, noe som gir inntrykk av at det er et produkt for innholdsskapere, men den demonstrerer ogs\u00e5 hvordan det kan brukes til sosiale interaksjoner og trening, noe vi synes er litt mer iscenesatt og gir noen problemer med personvernet til de som blir filmet.<\/p>\n<p>Project Motoko st\u00f8tter for \u00f8yeblikket de mest brukte AI-plattformene, og bruker til og med maskinl\u00e6ring som brukes til, vel, &laquo;\u00e5 gi robotteam verdifulle data for \u00e5 trene humanoider for mer naturlig persepsjon, bevegelse og beslutningstaking, noe som kan tyde p\u00e5 at Razer samler inn enorme mengder data for &#8230; noe humanoid.<\/p>\n<p><img loading=\"lazy\" decoding=\"async\" id=\"img-1952703-4777813\" data-fullsize=\"\/media\/78\/_4777813b.png\" data-lazy=\"\" src=\"https:\/\/www.gamereactor.nohttps:\/\/www.gamereactor.no\/media\/78\/_4777813_650x.png\" width=\"650\" onclick=\"if (!window.__cfRLUnblockHandlers) return false; gallery_openmodal('1952703','4777813',false,'9d17240565c4c3d23c03f6a914ed22ba');\" height=\"385\" alt=\"Razer har avsl\u00f8rt Project Motoko\" class=\"rwd_col_content lazy\" data-cf-modified-c0de3d31407248ba521f8bc0-=\"\"\/>Razer<\/p>\n","protected":false},"excerpt":{"rendered":"Razer er kjent for \u00e5 ofte realisere sine &laquo;prosjekter&raquo;, og vi kan bare h\u00e5pe at det ogs\u00e5 gjelder&hellip;\n","protected":false},"author":2,"featured_media":132142,"comment_status":"","ping_status":"","sticky":false,"template":"","format":"standard","meta":{"footnotes":""},"categories":[57],"tags":[30,28,29,65,63,64,66,70,69,67,68],"class_list":{"0":"post-132141","1":"post","2":"type-post","3":"status-publish","4":"format-standard","5":"has-post-thumbnail","7":"category-vitenskap-og-teknologi","8":"tag-no","9":"tag-norge","10":"tag-norway","11":"tag-science","12":"tag-science-and-technology","13":"tag-scienceandtechnology","14":"tag-technology","15":"tag-teknologi","16":"tag-vitenskap","17":"tag-vitenskap-og-teknologi","18":"tag-vitenskapteknologi"},"share_on_mastodon":{"url":"https:\/\/pubeurope.com\/@no\/115860040830339675","error":""},"_links":{"self":[{"href":"https:\/\/www.europesays.com\/no\/wp-json\/wp\/v2\/posts\/132141","targetHints":{"allow":["GET"]}}],"collection":[{"href":"https:\/\/www.europesays.com\/no\/wp-json\/wp\/v2\/posts"}],"about":[{"href":"https:\/\/www.europesays.com\/no\/wp-json\/wp\/v2\/types\/post"}],"author":[{"embeddable":true,"href":"https:\/\/www.europesays.com\/no\/wp-json\/wp\/v2\/users\/2"}],"replies":[{"embeddable":true,"href":"https:\/\/www.europesays.com\/no\/wp-json\/wp\/v2\/comments?post=132141"}],"version-history":[{"count":0,"href":"https:\/\/www.europesays.com\/no\/wp-json\/wp\/v2\/posts\/132141\/revisions"}],"wp:featuredmedia":[{"embeddable":true,"href":"https:\/\/www.europesays.com\/no\/wp-json\/wp\/v2\/media\/132142"}],"wp:attachment":[{"href":"https:\/\/www.europesays.com\/no\/wp-json\/wp\/v2\/media?parent=132141"}],"wp:term":[{"taxonomy":"category","embeddable":true,"href":"https:\/\/www.europesays.com\/no\/wp-json\/wp\/v2\/categories?post=132141"},{"taxonomy":"post_tag","embeddable":true,"href":"https:\/\/www.europesays.com\/no\/wp-json\/wp\/v2\/tags?post=132141"}],"curies":[{"name":"wp","href":"https:\/\/api.w.org\/{rel}","templated":true}]}}