{"id":132143,"date":"2026-01-08T14:53:12","date_gmt":"2026-01-08T14:53:12","guid":{"rendered":"https:\/\/www.europesays.com\/no\/132143\/"},"modified":"2026-01-08T14:53:12","modified_gmt":"2026-01-08T14:53:12","slug":"kirkenaer-drapet-ber-publikum-om-hjelp","status":"publish","type":"post","link":"https:\/\/www.europesays.com\/no\/132143\/","title":{"rendered":"Kirken\u00e6r-drapet: Ber publikum om hjelp"},"content":{"rendered":"<p>Mannen som er siktet for drapet p\u00e5 May-Torill Eriksen (48) p\u00e5 Kirken\u00e6r i Grue kommune i romjula <a href=\"https:\/\/www.tv2.no\/nyheter\/kirkenaer-drapssiktet-mann-pagrepet-i-oslo\/18421010\/\" rel=\"nofollow noopener\" target=\"_blank\">ble p\u00e5grepet i Oslo 30. desember.<\/a><\/p>\n<p>Politiinspekt\u00f8r Henning Klauseie kan torsdag opplyse at mannen har latt seg avh\u00f8re. Mannen ble avh\u00f8rt onsdag.<\/p>\n<p>\u2013\u00a0Vi kan ikke kommentere noe fra avh\u00f8ret, men siktede er kjent med den anklagen som er rettet mot ham, sier Klauseie til TV 2.<\/p>\n<p>        <img class=\"image__img lazyload\" itemprop=\"image\" title=\"Foto: Frode Sunde \/ TV 2\" alt=\"MAJORSTUA: Siktede ble p\u00e5grepet i denne leiligheten p\u00e5 Majorstua. Foto: Frode Sunde \/ TV 2\" width=\"978\" height=\"551\" bad-src=\"https:\/\/www.europesays.com\/no\/wp-content\/uploads\/2026\/01\/18444818.webp.jpeg\" fetchpriority=\"auto\" \/><\/p>\n<p>      MAJORSTUA: Siktede ble p\u00e5grepet i denne leiligheten p\u00e5 Majorstua.<br \/>\n         Foto: Frode Sunde \/ TV 2<\/p>\n<p>N\u00e5 ber politiet om tips i saken.<\/p>\n<p>\u2013 Politiet ber hjelp fra personer som har befunnet seg p\u00e5 Kirken\u00e6r dersom de har overv\u00e5king \/ bilder \/ film fra biler, ringeklokker eller annen overv\u00e5king.<\/p>\n<p>Slik r\u00f8mte han<\/p>\n<p>Det er ikke tidfestet n\u00e5r drapet fant sted, men politiet har en teori om n\u00e5r og hvordan mannen kom seg til Oslo:<\/p>\n<p>\u2013 Vi antar at siktede har beveget seg til Oslo med kollektivtransport, men det er fortsatt flere detaljer som ikke er avklart om dette, b\u00e5de n\u00e5r det gjelder tidspunkt og ruten han har beveget seg langs, sier Klauseie.<\/p>\n<p>Politiet antar at siktede har g\u00e5tt langs Sol\u00f8rvegen\/riksvei 2 s\u00f8rover til Grue R\u00e5dhus, ned til Finnskogvegen. Nordover har han sannsynligvis g\u00e5tt enten Meierivegen eller Bruksvegen til Kornsiloen.\u00a0<\/p>\n<p>Videre har han g\u00e5tt Jernbanevegen til Skaslien gjestgiveri og deretter Sol\u00f8rvegen\/riksvei 2 s\u00f8rover igjen.<\/p>\n<p>Politiet er interessert i tips fra 23. desember klokken 17 frem til 24. desember klokken 13.<\/p>\n<p>        <img class=\"image__img lazyload\" itemprop=\"image\" title=\"Foto: Lars Nyland \/ TV 2\" alt=\"KIRKEN\u00c6R: Det gikk flere dager f\u00f8r mannen ble p\u00e5grepet. Bildet viser etterforskningen av \u00e5stedet p\u00e5 Kirken\u00e6r. Foto: Lars Nyland \/ TV 2\" width=\"978\" height=\"551\" bad-src=\"https:\/\/www.europesays.com\/no\/wp-content\/uploads\/2026\/01\/18417003.webp.jpeg\" fetchpriority=\"auto\" \/><\/p>\n<p>      KIRKEN\u00c6R: Det gikk flere dager f\u00f8r mannen ble p\u00e5grepet. Bildet viser etterforskningen av \u00e5stedet p\u00e5 Kirken\u00e6r.<br \/>\n         Foto: Lars Nyland \/ TV 2<\/p>\n<p>Mannen kan ha blitt sett sammen med en hund, if\u00f8lge Klauseie.<\/p>\n<p>\u2013 Det er snakk om en gr\u00e5h\u00e5ret mann p\u00e5 60 \u00e5r som hadde med en st\u00f8rre hund. Hunden har hvite poter, hvitt ansikt og hadde sannsynligvis p\u00e5 et dekken, sier han.<\/p>\n<p>Det er ikke kjent hvordan mannen stiller seg til skyldsp\u00f8rsm\u00e5let.<\/p>\n<p>Bekymringsmelding<\/p>\n<p>Eriksen ble funnet d\u00f8d i sin egen leilighet l\u00f8rdag 27. desember, etter en bekymringsmelding.\u00a0<\/p>\n<p>Bekymringsmeldingen gikk ut p\u00e5 at noen ikke hadde kommet i kontakt med henne.<\/p>\n<p>Politiet har tidligere sagt at det var funn p\u00e5 \u00e5stedet som styrket teorien om drap. Deres relasjon var samboere, har politiet tidligere opplyst.<\/p>\n<p>Siktedes forsvarer, advokat John Christian Elden, har ikke besvart TV 2s henvendelse.<\/p>\n","protected":false},"excerpt":{"rendered":"Mannen som er siktet for drapet p\u00e5 May-Torill Eriksen (48) p\u00e5 Kirken\u00e6r i Grue kommune i romjula ble&hellip;\n","protected":false},"author":2,"featured_media":132144,"comment_status":"","ping_status":"","sticky":false,"template":"","format":"standard","meta":{"footnotes":""},"categories":[10],"tags":[20,21,24,25,15,22,23,13,30,28,29,14,16,26,27],"class_list":{"0":"post-132143","1":"post","2":"type-post","3":"status-publish","4":"format-standard","5":"has-post-thumbnail","7":"category-norge","8":"tag-breaking-news","9":"tag-breakingnews","10":"tag-featured-news","11":"tag-featurednews","12":"tag-headlines","13":"tag-latest-news","14":"tag-latestnews","15":"tag-news","16":"tag-no","17":"tag-norge","18":"tag-norway","19":"tag-nyheter","20":"tag-overskrifter","21":"tag-top-stories","22":"tag-topstories"},"share_on_mastodon":{"url":"https:\/\/pubeurope.com\/@no\/115860052756790173","error":""},"_links":{"self":[{"href":"https:\/\/www.europesays.com\/no\/wp-json\/wp\/v2\/posts\/132143","targetHints":{"allow":["GET"]}}],"collection":[{"href":"https:\/\/www.europesays.com\/no\/wp-json\/wp\/v2\/posts"}],"about":[{"href":"https:\/\/www.europesays.com\/no\/wp-json\/wp\/v2\/types\/post"}],"author":[{"embeddable":true,"href":"https:\/\/www.europesays.com\/no\/wp-json\/wp\/v2\/users\/2"}],"replies":[{"embeddable":true,"href":"https:\/\/www.europesays.com\/no\/wp-json\/wp\/v2\/comments?post=132143"}],"version-history":[{"count":0,"href":"https:\/\/www.europesays.com\/no\/wp-json\/wp\/v2\/posts\/132143\/revisions"}],"wp:featuredmedia":[{"embeddable":true,"href":"https:\/\/www.europesays.com\/no\/wp-json\/wp\/v2\/media\/132144"}],"wp:attachment":[{"href":"https:\/\/www.europesays.com\/no\/wp-json\/wp\/v2\/media?parent=132143"}],"wp:term":[{"taxonomy":"category","embeddable":true,"href":"https:\/\/www.europesays.com\/no\/wp-json\/wp\/v2\/categories?post=132143"},{"taxonomy":"post_tag","embeddable":true,"href":"https:\/\/www.europesays.com\/no\/wp-json\/wp\/v2\/tags?post=132143"}],"curies":[{"name":"wp","href":"https:\/\/api.w.org\/{rel}","templated":true}]}}