{"id":132145,"date":"2026-01-08T14:54:08","date_gmt":"2026-01-08T14:54:08","guid":{"rendered":"https:\/\/www.europesays.com\/no\/132145\/"},"modified":"2026-01-08T14:54:08","modified_gmt":"2026-01-08T14:54:08","slug":"snorrepus-angrer-pa-spetalen-intervju-svertet-prosjektet-litt","status":"publish","type":"post","link":"https:\/\/www.europesays.com\/no\/132145\/","title":{"rendered":"\u00abSnorrepus\u00bb angrer p\u00e5 Spetalen-intervju: \u2013 Svertet prosjektet litt"},"content":{"rendered":"\n<p class=\"_lead_o9xde_2 _lead_xtcu6_50 layout-component text-serif-m layout-normal text-serif-l layout-component layout-wide layout-padded _wide_17hqh_1 layout-padded\">Snorre \u00abSnorrepus\u00bb Klanderud, en av profilene i \u00abGutta\u00bb, sier at han ikke ville gjort intervjuet med \u00d8yvind Stray Spetalen p\u00e5 ny.<\/p>\n<p><img alt=\"\u00d8ystein Stray Spetalen ble intervjuet i en podkast til influensergruppen Gutta.  Foto: Stian Lysberg Solum \/ NTB\" class=\"_image_qp4xg_65 layout-component layout-wide\" data-fullscreen- data-track-element-type=\"Article image fullscreen\" data-track-name=\"ImageFullscreen\" fetchpriority=\"high\" decoding=\"sync\" loading=\"eager\" height=\"3216\" itemprop=\"image\"  src=\"https:\/\/www.europesays.com\/no\/wp-content\/uploads\/2026\/01\/b1d49f2b-e488-4677-b2ee-41b3a2167600.jpeg\"  style=\"object-position:0% 0%\" width=\"4824\"\/>\u00d8ystein Stray Spetalen ble intervjuet i en podkast til influensergruppen Gutta.  Foto: Stian Lysberg Solum \/ NTB<\/p>\n<ul aria-hidden=\"true\" class=\"_images_ntbth_112\">\n<li><a class=\"_link_ntbth_117\" href=\"https:\/\/www.vg.no\/forfatter\/ntb\" style=\"z-index:1\" title=\"NTB\" rel=\"nofollow noopener\" target=\"_blank\"><img alt=\"Bilde av NTB\" class=\"_image_ntbth_93\" fetchpriority=\"low\" loading=\"lazy\" decoding=\"async\" itemprop=\"image\"  src=\"https:\/\/www.europesays.com\/no\/wp-content\/uploads\/2026\/01\/1767884048_154_c33980b0-5d07-4027-84a1-813f90a7c8d6.png\"  width=\"480\"\/><\/a><\/li>\n<\/ul>\n<p> Oppdatert torsdag 8. januar kl. 15:32     <\/p>\n<p class=\"_paragraph_o9xde_4 _paragraph_xtcu6_10 layout-component text-serif-m layout-normal text-serif-m layout-padded\"> \u2013 Intervjuet med Spetalen fikk mye oppmerksomhet og dro oss i retning av \u00e5 v\u00e6re h\u00f8yrevridde, sier han til <a href=\"https:\/\/www.kampanje.com\/premium\/gutta-profil-angrer-pa-spetalen-intervju-svertet-prosjektet-litt\/971247\" class=\"_link_o9xde_39\" rel=\"nofollow noopener\" target=\"_blank\">Kampanje<\/a>.<\/p>\n<p class=\"_paragraph_o9xde_4 _paragraph_xtcu6_10 layout-component text-serif-m layout-normal text-serif-m layout-padded\">\u00abGutta\u00bb hadde ogs\u00e5 en podkast med venstresideprofilen Magnus Marsdal for \u00e5 skape balanse. Men Klanderud mener det ikke funket helt.<\/p>\n<p class=\"_paragraph_o9xde_4 _paragraph_xtcu6_10 layout-component text-serif-m layout-normal text-serif-m layout-padded\">\u2013 Jeg tror det svertet prosjektet litt. Det er litt synd i ettertid. <\/p>\n<p><img alt=\"Snorre \u00abSnorrepus\u00bb Klanderud.  Foto: Mattis Sandblad \/ VG\" class=\"_image_qp4xg_65 layout-component layout-normal\" data-fullscreen- data-track-element-type=\"Article image fullscreen\" data-track-name=\"ImageFullscreen\" decoding=\"async\" loading=\"lazy\" height=\"4000\" itemprop=\"image\"  src=\"https:\/\/www.europesays.com\/no\/wp-content\/uploads\/2026\/01\/a42bf4b4-c996-4dcd-a9a8-5ff688840495.jpeg\"  style=\"object-position:0% 0%\" width=\"6000\"\/>Snorre \u00abSnorrepus\u00bb Klanderud.  Foto: Mattis Sandblad \/ VG<\/p>\n<p class=\"_paragraph_o9xde_4 _paragraph_xtcu6_10 layout-component text-serif-m layout-normal text-serif-m layout-padded\">Videre sier Klanderud at selv om han synes podkastene med b\u00e5de Spetalen og Marsdal var interessante, ville han droppet dem om han fikk gj\u00f8re det p\u00e5 ny.<\/p>\n<p class=\"_paragraph_o9xde_4 _paragraph_xtcu6_10 layout-component text-serif-m layout-normal text-serif-m layout-padded\">Det ble nylig kjent at Youtube-kanalen \u00abGutta\u00bb \u2013 best\u00e5ende av Klanderud, <a href=\"https:\/\/www.vg.no\/tag\/sebastian-brevik?utm_source=vg-article&amp;utm_medium=auto-tagger&amp;utm_campaign=K83EE5\" class=\"_link_o9xde_39\" rel=\"nofollow noopener\" target=\"_blank\">Sebastian Brevik<\/a>, Henrik Viken og Oskar Westerlin \u2013 gir seg.<\/p>\n<p class=\"_paragraph_o9xde_4 _paragraph_xtcu6_10 layout-component text-serif-m layout-normal text-serif-m layout-padded\">Youtube-kanalens videoer har f\u00e5tt millioner av visninger, og \u00abGutta\u00bb markerte seg i fjor\u00e5rets valgkamp med \u00e5 arrangere utsp\u00f8rringer av alle partilederne.<\/p>\n<p class=\"_paragraph_o9xde_4 _paragraph_xtcu6_10 layout-component text-serif-m layout-normal layout-padded\"><strong class=\"_strong_o9xde_25\">Les ogs\u00e5:<\/strong> <a href=\"https:\/\/www.vg.no\/i\/8pw3yr\" data-track-element-type=\"Link\" data-track-id=\"link:8pw3yr\" class=\"_link_o9xde_39\" rel=\"nofollow noopener\" target=\"_blank\">Snorrepus: \u2013 Jeg motiveres lite av penger<\/a><\/p>\n<p class=\"_paragraph_o9xde_4 _paragraph_xtcu6_10 layout-component text-serif-m layout-normal text-serif-m layout-padded\">Klanderud fikk ogs\u00e5 mye oppmerksomhet da han vinteren 2025 fastet i 21 dager. Det ekstreme prosjektet ble dokumentert, og n\u00e5 kan du se resultatet p\u00e5 VGTV.<\/p>\n","protected":false},"excerpt":{"rendered":"Snorre \u00abSnorrepus\u00bb Klanderud, en av profilene i \u00abGutta\u00bb, sier at han ikke ville gjort intervjuet med \u00d8yvind Stray&hellip;\n","protected":false},"author":2,"featured_media":132146,"comment_status":"","ping_status":"","sticky":false,"template":"","format":"standard","meta":{"footnotes":""},"categories":[5],"tags":[20,21,24,25,15,19,22,23,17,18,13,30,28,29,14,2550,16,2690,2757,26,27],"class_list":{"0":"post-132145","1":"post","2":"type-post","3":"status-publish","4":"format-standard","5":"has-post-thumbnail","7":"category-overskrifter","8":"tag-breaking-news","9":"tag-breakingnews","10":"tag-featured-news","11":"tag-featurednews","12":"tag-headlines","13":"tag-hovedoppslag","14":"tag-latest-news","15":"tag-latestnews","16":"tag-main-news","17":"tag-mainnews","18":"tag-news","19":"tag-no","20":"tag-norge","21":"tag-norway","22":"tag-nyheter","23":"tag-oskar-westerlin","24":"tag-overskrifter","25":"tag-oystein-stray-spetalen","26":"tag-sebastian-brevik","27":"tag-top-stories","28":"tag-topstories"},"share_on_mastodon":{"url":"https:\/\/pubeurope.com\/@no\/115860056654749319","error":""},"_links":{"self":[{"href":"https:\/\/www.europesays.com\/no\/wp-json\/wp\/v2\/posts\/132145","targetHints":{"allow":["GET"]}}],"collection":[{"href":"https:\/\/www.europesays.com\/no\/wp-json\/wp\/v2\/posts"}],"about":[{"href":"https:\/\/www.europesays.com\/no\/wp-json\/wp\/v2\/types\/post"}],"author":[{"embeddable":true,"href":"https:\/\/www.europesays.com\/no\/wp-json\/wp\/v2\/users\/2"}],"replies":[{"embeddable":true,"href":"https:\/\/www.europesays.com\/no\/wp-json\/wp\/v2\/comments?post=132145"}],"version-history":[{"count":0,"href":"https:\/\/www.europesays.com\/no\/wp-json\/wp\/v2\/posts\/132145\/revisions"}],"wp:featuredmedia":[{"embeddable":true,"href":"https:\/\/www.europesays.com\/no\/wp-json\/wp\/v2\/media\/132146"}],"wp:attachment":[{"href":"https:\/\/www.europesays.com\/no\/wp-json\/wp\/v2\/media?parent=132145"}],"wp:term":[{"taxonomy":"category","embeddable":true,"href":"https:\/\/www.europesays.com\/no\/wp-json\/wp\/v2\/categories?post=132145"},{"taxonomy":"post_tag","embeddable":true,"href":"https:\/\/www.europesays.com\/no\/wp-json\/wp\/v2\/tags?post=132145"}],"curies":[{"name":"wp","href":"https:\/\/api.w.org\/{rel}","templated":true}]}}