{"id":132148,"date":"2026-01-08T15:01:11","date_gmt":"2026-01-08T15:01:11","guid":{"rendered":"https:\/\/www.europesays.com\/no\/132148\/"},"modified":"2026-01-08T15:01:11","modified_gmt":"2026-01-08T15:01:11","slug":"kenneth-jobbar-pa-spreng-for-a-fikse-oydelagde-vassroyr-smp-no","status":"publish","type":"post","link":"https:\/\/www.europesays.com\/no\/132148\/","title":{"rendered":"Kenneth jobbar p\u00e5 spreng for \u00e5 fikse \u00f8ydelagde vassr\u00f8yr &#8211; smp.no"},"content":{"rendered":"<ol>\n<li><a href=\"https:\/\/news.google.com\/rss\/articles\/CBMimwFBVV95cUxQbV8wTVRualpVeGR2ZXZyWUw0Zk9LYUJ0SmxFd2JDdVpLbWhLcFpYRzVFV3ludnpOQjRzeU9OR2ROMHZoeU9ZQXRIQ2pJamtIMTh0aUdibmtpS2pROVV6RDg3THBYYjZHdElkVmRwYWZrY1pBSEJUQWQyN3FNV3BxdU5oeTMwWnZzcVZubkxkV1FnS2t4YW9EcUhBQQ?oc=5\" target=\"_blank\" rel=\"nofollow noopener\">Kenneth jobbar p\u00e5 spreng for \u00e5 fikse \u00f8ydelagde vassr\u00f8yr<\/a>&nbsp;&nbsp;smp.no<\/li>\n<li><a href=\"https:\/\/news.google.com\/rss\/articles\/CBMihwFBVV95cUxQY09tNUV4UE16OUFxaDFWNll2Z2lIWHJDN3ZZQzAwRkhJWS1xbWNjRlVSSk9sTEtiNmotOWNfaWZIdXpZbmZJaVZIU0lzdUFWeWNaOURJek50QnNDWldtamY2WXlSM1RINXlNMDlzQjM0MU85ZXRCZzJiRzVNWnYzZ0hHaUNFUFU?oc=5\" target=\"_blank\" rel=\"nofollow noopener\">Advarer mot str\u00f8mtriks: &#8211; Ekstremt dyrt<\/a>&nbsp;&nbsp;DinSide<\/li>\n<li><a href=\"https:\/\/news.google.com\/rss\/articles\/CBMiXkFVX3lxTE5kWWhrS05LY0RXUDROSlV5Q0ZjbmVJZHp4VVpPZEVKdlNWSjJ5LUxLTGdJWXYxSUNDMlhSYjhKODYzS2Q0Zjc0ZG45YUx6ajJPYnp3UVRIZGtqNElxVFE?oc=5\" target=\"_blank\" rel=\"nofollow noopener\">Har fullt opp \u00e5 gj\u00f8re i kulda<\/a>&nbsp;&nbsp;fjt.no<\/li>\n<li><a href=\"https:\/\/news.google.com\/rss\/articles\/CBMingFBVV95cUxNVWtMOEFLTUdJSzFRdm1McGRFNHI4Vi1seVZBZEJVc0JLODBWemJQbk9CdmVnN0E4dXJPZjg5SlY5MjdRZ0owUnNLMGdvb2xhVEF1TkJTNTlGTWJKWkcxSkh2cHhUdkFfa2ZvcXhHRFhmV19hbzhXSjhwRVd5LTQ1cjZTdlFaRFVJUWZBczQyNWlXVEdVU2JTdGdacmJ6Zw?oc=5\" target=\"_blank\" rel=\"nofollow noopener\">S\u00e5 mykje varme m\u00e5 du ha p\u00e5 for \u00e5 unng\u00e5 frosne r\u00f8yr i kulda<\/a>&nbsp;&nbsp;NRK<\/li>\n<li><a href=\"https:\/\/news.google.com\/rss\/articles\/CBMivwFBVV95cUxOUmg1WEpHQmhNalp0bWJiaFdoZDZsdWxjZ25ldE5vSHc1MGNCTkh3X0YxU1cxWWo3d205RDRkRWlGSjJweVFPbkd5XzMxUTBrOUZXNndrMkRpamlkNW1wRUxzN3hRZC16TWJ2R1gwWlpEUXJ3bzU0blUwTEpmWmtxNG5xSkp6RzB6NWdFWG9NbEM2YV9jSGljZVBWZHBXbmNRdVJiaFVOcWsyT2VMQm1oVS1mcjhrVWJRVDZPeklVSQ?oc=5\" target=\"_blank\" rel=\"nofollow noopener\">V\u00e6r og vind, Eigersund | Kulda herjer i Dalane: \u2013 Det blir mye dyrere med r\u00f8rlegger enn litt ekstra str\u00f8m<\/a>&nbsp;&nbsp;Dalane Tidende<\/li>\n<\/ol>\n","protected":false},"excerpt":{"rendered":"Kenneth jobbar p\u00e5 spreng for \u00e5 fikse \u00f8ydelagde vassr\u00f8yr&nbsp;&nbsp;smp.no Advarer mot str\u00f8mtriks: &#8211; Ekstremt dyrt&nbsp;&nbsp;DinSide Har fullt opp&hellip;\n","protected":false},"author":2,"featured_media":132149,"comment_status":"","ping_status":"","sticky":false,"template":"","format":"standard","meta":{"footnotes":""},"categories":[5],"tags":[20,21,24,25,15,19,22,23,17,18,13,30,28,29,14,16,26,27],"class_list":{"0":"post-132148","1":"post","2":"type-post","3":"status-publish","4":"format-standard","5":"has-post-thumbnail","7":"category-overskrifter","8":"tag-breaking-news","9":"tag-breakingnews","10":"tag-featured-news","11":"tag-featurednews","12":"tag-headlines","13":"tag-hovedoppslag","14":"tag-latest-news","15":"tag-latestnews","16":"tag-main-news","17":"tag-mainnews","18":"tag-news","19":"tag-no","20":"tag-norge","21":"tag-norway","22":"tag-nyheter","23":"tag-overskrifter","24":"tag-top-stories","25":"tag-topstories"},"share_on_mastodon":{"url":"https:\/\/pubeurope.com\/@no\/115860084026769912","error":""},"_links":{"self":[{"href":"https:\/\/www.europesays.com\/no\/wp-json\/wp\/v2\/posts\/132148","targetHints":{"allow":["GET"]}}],"collection":[{"href":"https:\/\/www.europesays.com\/no\/wp-json\/wp\/v2\/posts"}],"about":[{"href":"https:\/\/www.europesays.com\/no\/wp-json\/wp\/v2\/types\/post"}],"author":[{"embeddable":true,"href":"https:\/\/www.europesays.com\/no\/wp-json\/wp\/v2\/users\/2"}],"replies":[{"embeddable":true,"href":"https:\/\/www.europesays.com\/no\/wp-json\/wp\/v2\/comments?post=132148"}],"version-history":[{"count":0,"href":"https:\/\/www.europesays.com\/no\/wp-json\/wp\/v2\/posts\/132148\/revisions"}],"wp:featuredmedia":[{"embeddable":true,"href":"https:\/\/www.europesays.com\/no\/wp-json\/wp\/v2\/media\/132149"}],"wp:attachment":[{"href":"https:\/\/www.europesays.com\/no\/wp-json\/wp\/v2\/media?parent=132148"}],"wp:term":[{"taxonomy":"category","embeddable":true,"href":"https:\/\/www.europesays.com\/no\/wp-json\/wp\/v2\/categories?post=132148"},{"taxonomy":"post_tag","embeddable":true,"href":"https:\/\/www.europesays.com\/no\/wp-json\/wp\/v2\/tags?post=132148"}],"curies":[{"name":"wp","href":"https:\/\/api.w.org\/{rel}","templated":true}]}}