{"id":132150,"date":"2026-01-08T15:02:24","date_gmt":"2026-01-08T15:02:24","guid":{"rendered":"https:\/\/www.europesays.com\/no\/132150\/"},"modified":"2026-01-08T15:02:24","modified_gmt":"2026-01-08T15:02:24","slug":"sivert-bakken-skiskyting-avdode-sivert-bakken-ble-hedret-tarer-og-folelsesladd","status":"publish","type":"post","link":"https:\/\/www.europesays.com\/no\/132150\/","title":{"rendered":"Sivert Bakken, Skiskyting | Avd\u00f8de Sivert Bakken ble hedret: T\u00e5rer og f\u00f8lelsesladd"},"content":{"rendered":"\n<p>Den avd\u00f8de skiskytterprofilen Sivert Guttorm Bakken ble hyllet med en egen minneseremoni i forkant av torsdagens verdenscupsprint i tyske Oberhof.<\/p>\n<p>Bakken-hyllesten ble inkludert i TV-sendingen f\u00f8r sprintstarten, og det var ogs\u00e5 et minutts applaus for nordmannen p\u00e5 stadion i Oberhof.<\/p>\n<p>Bakken ble tildelt startnummer 1, og rennets nummer to, latvieren Renars Birkentals, ble den f\u00f8rste startende ut p\u00e5 den 10 kilometer lange sprinten i den tyske delstaten Th\u00fcringen.<\/p>\n<p>De norske skiskytterne gikk verdenscupsprinten med s\u00f8rgebind p\u00e5 h\u00f8yre arm. L\u00f8perne sto sammen i flokk f\u00f8r start, norske og internasjonale ut\u00f8vere side om side.<\/p>\n<p>Johannes Dale-Skjevdal hadde Bakkens startnummer 1 knyttet rundt midjen.<\/p>\n<p>T\u00e5rev\u00e5tt<\/p>\n<p>Sivert Guttorm Bakken ble funnet d\u00f8d p\u00e5 sitt hotellrom i Lavaz\u00e9 i Italia lille julaften. D\u00f8ds\u00e5rsaken er ikke kjent. Bakken ble 27 \u00e5r.<\/p>\n<p>TV 2 viet hele opptakten til rennet til minne om Bakken, og det kom gode ord fra ekspertene Tiril Eckhoff, Ole Einar Bj\u00f8rndalen og Petter Northug. Det ble en TV-sending full av f\u00f8lelser.<\/p>\n<p>B\u00e5de norske og utenlandske konkurrenter kom til ordet med sine minner om Bakken.<\/p>\n<p>\u2013 Det var som et sjokk og er fortsatt uvirkelig. Han var en fantastisk mann. Det er bare utrolig trist, sa Eckhoff p\u00e5 sendingen.<\/p>\n<p>   <img decoding=\"async\" width=\"6000\" height=\"4000\" fetchpriority=\"low\"  loading=\"lazy\"  src=\"https:\/\/www.europesays.com\/no\/wp-content\/uploads\/2026\/01\/NTB_FTmfLlnU4GQ.jpg\" alt=\"Oslo 20251118. &#10;Pressetreff med Tiril Eckhoff i forbindelse med starten av vintersportsesongen i skiskyting.&#10;Foto: Terje Bendiksby \/ NTB\" class=\"brick-c-cFOWSL\" style=\"--brick-image-ratio: 6000 \/ 4000;\"\/><\/p>\n<p>      PREGET: Tidligere skiskytter Tiril Eckhoff.<br \/>\n      Foto: Terje Bendiksby (NTB)\n    <\/p>\n<p>Hun klarte ikke \u00e5 holde t\u00e5rene tilbake og stemmen sprakk da hun skulle fortelle om Bakken.<\/p>\n<p>F\u00f8les fint<\/p>\n<p>Bakken var for fullt med i kampen om en OL-billett da han ble funnet d\u00f8d av lagkamerat Johan-Olav Botn i Nord-Italia.<\/p>\n<p>\u2013 Det var f\u00f8rst og fremst et sjokk. Jeg trodde ikke det jeg h\u00f8rte. Men n\u00e5 er vi her, og jeg tror det blir en fin dag, og det f\u00f8les fint at vi markerer det, sa Bj\u00f8rndalen.<\/p>\n<p>Det samme var Petter Northug inne p\u00e5.<\/p>\n<p>\u2013 Jeg tror at det blir godt for enkelte \u00e5 komme seg i gang med konkurranser igjen. Det har mange av konkurrentene v\u00e6rt inne p\u00e5 ogs\u00e5. Jeg tror de gleder seg til det, sa Petter Northug.<\/p>\n<p>Bakken bisettes i Nordre \u00c5l kirke 13. januar.<\/p>\n<p>(\u00a9NTB)<\/p>\n","protected":false},"excerpt":{"rendered":"Den avd\u00f8de skiskytterprofilen Sivert Guttorm Bakken ble hyllet med en egen minneseremoni i forkant av torsdagens verdenscupsprint i&hellip;\n","protected":false},"author":2,"featured_media":132151,"comment_status":"","ping_status":"","sticky":false,"template":"","format":"standard","meta":{"footnotes":""},"categories":[59],"tags":[30,28,29,83,82],"class_list":{"0":"post-132150","1":"post","2":"type-post","3":"status-publish","4":"format-standard","5":"has-post-thumbnail","7":"category-sport","8":"tag-no","9":"tag-norge","10":"tag-norway","11":"tag-sport","12":"tag-sports"},"share_on_mastodon":{"url":"https:\/\/pubeurope.com\/@no\/115860087964895427","error":""},"_links":{"self":[{"href":"https:\/\/www.europesays.com\/no\/wp-json\/wp\/v2\/posts\/132150","targetHints":{"allow":["GET"]}}],"collection":[{"href":"https:\/\/www.europesays.com\/no\/wp-json\/wp\/v2\/posts"}],"about":[{"href":"https:\/\/www.europesays.com\/no\/wp-json\/wp\/v2\/types\/post"}],"author":[{"embeddable":true,"href":"https:\/\/www.europesays.com\/no\/wp-json\/wp\/v2\/users\/2"}],"replies":[{"embeddable":true,"href":"https:\/\/www.europesays.com\/no\/wp-json\/wp\/v2\/comments?post=132150"}],"version-history":[{"count":0,"href":"https:\/\/www.europesays.com\/no\/wp-json\/wp\/v2\/posts\/132150\/revisions"}],"wp:featuredmedia":[{"embeddable":true,"href":"https:\/\/www.europesays.com\/no\/wp-json\/wp\/v2\/media\/132151"}],"wp:attachment":[{"href":"https:\/\/www.europesays.com\/no\/wp-json\/wp\/v2\/media?parent=132150"}],"wp:term":[{"taxonomy":"category","embeddable":true,"href":"https:\/\/www.europesays.com\/no\/wp-json\/wp\/v2\/categories?post=132150"},{"taxonomy":"post_tag","embeddable":true,"href":"https:\/\/www.europesays.com\/no\/wp-json\/wp\/v2\/tags?post=132150"}],"curies":[{"name":"wp","href":"https:\/\/api.w.org\/{rel}","templated":true}]}}