{"id":132152,"date":"2026-01-08T15:08:10","date_gmt":"2026-01-08T15:08:10","guid":{"rendered":"https:\/\/www.europesays.com\/no\/132152\/"},"modified":"2026-01-08T15:08:10","modified_gmt":"2026-01-08T15:08:10","slug":"trump-forteller-om-planer-angaende-a-oke-usas-forsvarsbudsjett-med-50-prosent","status":"publish","type":"post","link":"https:\/\/www.europesays.com\/no\/132152\/","title":{"rendered":"Trump forteller om planer ang\u00e5ende \u00e5 \u00f8ke USAs forsvarsbudsjett med 50 prosent."},"content":{"rendered":"<p class=\"kicker t15 font-weight-bold m-font-weight-bold color_mobile_no_bg_color quaternary color_mobile_quaternary font-Trim text-case-transform-upper mobile-hasTextPadding\" style=\"\">Nyheter<\/p>\n<p>    President Donald Trump forteller om planer ang\u00e5ende \u00e5 \u00f8ke USAs forsvarsbudsjett med 50 prosent neste \u00e5r som f\u00f8lge av \u00aburolige og farlige tider\u00bb.\u00a0<\/p>\n<p>\n        UROLIG: President Donald Trump vil \u00f8ke USAs forsvarsbudsjett med 50 prosent grunnet &laquo;urolige og farlige tider&raquo;.<br \/>\n        Alex Brandon\n    <\/p>\n<p>\u2013 Jeg har besluttet at, til det beste for v\u00e5rt land, s\u00e6rlig i disse sv\u00e6rt urolige og farlige tider, skal v\u00e5rt milit\u00e6rbudsjett for \u00e5ret 2027 ikke v\u00e6re 1000 milliarder dollar, men heller 1.500 milliarder dollar, skriver\u00a0Trump\u00a0i en\u00a0<a href=\"https:\/\/truthsocial.com\/@realDonaldTrump\/posts\/115855894695940909\" target=\"_blank\" rel=\"nofollow noopener\">melding\u00a0<\/a>i sosiale medier onsdag.<\/p>\n<p>Han sier beslutningen kommer etter \u00ablange og vanskelige forhandlinger med senatorer, kongressmenn, ministre og andre politiske representanter\u00bb.<\/p>\n<p>Forsvarsbudsjettene i USA m\u00e5 imidlertid godkjennes i Kongressen. Budsjettet for 2026 er p\u00e5 901 milliarder dollar.<\/p>\n<p>Trumps forslag inneb\u00e6rer en \u00f8kning i forsvarsbudsjettet p\u00e5 over 50 prosent. Det kommer f\u00e5 dager at\u00a0Trump\u00a0beordret milit\u00e6re angrep p\u00e5 Venezuela for\u00a0\u00e5\u00a0bortf\u00f8re landets president. Samtidig har amerikanske styrker fortsatt styrkeoppbyggingen i Det karibiske hav.<\/p>\n<p>De siste dagene har\u00a0Trump\u00a0ogs\u00e5 snakket stadig h\u00f8yere om\u00a0\u00e5\u00a0overta Gr\u00f8nland. Han har ogs\u00e5 \u00e5pnet for\u00a0\u00e5\u00a0gjennomf\u00f8re milit\u00e6re operasjoner i Colombia. Samtidig har utenriksminister Marco Rubio advart om at Cuba \u00aber i tr\u00f8bbel\u00bb.<\/p>\n<p>\u2013 Dette vil la oss bygge \u00abdr\u00f8mmeforsvaret\u00bb som vi lenge har hatt rett p\u00e5, og enda viktigere, det vil gj\u00f8re oss trygge og sikre, uavhengig av hvem fienden er, skriver\u00a0Trump\u00a0i meldingen p\u00e5 Truth Social onsdag der han kunngjorde forslaget.<\/p>\n<p>Han tilf\u00f8yer at han f\u00f8ler seg komfortabel med\u00a0\u00e5\u00a0bruke s\u00e5 mye mer penger p\u00e5 milit\u00e6ret. Han viser til de \u00f8kte inntektene som hans administrasjon skal ha skaffet gjennom tollsatser siden han ble president.<\/p>\n","protected":false},"excerpt":{"rendered":"Nyheter President Donald Trump forteller om planer ang\u00e5ende \u00e5 \u00f8ke USAs forsvarsbudsjett med 50 prosent neste \u00e5r som&hellip;\n","protected":false},"author":2,"featured_media":132153,"comment_status":"","ping_status":"","sticky":false,"template":"","format":"standard","meta":{"footnotes":""},"categories":[5],"tags":[20,21,24,25,15,19,22,23,17,18,13,30,28,29,14,16,26,27],"class_list":{"0":"post-132152","1":"post","2":"type-post","3":"status-publish","4":"format-standard","5":"has-post-thumbnail","7":"category-overskrifter","8":"tag-breaking-news","9":"tag-breakingnews","10":"tag-featured-news","11":"tag-featurednews","12":"tag-headlines","13":"tag-hovedoppslag","14":"tag-latest-news","15":"tag-latestnews","16":"tag-main-news","17":"tag-mainnews","18":"tag-news","19":"tag-no","20":"tag-norge","21":"tag-norway","22":"tag-nyheter","23":"tag-overskrifter","24":"tag-top-stories","25":"tag-topstories"},"share_on_mastodon":{"url":"https:\/\/pubeurope.com\/@no\/115860111537061049","error":""},"_links":{"self":[{"href":"https:\/\/www.europesays.com\/no\/wp-json\/wp\/v2\/posts\/132152","targetHints":{"allow":["GET"]}}],"collection":[{"href":"https:\/\/www.europesays.com\/no\/wp-json\/wp\/v2\/posts"}],"about":[{"href":"https:\/\/www.europesays.com\/no\/wp-json\/wp\/v2\/types\/post"}],"author":[{"embeddable":true,"href":"https:\/\/www.europesays.com\/no\/wp-json\/wp\/v2\/users\/2"}],"replies":[{"embeddable":true,"href":"https:\/\/www.europesays.com\/no\/wp-json\/wp\/v2\/comments?post=132152"}],"version-history":[{"count":0,"href":"https:\/\/www.europesays.com\/no\/wp-json\/wp\/v2\/posts\/132152\/revisions"}],"wp:featuredmedia":[{"embeddable":true,"href":"https:\/\/www.europesays.com\/no\/wp-json\/wp\/v2\/media\/132153"}],"wp:attachment":[{"href":"https:\/\/www.europesays.com\/no\/wp-json\/wp\/v2\/media?parent=132152"}],"wp:term":[{"taxonomy":"category","embeddable":true,"href":"https:\/\/www.europesays.com\/no\/wp-json\/wp\/v2\/categories?post=132152"},{"taxonomy":"post_tag","embeddable":true,"href":"https:\/\/www.europesays.com\/no\/wp-json\/wp\/v2\/tags?post=132152"}],"curies":[{"name":"wp","href":"https:\/\/api.w.org\/{rel}","templated":true}]}}