{"id":132154,"date":"2026-01-08T15:12:20","date_gmt":"2026-01-08T15:12:20","guid":{"rendered":"https:\/\/www.europesays.com\/no\/132154\/"},"modified":"2026-01-08T15:12:20","modified_gmt":"2026-01-08T15:12:20","slug":"volkswagen-id-polo-med-fokus-pa-brukeropplevelse","status":"publish","type":"post","link":"https:\/\/www.europesays.com\/no\/132154\/","title":{"rendered":"Volkswagen ID. Polo: Med fokus p\u00e5 brukeropplevelse"},"content":{"rendered":"<p>\n        Volkswagen er p\u00e5 oppl\u00f8pssiden i lanseringen av nye ID. Polo. Dette blir kanskje den viktigste modellen for bilkonsernet de neste \u00e5rene. Fysiske knapper er p\u00e5 moten igjen (etter klager og sikkerhetskrav).<br \/>\n        Foto: Volkswagen AG\n    <\/p>\n<p class=\"kicker \" style=\"\">ID. Polo:<\/p>\n<p>    Ogs\u00e5 Volkswagen har endelig oppdaget at fremtidens kamp om personbilkunden kommer til \u00e5 bli utkjempet av material- og UX-designerne.<\/p>\n<p>\u00abMed ID. Polo ville vi skape et interi\u00f8r som du oppfatter<br \/>\nsom en venn fra f\u00f8rste m\u00f8te\u00bb, sier Andreas Mindt \u2013 for tiden designsjef hos<br \/>\nVolkswagen og mannen bak disse nye elektriske sm\u00e5bilene som forh\u00e5pentlig skal<br \/>\nstake ut en ny kurs for VWs satsing i \u00f8konomi-sjiktet.<\/p>\n<p>En reise som vi har fulgt med undring siden den elektriske<br \/>\nup!\u2019en skulle avl\u00f8ses av ID1 og ID Life og ID Every 1 og <a href=\"https:\/\/www.bilnorge.no\/bilbransjenytt-elbil-id2all\/volkswagen-viser-sin-minste-igjen\/4131124\" target=\"_blank\" rel=\"nofollow noopener\">ID 2 All <\/a>og hva de het<br \/>\nfor noe alle sammen.<\/p>\n<p>Men i l\u00f8pet av imponerende kort tid later det til at<br \/>\nWolfsburg har klart \u00e5 samle laget, p\u00e5 tross av et ganske (internt i hvert fall)<br \/>\nopprivende bytte av designsjef midt i l\u00f8pet.<\/p>\n<p>ID. Polo er f\u00f8rst<\/p>\n<p class=\"font-weight-normal m-font-weight-normal\" data-lab-font_weight=\"font-weight-normal\">N\u00e5 er det i hvert fall konkret: ID. Polo er den f\u00f8rste av<br \/>\nfire nye elektriske biler i sm\u00e5bil- og kompakt-segmentet som skal lanseres fra<br \/>\n2026 \u2013 heter det offisielt fra fabrikken. <\/p>\n<p class=\"font-weight-bold m-font-weight-bold\" data-lab-font_weight=\"font-weight-bold\">Dessuten: Det offisielle forh\u00e5ndssalget vil starte i slutten<br \/>\nav april.<\/p>\n<p>Da vil vi vel f\u00e5 endelig beskjed om de som oppfant<br \/>\nFolkevogner har klart \u00e5 jobbe seg ned under \u20ac 20.000 gulvet som mange anser som<br \/>\ner smertegrense for at elbiler skal bli akseptert av lavpris-publikummet.<\/p>\n<p><a href=\"https:\/\/www.bilnorge.no\/id2-volkswagen\/id-2all-er-dette-neste-vw-golf\/4044787\" target=\"_blank\" rel=\"nofollow noopener\">ID 2 All ble vist i<br \/>\nbegynnelsen av 2023<\/a> og ble applaudert av b\u00e5de publikum og fabrikkens<br \/>\nledelse. Det sies at hele 80 % av<br \/>\ndesignet kunne overf\u00f8res direkte p\u00e5 produksjonsmodellen, noe som nok ogs\u00e5<br \/>\nforklarer en kjapp utviklingstid.<\/p>\n<p>Konseptbilen var tegnet av Andreas Mundt, noe vi nok regnet<br \/>\nmed da Mundt ble ansatt som Volkswagens nye design honcho en m\u00e5ned f\u00f8r bilen<br \/>\ndebuterte.<\/p>\n<p>P\u00e5 den tiden var han fremdeles sjef for eksteri\u00f8r design hos<br \/>\nBentley, men brukte \u00e5penbart litt ekstra fritid p\u00e5 modermerket.<\/p>\n<p>N\u00e5 er det hans folk som har fullf\u00f8rt prosjektet og det jeg<br \/>\ner blitt mest opptatt av, ved f\u00f8rste gjennomsyn, er arbeidsplassen.<\/p>\n<p>                <img decoding=\"async\" src=\"https:\/\/www.europesays.com\/no\/wp-content\/uploads\/2026\/01\/4157400.webp.jpeg\" width=\"480\" height=\"274\" title=\"Volkswagen er opptatt av at interi\u00f8ret er 'vennlig'.\" alt=\"\" loading=\"lazy\" style=\"\"\/><\/p>\n<p>\n            Volkswagen er opptatt av at interi\u00f8ret er &laquo;vennlig&raquo;.<br \/>\n            Volkswagen AG\n        <\/p>\n<p>Jeg nevnte UX-designerne. De som skal s\u00f8rge for User Experience.<\/p>\n<p>De han har brukt er<br \/>\n\u00e5penbart hyggelige gamle folk, som ikke f\u00f8ler seg blendet av skjermer og som<br \/>\nhusker tilbake til gleden over knotter og brytere og taktile erfaringer.<\/p>\n<p>For selv om designspr\u00e5ket er d\u00f8pt noe s\u00e5 banalt som Pure<br \/>\nPositive, m\u00e5 man bli glad og positiv over at en rekke kontrollfunksjoner er<br \/>\nblitt fysiske igjen, og fjernet fra skjermen.<\/p>\n<p>Det finnes skjermer &#8211; skulle bare mangle \u2013 en 10,25 tommers<br \/>\nmed digitale instrumenter, og en 13 tommers ber\u00f8ringsskjerm som begge sitter p\u00e5<br \/>\nsamme synsakse slik at det skal minske den kognitive belastningen p\u00e5 sj\u00e5f\u00f8ren.<\/p>\n<p>Blir vi fortalt.<\/p>\n<p>Retro-display<\/p>\n<p>Det finnes mange muligheter for \u00e5 gi beskjeder via trykkputer<br \/>\np\u00e5 rattet, og det er egen kontroll for lyden der du b\u00e5de kan justere volumet og<br \/>\nhoppe over spor uten \u00e5 beh\u00f8ve \u00e5 rote deg bort i en skjerm-meny.<\/p>\n<p>Blant de mange finessene ligger ogs\u00e5 noe de kaller Retro-display,<br \/>\nder du kan gjenskape utseendet til- og f\u00f8lelsen fra \u2013 instrumentpanelet p\u00e5<br \/>\nf\u00f8rste generasjons Golf.<\/p>\n<p>                <img decoding=\"async\" src=\"https:\/\/www.europesays.com\/no\/wp-content\/uploads\/2026\/01\/4157403.webp.jpeg\" width=\"480\" height=\"274\" title=\"Du kan velge retro-display i nye ID. Polo.\" alt=\"\" loading=\"lazy\" style=\"\"\/><\/p>\n<p>\n            Du kan velge retro-display i nye ID. Polo.<br \/>\n            Volkswagen AG\n        <\/p>\n<p>Vi m\u00e5 selvf\u00f8lgelig ikke bli alt for r\u00f8rt over at Volkswagen<br \/>\nhar lyttet til kunder som har klaget over alt for skjermtunge VW-interi\u00f8rer.<\/p>\n<p>EuroNCAP krevet jo n\u00e5 et assortert utvalg fysiske brytere<br \/>\nsom erstatning for skjermdominansen og det er klart at en stor bilfabrikk<br \/>\ngjerne koster p\u00e5 seg en roterende bryter eller en hendel for \u00e5 sikre seg den<br \/>\nsiste stjernen i den s\u00e5kalte sikkerhets-testen.<\/p>\n<p>Import\u00f8ren skal hente hjem en ID Polo (og \u00abtre andre<br \/>\nnyheter\u00bb) til Norge kommende mandag. Ikke for kj\u00f8ring, riktignok, men selv en<br \/>\nstatisk visning vil kunne gi ganske gode indikasjoner p\u00e5 om den nye interi\u00f8r-kursen<br \/>\nvirker lovende.<\/p>\n<p>Vi skal komme tilbake til akkurat den presentasjonen og<br \/>\nfortelle hva vi syns.<\/p>\n","protected":false},"excerpt":{"rendered":"Volkswagen er p\u00e5 oppl\u00f8pssiden i lanseringen av nye ID. Polo. Dette blir kanskje den viktigste modellen for bilkonsernet&hellip;\n","protected":false},"author":2,"featured_media":132155,"comment_status":"","ping_status":"","sticky":false,"template":"","format":"standard","meta":{"footnotes":""},"categories":[56],"tags":[60,61,62,30,28,29],"class_list":{"0":"post-132154","1":"post","2":"type-post","3":"status-publish","4":"format-standard","5":"has-post-thumbnail","7":"category-naeringsliv","8":"tag-business","9":"tag-economy","10":"tag-naeringsliv","11":"tag-no","12":"tag-norge","13":"tag-norway"},"share_on_mastodon":{"url":"https:\/\/pubeurope.com\/@no\/115860127443033612","error":""},"_links":{"self":[{"href":"https:\/\/www.europesays.com\/no\/wp-json\/wp\/v2\/posts\/132154","targetHints":{"allow":["GET"]}}],"collection":[{"href":"https:\/\/www.europesays.com\/no\/wp-json\/wp\/v2\/posts"}],"about":[{"href":"https:\/\/www.europesays.com\/no\/wp-json\/wp\/v2\/types\/post"}],"author":[{"embeddable":true,"href":"https:\/\/www.europesays.com\/no\/wp-json\/wp\/v2\/users\/2"}],"replies":[{"embeddable":true,"href":"https:\/\/www.europesays.com\/no\/wp-json\/wp\/v2\/comments?post=132154"}],"version-history":[{"count":0,"href":"https:\/\/www.europesays.com\/no\/wp-json\/wp\/v2\/posts\/132154\/revisions"}],"wp:featuredmedia":[{"embeddable":true,"href":"https:\/\/www.europesays.com\/no\/wp-json\/wp\/v2\/media\/132155"}],"wp:attachment":[{"href":"https:\/\/www.europesays.com\/no\/wp-json\/wp\/v2\/media?parent=132154"}],"wp:term":[{"taxonomy":"category","embeddable":true,"href":"https:\/\/www.europesays.com\/no\/wp-json\/wp\/v2\/categories?post=132154"},{"taxonomy":"post_tag","embeddable":true,"href":"https:\/\/www.europesays.com\/no\/wp-json\/wp\/v2\/tags?post=132154"}],"curies":[{"name":"wp","href":"https:\/\/api.w.org\/{rel}","templated":true}]}}