{"id":132156,"date":"2026-01-08T15:13:10","date_gmt":"2026-01-08T15:13:10","guid":{"rendered":"https:\/\/www.europesays.com\/no\/132156\/"},"modified":"2026-01-08T15:13:10","modified_gmt":"2026-01-08T15:13:10","slug":"franskmann-loslatt-fra-russisk-fengsel","status":"publish","type":"post","link":"https:\/\/www.europesays.com\/no\/132156\/","title":{"rendered":"Franskmann l\u00f8slatt fra russisk fengsel"},"content":{"rendered":"<p>    Franske\u00a0Laurent Vinatier var anklaget for spionasje og risikerte 20 \u00e5r i fengsel.<\/p>\n<p>\n    L\u00d8SLATT: Den franske forskeren og r\u00e5dgiveren Laurent Vinatier har sittet i russisk varetekt i halvannet \u00e5r. N\u00e5 skal han v\u00e6re l\u00f8slatt i en byttehandel, if\u00f8lge russisk etterretning.Alexander NEMENOV \/ AFP \/ NTB\n  <\/p>\n<p>Det har v\u00e6rt intense forhandlinger mellom Russland og Frankrike for \u00e5 f\u00e5 den franske statsborgeren\u00a0Laurent Vinatier l\u00f8slatt.<\/p>\n<p>&#8211; N\u00e5 er ballen over p\u00e5 fransk side, sa Kreml-talsmann Dimitrij Peskov i en uttalelse i\u00a0<a href=\"https:\/\/www.dagbladet.no\/studio\/72720-nyhetsstudio\/10748000-peskov-n%C3%A5-er-ballen-p%C3%A5-fransk-side\" target=\"_blank\" rel=\"nofollow noopener\">slutten av desember<\/a>.<\/p>\n<p> Tidligere i h\u00f8st ble Vinatier anklaget for spionasje, og risikerte dermed 20 \u00e5r i russisk fengsel.\u00a0<\/p>\n<p>N\u00e5 er Vinatier l\u00f8slatt, melder den franske avisa\u00a0<a href=\"https:\/\/www.leparisien.fr\/international\/le-francais-laurent-vinatier-libere-de-russie-echange-contre-le-basketteur-daniil-kasatkin-08-01-2026-MITKHZGCRZERBBBJ7Z32RUDP2M.php\" target=\"_blank\" rel=\"nofollow noopener\">LeParisien<\/a>, som viser til en uttalelse fra russisk etterretning.<\/p>\n<p>        <img loading=\"lazy\" decoding=\"async\" src=\"https:\/\/www.europesays.com\/no\/wp-content\/uploads\/2026\/01\/84073299.webp.webp\" width=\"980\" height=\"559\" title=\"L\u00d8SLATT: Den franske statsborgeren Laurent Vinatier er n\u00e5 l\u00f8slatt og p\u00e5 vei hjem til Frankrike. Skjermdump: Ria\" alt=\"\" class=\"\" style=\"--aspect-ratio-image: 1.75; \"\/><\/p>\n<p>\n        L\u00d8SLATT: Den franske statsborgeren Laurent Vinatier er n\u00e5 l\u00f8slatt og p\u00e5 vei hjem til Frankrike. Skjermdump: Ria\n    <\/p>\n<p> Avisa skriver at Vinatier ble l\u00f8slatt i en byttehandel mot en russisk basketballspiller, Daniil Kasatkin, som har v\u00e6rt fengslet i Frankrike siden juni 2025. <\/p>\n<p> Laurent Vinatier jobbet som forsker og r\u00e5dgiver for sveitsiske Centre for Humanitarian Dialogue og ble p\u00e5grepet i Moskva i juni 2024. Han ble f\u00f8rst d\u00f8mt til tre \u00e5rs fengsel etter anklager om \u00e5 ha samlet inn etterretningsinformasjon og for \u00e5 ha unnlatt \u00e5 registrere seg som utenlandsk agent. <\/p>\n<p>En video publisert av Ria viser Laurent Vinatier som angivelig signerer papirer p\u00e5 utsiden av en fengeselcelle.\u00a0<\/p>\n<p>        <img loading=\"lazy\" decoding=\"async\" src=\"https:\/\/www.europesays.com\/no\/wp-content\/uploads\/2026\/01\/84073371.webp.webp\" width=\"980\" height=\"559\" title=\"L\u00d8SLATT: FRanskmannen ble p\u00e5grepet i juni 2024. N\u00e5 er han sendt ut av Russland. Foto: NTB\" alt=\"\" class=\"\" style=\"--aspect-ratio-image: 1.75; \"\/><\/p>\n<p>\n        L\u00d8SLATT: FRanskmannen ble p\u00e5grepet i juni 2024. N\u00e5 er han sendt ut av Russland. Foto: NTB\n    <\/p>\n<p>Man kan ogs\u00e5 se\u00a0Kasatkin komme ut av et fly, og at franskmannen blir f\u00f8rt om bord p\u00e5 samme fly. I en melding p\u00e5 Telegram skriver Ria at etteretningstjenesten FSB bekrefter at den russiske basketballspilleren Kasatkin var returnert fra Frankrike, etter at amerikanske myndigheter hadde begj\u00e6rt utlevering til USA.\u00a0<\/p>\n","protected":false},"excerpt":{"rendered":"Franske\u00a0Laurent Vinatier var anklaget for spionasje og risikerte 20 \u00e5r i fengsel. L\u00d8SLATT: Den franske forskeren og r\u00e5dgiveren&hellip;\n","protected":false},"author":2,"featured_media":132157,"comment_status":"","ping_status":"","sticky":false,"template":"","format":"standard","meta":{"footnotes":""},"categories":[12],"tags":[20,21,24,25,15,22,23,13,30,28,29,14,16,26,27,412,42,43,44,45],"class_list":{"0":"post-132156","1":"post","2":"type-post","3":"status-publish","4":"format-standard","5":"has-post-thumbnail","7":"category-verden","8":"tag-breaking-news","9":"tag-breakingnews","10":"tag-featured-news","11":"tag-featurednews","12":"tag-headlines","13":"tag-latest-news","14":"tag-latestnews","15":"tag-news","16":"tag-no","17":"tag-norge","18":"tag-norway","19":"tag-nyheter","20":"tag-overskrifter","21":"tag-top-stories","22":"tag-topstories","23":"tag-utenriks","24":"tag-verden","25":"tag-world","26":"tag-world-news","27":"tag-worldnews"},"share_on_mastodon":{"url":"https:\/\/pubeurope.com\/@no\/115860131186705616","error":""},"_links":{"self":[{"href":"https:\/\/www.europesays.com\/no\/wp-json\/wp\/v2\/posts\/132156","targetHints":{"allow":["GET"]}}],"collection":[{"href":"https:\/\/www.europesays.com\/no\/wp-json\/wp\/v2\/posts"}],"about":[{"href":"https:\/\/www.europesays.com\/no\/wp-json\/wp\/v2\/types\/post"}],"author":[{"embeddable":true,"href":"https:\/\/www.europesays.com\/no\/wp-json\/wp\/v2\/users\/2"}],"replies":[{"embeddable":true,"href":"https:\/\/www.europesays.com\/no\/wp-json\/wp\/v2\/comments?post=132156"}],"version-history":[{"count":0,"href":"https:\/\/www.europesays.com\/no\/wp-json\/wp\/v2\/posts\/132156\/revisions"}],"wp:featuredmedia":[{"embeddable":true,"href":"https:\/\/www.europesays.com\/no\/wp-json\/wp\/v2\/media\/132157"}],"wp:attachment":[{"href":"https:\/\/www.europesays.com\/no\/wp-json\/wp\/v2\/media?parent=132156"}],"wp:term":[{"taxonomy":"category","embeddable":true,"href":"https:\/\/www.europesays.com\/no\/wp-json\/wp\/v2\/categories?post=132156"},{"taxonomy":"post_tag","embeddable":true,"href":"https:\/\/www.europesays.com\/no\/wp-json\/wp\/v2\/tags?post=132156"}],"curies":[{"name":"wp","href":"https:\/\/api.w.org\/{rel}","templated":true}]}}