{"id":132160,"date":"2026-01-08T15:17:10","date_gmt":"2026-01-08T15:17:10","guid":{"rendered":"https:\/\/www.europesays.com\/no\/132160\/"},"modified":"2026-01-08T15:17:10","modified_gmt":"2026-01-08T15:17:10","slug":"prins-vincent-og-prinsesse-josephine-fyller-15-ar","status":"publish","type":"post","link":"https:\/\/www.europesays.com\/no\/132160\/","title":{"rendered":"Prins Vincent og prinsesse Josephine fyller 15 \u00e5r"},"content":{"rendered":"\n<p class=\"_lead_o9xde_2 _lead_xtcu6_50 layout-component text-serif-m layout-normal text-serif-l layout-component layout-wide layout-padded _wide_17hqh_1 layout-padded\">Danske prins Vincent og prinsesse Josephine fyller 15 \u00e5r i dag. <\/p>\n<p><img alt=\"D.K.H. Prins Vincent og prinsesse Josephine. Foto: Kongehuset\" class=\"_image_qp4xg_65 layout-component layout-wide\" data-fullscreen- data-track-element-type=\"Article image fullscreen\" data-track-name=\"ImageFullscreen\" fetchpriority=\"high\" decoding=\"sync\" loading=\"eager\" height=\"2964\" itemprop=\"image\"  src=\"https:\/\/www.europesays.com\/no\/wp-content\/uploads\/2026\/01\/185609a0-fc71-4adf-a05c-b069160c24ea.jpeg\"  style=\"object-position:0% 0%\" width=\"1910\"\/>D.K.H. Prins Vincent og prinsesse Josephine. Foto: Kongehuset<\/p>\n<ul aria-hidden=\"true\" class=\"_images_ntbth_112\">\n<li><a class=\"_link_ntbth_117\" href=\"https:\/\/www.vg.no\/forfatter\/hanne-kretuz-hansen\" style=\"z-index:1\" title=\"Hanne Kreutz-Hansen\" rel=\"nofollow noopener\" target=\"_blank\"><img alt=\"Bilde av Hanne Kreutz-Hansen\" class=\"_image_ntbth_93\" fetchpriority=\"low\" loading=\"lazy\" decoding=\"async\" itemprop=\"image\"  src=\"https:\/\/www.europesays.com\/no\/wp-content\/uploads\/2026\/01\/1767885428_168_91499188-43f5-43fa-b038-5716eac94ffb.jpeg\"  width=\"480\"\/><\/a><\/li>\n<\/ul>\n<p> Oppdatert torsdag 8. januar kl. 15:01    <\/p>\n<ul class=\"_list_o9xde_3 _list_64s2r_85 _unordered_o9xde_106 text-sans-m\">\n<li class=\"_item_o9xde_30\">Prins Vincent og prinsesse Josephine fyller 15 \u00e5r i dag.<\/li>\n<li class=\"_item_o9xde_30\">Kongehuset slipper nye bilder av dem i anledning dagen.<\/li>\n<li class=\"_item_o9xde_30\">Tvillingene er nummer tre og fire i arverekken til den danske tronen.<\/li>\n<li class=\"_item_o9xde_30\">Hele kongefamilien deler ofte \u00f8yeblikk fra hverdagen p\u00e5 sosiale medier.<\/li>\n<\/ul>\n<p>Vis mer <\/p>\n<p class=\"_paragraph_o9xde_4 _paragraph_xtcu6_10 layout-component text-serif-m layout-normal text-serif-m layout-padded\">I den anledning slipper kongehuset nye bilder av kong Frederik (57) og dronning Marys (53) yngste barn.<\/p>\n<p class=\"_paragraph_o9xde_4 _paragraph_xtcu6_10 layout-component text-serif-m layout-normal text-serif-m layout-padded\">Tvillingene ble f\u00f8dt med dr\u00f8ye 26 minutter mellomrom den 8. januar 2011 ved Rigshospitalet i K\u00f8benhavn, skriver <a href=\"https:\/\/www.kongehuset.dk\/en\/the-royal-family\/hrh-princess-isabella\/\" class=\"_link_o9xde_39\" rel=\"nofollow noopener\" target=\"_blank\">Det danske kongehus<\/a> p\u00e5 sin nettside.<\/p>\n<p class=\"_paragraph_o9xde_4 _paragraph_xtcu6_10 layout-component text-serif-m layout-normal text-serif-m layout-padded\">Flere hundre gratulasjoner str\u00f8mmer inn fra Kongehsues 1,2 millioner f\u00f8lgere p\u00e5 Instagram. <\/p>\n<p class=\"_paragraph_o9xde_4 _paragraph_xtcu6_10 layout-component text-serif-m layout-normal text-serif-m layout-padded\">Deres fulle navn er Vincent Frederik Minik Alexander, prins av <a href=\"https:\/\/www.vg.no\/tag\/danmark?utm_source=vg-article&amp;utm_medium=auto-tagger&amp;utm_campaign=d4Og4q\" class=\"_link_o9xde_39\" rel=\"nofollow noopener\" target=\"_blank\">Danmark<\/a> og greve av Monpezat &#8211; og Josephine Sophia Ivalo Mathilda, prinsesse av Danmark og grevinne av Monpezat. <\/p>\n<p><img alt=\"Prinsessen har v\u00e6rt med i den popul\u00e6re danske julekalenderen \u00abTidsrejsen 2\u00bb og har ogs\u00e5 hatt roller i \u00abPeter Pan\u00bb-forestillinger p\u00e5 Tivoli.  Foto: Kongehuset\" class=\"_image_qp4xg_65 layout-component layout-normal\" data-fullscreen- data-track-element-type=\"Article image fullscreen\" data-track-name=\"ImageFullscreen\" decoding=\"async\" loading=\"lazy\" height=\"3504\" itemprop=\"image\"  src=\"https:\/\/www.europesays.com\/no\/wp-content\/uploads\/2026\/01\/3fefb7d8-6bd6-4104-ac5b-55bff2ad507b.jpeg\"  style=\"object-position:0% 0%\" width=\"2336\"\/>Prinsessen har v\u00e6rt med i den popul\u00e6re danske julekalenderen \u00abTidsrejsen 2\u00bb og har ogs\u00e5 hatt roller i \u00abPeter Pan\u00bb-forestillinger p\u00e5 Tivoli.  Foto: Kongehuset<img alt=\"Foto: Kongehuset\" class=\"_image_qp4xg_65 layout-component layout-normal\" data-fullscreen- data-track-element-type=\"Article image fullscreen\" data-track-name=\"ImageFullscreen\" decoding=\"async\" loading=\"lazy\" height=\"2992\" itemprop=\"image\"  src=\"https:\/\/www.europesays.com\/no\/wp-content\/uploads\/2026\/01\/03273ed5-993d-474c-9a4e-7211e875980f.jpeg\"  style=\"object-position:0% 0%\" width=\"2237\"\/>Foto: Kongehuset<\/p>\n<p class=\"_paragraph_o9xde_4 _paragraph_xtcu6_10 layout-component text-serif-m layout-normal text-serif-m layout-padded\">Tvillingene er nummer tre og fire i arverekken etter storebror kronprins Christian (20) og prinsesse Isabella (18).<\/p>\n<p class=\"_paragraph_o9xde_4 _paragraph_xtcu6_10 layout-component text-serif-m layout-normal text-serif-m layout-padded\">Den danske kongefamilien deler hyppig i sosiale medier.<\/p>\n<p class=\"_paragraph_o9xde_4 _paragraph_xtcu6_10 layout-component text-serif-m layout-normal text-serif-m layout-padded\">F\u00f8r jul kunne man f\u00f8lge s\u00f8skenflokkens <a href=\"https:\/\/www.instagram.com\/reel\/DSErQMcjVQJ\/?igsh=eThkYjMwZDVhMXE1\" class=\"_link_o9xde_39\" rel=\"nofollow noopener\" target=\"_blank\">pepperkakehusutfordring<\/a>, <a href=\"https:\/\/www.instagram.com\/p\/DSQSXSPAGTy\/?igsh=MXA5bzM0a251eGxqdg%3D%3D\" class=\"_link_o9xde_39\" rel=\"nofollow noopener\" target=\"_blank\">adventslystenning<\/a> og j<a href=\"https:\/\/www.instagram.com\/reel\/DRtatchiDTe\/?igsh=MWplaGFtaDI4ajJpZA%3D%3D\" class=\"_link_o9xde_39\" rel=\"nofollow noopener\" target=\"_blank\">uletrepynting<\/a>.<\/p>\n<p><img alt=\"\u00abBildene ble tatt like f\u00f8r nytt\u00e5r p\u00e5 Amalienborg\u00bb, opplyser Kongehuset i et innlegg\u00a0p\u00e5 Facebook.  Foto: Kongehuset\" class=\"_image_qp4xg_65 layout-component layout-normal\" data-fullscreen- data-track-element-type=\"Article image fullscreen\" data-track-name=\"ImageFullscreen\" decoding=\"async\" loading=\"lazy\" height=\"2339\" itemprop=\"image\"  src=\"https:\/\/www.europesays.com\/no\/wp-content\/uploads\/2026\/01\/26dc6cbd-1709-40c9-927b-055c06f59feb.jpeg\"  style=\"object-position:0% 0%\" width=\"1643\"\/>\u00abBildene ble tatt like f\u00f8r nytt\u00e5r p\u00e5 Amalienborg\u00bb, opplyser Kongehuset i et innlegg\u00a0p\u00e5 Facebook.  Foto: Kongehuset<\/p>\n<p class=\"_paragraph_o9xde_4 _paragraph_xtcu6_10 layout-component text-serif-m layout-normal text-serif-m layout-padded\">Kronprinsen fikk tittelen i 2024 etter at bestemoren abdiserte som dronning. <\/p>\n<p class=\"_paragraph_o9xde_4 _paragraph_xtcu6_10 layout-component text-serif-m layout-normal text-serif-m layout-padded\">I fjor avtjente kronsprins Christian sin verneplikt ved Gardehusregimentet i Slagelse p\u00e5 Sj\u00e6lland, og startet i august p\u00e5 videre milit\u00e6r l\u00f8ytenantsutdanning. Hans far, kong Frederik, har ogs\u00e5 milit\u00e6r erfaring.<\/p>\n<p class=\"_paragraph_o9xde_4 _paragraph_xtcu6_10 layout-component text-serif-m layout-normal text-serif-m layout-padded\">Prinsesse Isabella og sm\u00e5s\u00f8sknene bor fortsatt hjemme p\u00e5 Amalienborg i K\u00f8benhavn og i Kancellihuset ved Fredensborg Slot, skriver <a href=\"https:\/\/www.kongehuset.dk\/en\/the-royal-family\/hrh-princess-isabella\/\" class=\"_link_o9xde_39\" rel=\"nofollow noopener\" target=\"_blank\">Det danske kongehus<\/a> p\u00e5 sine nettsider.<\/p>\n<p><img alt=\"Prinsesse Isabella i anledning 18-\u00e5rsdagen 15. april 2025.  Foto: Steen Evald \/ Steen Evald\" class=\"_image_qp4xg_65 layout-component layout-normal\" data-fullscreen- data-track-element-type=\"Article image fullscreen\" data-track-name=\"ImageFullscreen\" decoding=\"async\" loading=\"lazy\" height=\"1346\" itemprop=\"image\"  src=\"https:\/\/www.europesays.com\/no\/wp-content\/uploads\/2026\/01\/bd7682c9-7c34-4ab0-b894-5f19bb57948c.jpeg\"  style=\"object-position:0% 0%\" width=\"1080\"\/>Prinsesse Isabella i anledning 18-\u00e5rsdagen 15. april 2025.  Foto: Steen Evald \/ Steen Evald<\/p>\n<p class=\"_paragraph_o9xde_4 _paragraph_xtcu6_10 layout-component text-serif-m layout-normal text-serif-m layout-padded\">Stores\u00f8ster prinsesse Isabella g\u00e5r n\u00e5 siste \u00e5ret ved \u00d8reg\u00e5rd Gymnasium in Hellerup, mens prinsesse Josephine i sommer begynte i 8. klasse p\u00e5 Spir Efterskole.<\/p>\n<p>    <script async src=\"\/\/www.instagram.com\/embed.js\"><\/script><\/p>\n","protected":false},"excerpt":{"rendered":"Danske prins Vincent og prinsesse Josephine fyller 15 \u00e5r i dag. D.K.H. Prins Vincent og prinsesse Josephine. Foto:&hellip;\n","protected":false},"author":2,"featured_media":132161,"comment_status":"","ping_status":"","sticky":false,"template":"","format":"standard","meta":{"footnotes":""},"categories":[58],"tags":[1524,71,76,30,28,29,403,72],"class_list":{"0":"post-132160","1":"post","2":"type-post","3":"status-publish","4":"format-standard","5":"has-post-thumbnail","7":"category-underholdning","8":"tag-danmark","9":"tag-entertainment","10":"tag-kongelig","11":"tag-no","12":"tag-norge","13":"tag-norway","14":"tag-prinsesse","15":"tag-underholdning"},"share_on_mastodon":{"url":"https:\/\/pubeurope.com\/@no\/115860146942698285","error":""},"_links":{"self":[{"href":"https:\/\/www.europesays.com\/no\/wp-json\/wp\/v2\/posts\/132160","targetHints":{"allow":["GET"]}}],"collection":[{"href":"https:\/\/www.europesays.com\/no\/wp-json\/wp\/v2\/posts"}],"about":[{"href":"https:\/\/www.europesays.com\/no\/wp-json\/wp\/v2\/types\/post"}],"author":[{"embeddable":true,"href":"https:\/\/www.europesays.com\/no\/wp-json\/wp\/v2\/users\/2"}],"replies":[{"embeddable":true,"href":"https:\/\/www.europesays.com\/no\/wp-json\/wp\/v2\/comments?post=132160"}],"version-history":[{"count":0,"href":"https:\/\/www.europesays.com\/no\/wp-json\/wp\/v2\/posts\/132160\/revisions"}],"wp:featuredmedia":[{"embeddable":true,"href":"https:\/\/www.europesays.com\/no\/wp-json\/wp\/v2\/media\/132161"}],"wp:attachment":[{"href":"https:\/\/www.europesays.com\/no\/wp-json\/wp\/v2\/media?parent=132160"}],"wp:term":[{"taxonomy":"category","embeddable":true,"href":"https:\/\/www.europesays.com\/no\/wp-json\/wp\/v2\/categories?post=132160"},{"taxonomy":"post_tag","embeddable":true,"href":"https:\/\/www.europesays.com\/no\/wp-json\/wp\/v2\/tags?post=132160"}],"curies":[{"name":"wp","href":"https:\/\/api.w.org\/{rel}","templated":true}]}}