{"id":132164,"date":"2026-01-08T15:21:08","date_gmt":"2026-01-08T15:21:08","guid":{"rendered":"https:\/\/www.europesays.com\/no\/132164\/"},"modified":"2026-01-08T15:21:08","modified_gmt":"2026-01-08T15:21:08","slug":"aftenposten-avpubliserer-debattinnlegg","status":"publish","type":"post","link":"https:\/\/www.europesays.com\/no\/132164\/","title":{"rendered":"Aftenposten avpubliserer debattinnlegg"},"content":{"rendered":"\n<p class=\"_lead_o9xde_2 _lead_xtcu6_50 layout-component text-serif-m layout-normal text-serif-l layout-component layout-wide layout-padded _wide_17hqh_1 layout-padded\">VG har mottatt flere tips om forfatteren bak debattinnlegget. <\/p>\n<p><img alt=\"Slik s\u00e5 debattinnlegget ut.  Foto: Skjermbilde fra Aftenposten\" class=\"_image_qp4xg_65 layout-component layout-wide\" data-fullscreen- data-track-element-type=\"Article image fullscreen\" data-track-name=\"ImageFullscreen\" fetchpriority=\"high\" decoding=\"sync\" loading=\"eager\" height=\"1196\" itemprop=\"image\"  src=\"https:\/\/www.europesays.com\/no\/wp-content\/uploads\/2026\/01\/21c57874-f0c6-4288-841f-2054debc2361.jpeg\"  style=\"object-position:0% 0%\" width=\"906\"\/>Slik s\u00e5 debattinnlegget ut.  Foto: Skjermbilde fra Aftenposten<\/p>\n<ul aria-hidden=\"true\" class=\"_images_ntbth_112\">\n<li><a class=\"_link_ntbth_117\" href=\"https:\/\/www.vg.no\/forfatter\/emma-fondenes-oevreboe\" style=\"z-index:2\" title=\"Emma Fondenes \u00d8vreb\u00f8\" rel=\"nofollow noopener\" target=\"_blank\"><img alt=\"Bilde av Emma Fondenes \u00d8vreb\u00f8\" class=\"_image_ntbth_93\" fetchpriority=\"low\" loading=\"lazy\" decoding=\"async\" itemprop=\"image\"  src=\"https:\/\/www.europesays.com\/no\/wp-content\/uploads\/2026\/01\/1767885667_657_a3715f19-7e77-4fbf-b20f-7d6f5cb479de.jpeg\"  width=\"480\"\/><\/a><\/li>\n<li><a class=\"_link_ntbth_117\" href=\"https:\/\/www.vg.no\/forfatter\/hedda-kurseth\" style=\"z-index:1\" title=\"Hedda Kurseth\" rel=\"nofollow noopener\" target=\"_blank\"><img alt=\"Bilde av Hedda Kurseth\" class=\"_image_ntbth_93\" fetchpriority=\"low\" loading=\"lazy\" decoding=\"async\" itemprop=\"image\"  src=\"https:\/\/www.europesays.com\/no\/wp-content\/uploads\/2026\/01\/1767885667_978_b6ad06ce-2f4e-4492-9dd9-7cfbdae81f6d.jpeg\"  width=\"480\"\/><\/a><\/li>\n<\/ul>\n<p> Oppdatert torsdag 8. januar kl. 16:20     <\/p>\n<p class=\"_paragraph_o9xde_4 _paragraph_xtcu6_10 layout-component text-serif-m layout-normal text-serif-m layout-padded\">Aftenposten har trukket tilbake et debattinnlegg som ble publisert onsdag kveld, opplyser debattredakt\u00f8r Erik Tornes til VG.<\/p>\n<p class=\"_paragraph_o9xde_4 _paragraph_xtcu6_10 layout-component text-serif-m layout-normal text-serif-m layout-padded\">\u2013 Det ser ut som vi har blitt lurt. Det er f\u00f8rst og fremst veldig leit for leserne. Vi vil at de skal stole p\u00e5 det som st\u00e5r i Aftenposten.<\/p>\n<p class=\"_paragraph_o9xde_4 _paragraph_xtcu6_10 layout-component text-serif-m layout-normal text-serif-m layout-padded\">Torsdag ettermiddag har VG f\u00e5tt mange tips om at forfatteren av innlegget ser ut til \u00e5 v\u00e6re en falsk person.<\/p>\n<p class=\"_paragraph_o9xde_4 _paragraph_xtcu6_10 layout-component text-serif-m layout-normal text-serif-m layout-padded\">Forfatteren oppga \u00e5 v\u00e6re en j\u00f8disk forretningsmann og kommenterte debatten som fulgte et tidligere innlegg fra Asle Toje.<\/p>\n<p><img alt=\"Slik ser siden ut etter avpubliseringen.   Foto: Skjermbilde fra Aftenposten\" class=\"_image_qp4xg_65 layout-component layout-normal\" data-fullscreen- data-track-element-type=\"Article image fullscreen\" data-track-name=\"ImageFullscreen\" decoding=\"async\" loading=\"lazy\" height=\"548\" itemprop=\"image\"  src=\"https:\/\/www.europesays.com\/no\/wp-content\/uploads\/2026\/01\/3f52e2e5-803c-47a6-9edf-6333aa4e61e1.jpeg\"  style=\"object-position:0% 0%\" width=\"1147\"\/>Slik ser siden ut etter avpubliseringen.   Foto: Skjermbilde fra Aftenposten<\/p>\n<p class=\"_paragraph_o9xde_4 _paragraph_xtcu6_10 layout-component text-serif-m layout-normal text-serif-m layout-padded\">\u2013 Den siste timen har det kommet informasjon som gj\u00f8r at vi ikke lenger har kontroll p\u00e5 opplysningene, sier Tornes. <\/p>\n<p class=\"_paragraph_o9xde_4 _paragraph_xtcu6_10 layout-component text-serif-m layout-normal text-serif-m layout-padded\">Aftenposten hadde korrespondanse med personen via e-post f\u00f8r publisering, men f\u00e5r n\u00e5 ikke kontakt.<\/p>\n<p class=\"_paragraph_o9xde_4 _paragraph_xtcu6_10 layout-component text-serif-m layout-normal text-serif-m layout-padded\">\u2013 Vi har jo sendt en forsp\u00f8rsel p\u00e5 den e-posten som vi tidligere har hatt kontakt p\u00e5. Der har vi ikke f\u00e5tt noe svar, og vi har fors\u00f8kt \u00e5 f\u00e5 kontakt via messenger og heller ikke f\u00e5tt noe svar der, sier forklarer Tornes. <\/p>\n<p class=\"_paragraph_o9xde_4 _paragraph_xtcu6_10 layout-component text-serif-m layout-normal text-serif-m layout-padded\">Han sier han ogs\u00e5 har tatt kontakt med flere av hans venner p\u00e5 Facebook for \u00e5 etterg\u00e5 opplysningene.<\/p>\n","protected":false},"excerpt":{"rendered":"VG har mottatt flere tips om forfatteren bak debattinnlegget. Slik s\u00e5 debattinnlegget ut. Foto: Skjermbilde fra Aftenposten Oppdatert&hellip;\n","protected":false},"author":2,"featured_media":132165,"comment_status":"","ping_status":"","sticky":false,"template":"","format":"standard","meta":{"footnotes":""},"categories":[12],"tags":[4423,20,21,24,25,15,1141,22,23,13,30,28,29,14,16,26,27,42,46,43,44,45],"class_list":{"0":"post-132164","1":"post","2":"type-post","3":"status-publish","4":"format-standard","5":"has-post-thumbnail","7":"category-verden","8":"tag-aftenposten","9":"tag-breaking-news","10":"tag-breakingnews","11":"tag-featured-news","12":"tag-featurednews","13":"tag-headlines","14":"tag-journalisten","15":"tag-latest-news","16":"tag-latestnews","17":"tag-news","18":"tag-no","19":"tag-norge","20":"tag-norway","21":"tag-nyheter","22":"tag-overskrifter","23":"tag-top-stories","24":"tag-topstories","25":"tag-verden","26":"tag-vgai","27":"tag-world","28":"tag-world-news","29":"tag-worldnews"},"share_on_mastodon":{"url":"https:\/\/pubeurope.com\/@no\/115860162678835787","error":""},"_links":{"self":[{"href":"https:\/\/www.europesays.com\/no\/wp-json\/wp\/v2\/posts\/132164","targetHints":{"allow":["GET"]}}],"collection":[{"href":"https:\/\/www.europesays.com\/no\/wp-json\/wp\/v2\/posts"}],"about":[{"href":"https:\/\/www.europesays.com\/no\/wp-json\/wp\/v2\/types\/post"}],"author":[{"embeddable":true,"href":"https:\/\/www.europesays.com\/no\/wp-json\/wp\/v2\/users\/2"}],"replies":[{"embeddable":true,"href":"https:\/\/www.europesays.com\/no\/wp-json\/wp\/v2\/comments?post=132164"}],"version-history":[{"count":0,"href":"https:\/\/www.europesays.com\/no\/wp-json\/wp\/v2\/posts\/132164\/revisions"}],"wp:featuredmedia":[{"embeddable":true,"href":"https:\/\/www.europesays.com\/no\/wp-json\/wp\/v2\/media\/132165"}],"wp:attachment":[{"href":"https:\/\/www.europesays.com\/no\/wp-json\/wp\/v2\/media?parent=132164"}],"wp:term":[{"taxonomy":"category","embeddable":true,"href":"https:\/\/www.europesays.com\/no\/wp-json\/wp\/v2\/categories?post=132164"},{"taxonomy":"post_tag","embeddable":true,"href":"https:\/\/www.europesays.com\/no\/wp-json\/wp\/v2\/tags?post=132164"}],"curies":[{"name":"wp","href":"https:\/\/api.w.org\/{rel}","templated":true}]}}