{"id":132170,"date":"2026-01-08T15:28:13","date_gmt":"2026-01-08T15:28:13","guid":{"rendered":"https:\/\/www.europesays.com\/no\/132170\/"},"modified":"2026-01-08T15:28:13","modified_gmt":"2026-01-08T15:28:13","slug":"trump-viste-video-av-dodelig-skuddrama-i-det-ovale-kontor","status":"publish","type":"post","link":"https:\/\/www.europesays.com\/no\/132170\/","title":{"rendered":"Trump viste video av d\u00f8delig skuddrama i Det ovale kontor"},"content":{"rendered":"\n<p class=\"_lead_o9xde_2 _lead_xtcu6_50 layout-component text-serif-m layout-normal text-serif-l layout-component layout-wide layout-padded _wide_17hqh_1 layout-padded\">Renee Nicole Good ble skutt og drept av ICE-agenter. \u2013 Det var en ondsinnet situasjon som fant sted, sier presidenten.  <\/p>\n<p><img alt=\" Foto: Leah Millis \/ Reuters \/ NTB\" class=\"_image_qp4xg_65 layout-component layout-wide\" data-fullscreen- data-track-element-type=\"Article image fullscreen\" data-track-name=\"ImageFullscreen\" fetchpriority=\"high\" decoding=\"sync\" loading=\"eager\" height=\"1766\" itemprop=\"image\"  src=\"https:\/\/www.europesays.com\/no\/wp-content\/uploads\/2026\/01\/c2388893-9bdc-4267-a503-c6c853bbd0c9.jpeg\"  style=\"object-position:0% 0%\" width=\"2650\"\/> Foto: Leah Millis \/ Reuters \/ NTB<\/p>\n<ul aria-hidden=\"true\" class=\"_images_ntbth_112\">\n<li><a class=\"_link_ntbth_117\" href=\"https:\/\/www.vg.no\/forfatter\/emma-fondenes-oevreboe\" style=\"z-index:1\" title=\"Emma Fondenes \u00d8vreb\u00f8\" rel=\"nofollow noopener\" target=\"_blank\"><img alt=\"Bilde av Emma Fondenes \u00d8vreb\u00f8\" class=\"_image_ntbth_93\" fetchpriority=\"low\" loading=\"lazy\" decoding=\"async\" itemprop=\"image\"  src=\"https:\/\/www.europesays.com\/no\/wp-content\/uploads\/2026\/01\/1767886090_952_a3715f19-7e77-4fbf-b20f-7d6f5cb479de.jpeg\"  width=\"480\"\/><\/a><\/li>\n<\/ul>\n<p> Oppdatert torsdag 8. januar kl. 14:33    <\/p>\n<ul class=\"_list_o9xde_3 _list_64s2r_85 _unordered_o9xde_106 text-sans-m\">\n<li class=\"_item_o9xde_30\">Renee Nicole Good ble skutt og drept av ICE-agenter i Minneapolis.<\/li>\n<li class=\"_item_o9xde_30\">Trump sa Good fors\u00f8kte \u00e5 kj\u00f8re over agenten.<\/li>\n<li class=\"_item_o9xde_30\">Goods familie er i sjokk og sinne, og bestrider myndighetenes forklaringer.<\/li>\n<li class=\"_item_o9xde_30\">Tusenvis samlet seg i Minneapolis for \u00e5 minnes Good og protestere mot ICE.<\/li>\n<\/ul>\n<p>Vis mer <\/p>\n<p class=\"_paragraph_o9xde_4 _paragraph_xtcu6_10 layout-component text-serif-m layout-normal text-serif-m layout-padded\">Bare timer etter at en amerikansk kvinne ble skutt og drept av en <a href=\"https:\/\/www.vg.no\/tag\/ice?utm_source=vg-article&amp;utm_medium=auto-tagger&amp;utm_campaign=K83Eb6\" class=\"_link_o9xde_39\" rel=\"nofollow noopener\" target=\"_blank\">ICE<\/a>-agent i Minneapolis onsdag, forsvarte president Trump hendelsen overfor journalister fra New York Times.<\/p>\n<p class=\"_paragraph_o9xde_4 _paragraph_xtcu6_10 layout-component text-serif-m layout-normal text-serif-m layout-padded\">Under et intervju i Det ovale kontor hevdet Trump at Renee Nicole Good (37) fors\u00f8kte \u00e5 \u00abkj\u00f8re over\u00bb agenten.<\/p>\n<p class=\"_paragraph_o9xde_4 _paragraph_xtcu6_10 layout-component text-serif-m layout-normal text-serif-m layout-padded\">\u2013 Jeg vil ikke se noen bli skutt. Jeg vil heller ikke se noen skrike og pr\u00f8ve \u00e5 kj\u00f8re over politimenn, sa Trump if\u00f8lge <a href=\"https:\/\/www.nytimes.com\" class=\"_link_o9xde_39\" rel=\"nofollow noopener\" target=\"_blank\">New York Times<\/a>.<\/p>\n<p><img alt=\"Foto: SCOTT OLSON \/ AFP \/ NTB\" class=\"_image_qp4xg_65 layout-component layout-normal\" data-fullscreen- data-track-element-type=\"Article image fullscreen\" data-track-name=\"ImageFullscreen\" decoding=\"async\" loading=\"lazy\" height=\"4000\" itemprop=\"image\"  src=\"https:\/\/www.europesays.com\/no\/wp-content\/uploads\/2026\/01\/68a508c9-5b63-42db-866e-3c4e78bb9c9b.png\"  style=\"object-position:0% 0%\" width=\"6000\"\/>Foto: SCOTT OLSON \/ AFP \/ NTB<\/p>\n<p class=\"_paragraph_o9xde_4 _paragraph_xtcu6_10 layout-component text-serif-m layout-normal text-serif-m layout-padded\">Da journalistene presset presidenten p\u00e5 konklusjonen hans, ba han en medarbeider om \u00e5 hente frem videoen p\u00e5 en PC.<\/p>\n<p class=\"_paragraph_o9xde_4 _paragraph_xtcu6_10 layout-component text-serif-m layout-normal text-serif-m layout-padded\">\u2013 Det var en ondsinnet situasjon som fant sted, sa Trump.<\/p>\n<p class=\"_paragraph_o9xde_4 _paragraph_xtcu6_10 layout-component text-serif-m layout-normal text-serif-m layout-padded\">Good var amerikansk statsborger. Hun var opprinnelig fra Colorado, opplyser et familiemedlem til CNN-kanalen KUSA. Familien er i sjokk og ekstremt sinte, legger familiemedlemmet til.<\/p>\n<p class=\"_paragraph_o9xde_4 _paragraph_xtcu6_10 layout-component text-serif-m layout-normal text-serif-m layout-padded\">Det er uklart hva Good gjorde p\u00e5 stedet. Minneapolis bystyre sier hun \u00abvar ute og tok vare p\u00e5 naboene sine\u00bb, mens kongressrepresentant Ilhan Omar beskriver henne som en \u00abjuridisk observat\u00f8r\u00bb som dokumenterer politiets opptreden.<\/p>\n<p> \u2013 Livredd<\/p>\n<p class=\"_paragraph_o9xde_4 _paragraph_xtcu6_10 layout-component text-serif-m layout-normal text-serif-m layout-padded\">Donna Ganger fortalte <a href=\"https:\/\/www.startribune.com\/she-was-an-amazing-human-being-mother-identifies-woman-shot-killed-by-ice-agent\/601559922\" class=\"_link_o9xde_39\" rel=\"nofollow noopener\" target=\"_blank\">Minnesota Star Tribune<\/a> at datteren bodde i Minneapolis og St. Paul sammen med partneren sin. Ganger sa at familien ble informert om d\u00f8dsfallet sent onsdag formiddag.<\/p>\n<p class=\"_paragraph_o9xde_4 _paragraph_xtcu6_10 layout-component text-serif-m layout-normal text-serif-m layout-padded\">\u2013 Hun var nok livredd, forteller Ganger.<\/p>\n<p class=\"_paragraph_o9xde_4 _paragraph_xtcu6_10 layout-component text-serif-m layout-normal text-serif-m layout-padded\">Hun sa at datteren hennes \u00abikke var involvert i noe slikt i det hele tatt\u00bb, med henvisning til demonstranter som utfordret ICE-agenter.<\/p>\n<p class=\"_paragraph_o9xde_4 _paragraph_xtcu6_10 layout-component text-serif-m layout-normal text-serif-m layout-padded\">\u00abRenee var en av de snilleste personene jeg noensinne har kjent\u00bb, sa hun. <\/p>\n<p><img alt=\"Good ble skutt gjennom frontruten.  Foto: STEPHEN MATUREN \/ AFP \/ NTB\" class=\"_image_qp4xg_65 layout-component layout-normal\" data-fullscreen- data-track-element-type=\"Article image fullscreen\" data-track-name=\"ImageFullscreen\" decoding=\"async\" loading=\"lazy\" height=\"2011\" itemprop=\"image\"  src=\"https:\/\/www.europesays.com\/no\/wp-content\/uploads\/2026\/01\/b72b9ca4-f531-4a9a-99bb-475fe744da1c.png\"  style=\"object-position:0% 0%\" width=\"3079\"\/>Good ble skutt gjennom frontruten.  Foto: STEPHEN MATUREN \/ AFP \/ NTB<\/p>\n<p class=\"_paragraph_o9xde_4 _paragraph_xtcu6_10 layout-component text-serif-m layout-normal text-serif-m layout-padded\">\u00abHun var ekstremt medf\u00f8lende. Hun har tatt seg av mennesker hele livet. Hun var kj\u00e6rlig, tilgivende og hengiven. Hun var et fantastisk menneske.\u00bb<\/p>\n<p class=\"_paragraph_o9xde_4 _paragraph_xtcu6_10 layout-component text-serif-m layout-normal text-serif-m layout-padded\">P\u00e5 Instagram beskrev hun seg selv som \u00abpoet, forfatter og kone og mor\u00bb, skriver USA Today.<\/p>\n<p><img alt=\"Kristi Noem.  Foto: MICHAEL GONZALEZ \/ AFP \/ NTB\" class=\"_image_qp4xg_65 layout-component layout-normal\" data-fullscreen- data-track-element-type=\"Article image fullscreen\" data-track-name=\"ImageFullscreen\" decoding=\"async\" loading=\"lazy\" height=\"5065\" itemprop=\"image\"  src=\"https:\/\/www.europesays.com\/no\/wp-content\/uploads\/2026\/01\/01d5dbfd-ba90-431a-847c-aeffef4918f7.png\"  style=\"object-position:0% 0%\" width=\"7594\"\/>Kristi Noem.  Foto: MICHAEL GONZALEZ \/ AFP \/ NTB<\/p>\n<p class=\"_paragraph_o9xde_4 _paragraph_xtcu6_10 layout-component text-serif-m layout-normal text-serif-m layout-padded\">Innenriksminister Kristi Noem sa p\u00e5 en pressekonferanse at kvinnen \u00abforfulgte\u00bb agentene, og at agenten som drepte henne \u00abbrukte treningen sin for \u00e5 redde sitt eget liv og kollegenes\u00bb.<\/p>\n<p class=\"_paragraph_o9xde_4 _paragraph_xtcu6_10 layout-component text-serif-m layout-normal text-serif-m layout-padded\">Men dette er sv\u00e6rt omstridt. Myndigheter p\u00e5 delstatsniv\u00e5 og lokale myndigheter beskrev de f\u00f8derale forklaringene med ord som \u00abpropaganda\u00bb og \u00abs\u00f8ppel\u00bb.<\/p>\n<p class=\"_paragraph_o9xde_4 _paragraph_xtcu6_10 layout-component text-serif-m layout-normal text-serif-m layout-padded\">Minnesotas guvern\u00f8r Tim Walz kaller den amerikanske regjeringens respons p\u00e5 drapet for \u00abpropaganda\u00bb.<\/p>\n<p class=\"_paragraph_o9xde_4 _paragraph_xtcu6_10 layout-component text-serif-m layout-normal text-serif-m layout-padded\">Ogs\u00e5 Minneapolis-ordf\u00f8rer Jacob Frey har en helt annen oppfatning av det som skjedde og bestrider p\u00e5standen om at ICE handlet i selvforsvar. <\/p>\n<p> Tusenvis samlet<\/p>\n<p class=\"_paragraph_o9xde_4 _paragraph_xtcu6_10 layout-component text-serif-m layout-normal text-serif-m layout-padded\">Selv da journalistene p\u00e5pekte uklarheter i videoene som sirkulerer p\u00e5 sosiale medier, holdt Trump fast ved sin posisjon, skriver NYT.<\/p>\n<p class=\"_paragraph_o9xde_4 _paragraph_xtcu6_10 layout-component text-serif-m layout-normal text-serif-m layout-padded\">\u2013 Hun oppf\u00f8rte seg forferdelig, sier Trump.<\/p>\n<p><img alt=\"Foto: KEREM YUCEL \/ AFP \/ NTB\" class=\"_image_qp4xg_65 layout-component layout-normal\" data-fullscreen- data-track-element-type=\"Article image fullscreen\" data-track-name=\"ImageFullscreen\" decoding=\"async\" loading=\"lazy\" height=\"2601\" itemprop=\"image\"  src=\"https:\/\/www.europesays.com\/no\/wp-content\/uploads\/2026\/01\/3119618b-efd4-4f7d-ab0d-37cb6213f767.png\"  style=\"object-position:0% 0%\" width=\"3900\"\/>Foto: KEREM YUCEL \/ AFP \/ NTB<\/p>\n<p class=\"_paragraph_o9xde_4 _paragraph_xtcu6_10 layout-component text-serif-m layout-normal text-serif-m layout-padded\">Trumps grenseansvarlig Tom Homan sa til CBS News at han ikke ville d\u00f8mme basert p\u00e5 videoer i sosiale medier.<\/p>\n<p class=\"_paragraph_o9xde_4 _paragraph_xtcu6_10 layout-component text-serif-m layout-normal text-serif-m layout-padded\">\u2013 La etterforskningen f\u00e5 utspille seg, sa Homan.<\/p>\n<p><img alt=\"Foto: Tim Evans \/ Reuters \/ NTB\" class=\"_image_qp4xg_65 layout-component layout-normal\" data-fullscreen- data-track-element-type=\"Article image fullscreen\" data-track-name=\"ImageFullscreen\" decoding=\"async\" loading=\"lazy\" height=\"2336\" itemprop=\"image\"  src=\"https:\/\/www.europesays.com\/no\/wp-content\/uploads\/2026\/01\/7a85846f-48fb-4f7b-a6a5-adef3c1eb501.png\"  style=\"object-position:0% 0%\" width=\"3504\"\/>Foto: Tim Evans \/ Reuters \/ NTB<\/p>\n<p class=\"_paragraph_o9xde_4 _paragraph_xtcu6_10 layout-component text-serif-m layout-normal text-serif-m layout-padded\">Tusenvis samlet seg i Minneapolis for \u00e5 tenne lys etter at Good ble drept. Omr\u00e5det der skytingen fant sted ble fylt av mennesker onsdag kveld amerikansk tid. <\/p>\n<p class=\"_paragraph_o9xde_4 _paragraph_xtcu6_10 layout-component text-serif-m layout-normal text-serif-m layout-padded\">De ropte slagord mot Ice, som Minneapolis-ordf\u00f8rer Jacob Frey har bedt om \u00e5 forlate byen. P\u00e5 grunn av situasjonen i byen har offentlige skoler i Minneapolis stengt resten av uken.<\/p>\n<p class=\"_paragraph_o9xde_4 _paragraph_xtcu6_10 layout-component text-serif-m layout-normal text-serif-m layout-padded\">Skytingen fant sted onsdag i et middelklassenabolag i Minneapolis, rundt 1 kilometer fra stedet der George Floyd ble drept av politiet i 2020.<\/p>\n","protected":false},"excerpt":{"rendered":"Renee Nicole Good ble skutt og drept av ICE-agenter. \u2013 Det var en ondsinnet situasjon som fant sted,&hellip;\n","protected":false},"author":2,"featured_media":132171,"comment_status":"","ping_status":"","sticky":false,"template":"","format":"standard","meta":{"footnotes":""},"categories":[12],"tags":[20,21,55,24,25,15,6887,22,23,13,30,28,29,14,16,26,27,50,42,46,43,44,45],"class_list":{"0":"post-132170","1":"post","2":"type-post","3":"status-publish","4":"format-standard","5":"has-post-thumbnail","7":"category-verden","8":"tag-breaking-news","9":"tag-breakingnews","10":"tag-donald-trump","11":"tag-featured-news","12":"tag-featurednews","13":"tag-headlines","14":"tag-ice-immigration-and-customs-enforcement","15":"tag-latest-news","16":"tag-latestnews","17":"tag-news","18":"tag-no","19":"tag-norge","20":"tag-norway","21":"tag-nyheter","22":"tag-overskrifter","23":"tag-top-stories","24":"tag-topstories","25":"tag-usa","26":"tag-verden","27":"tag-vgai","28":"tag-world","29":"tag-world-news","30":"tag-worldnews"},"share_on_mastodon":{"url":"https:\/\/pubeurope.com\/@no\/115860190220337821","error":""},"_links":{"self":[{"href":"https:\/\/www.europesays.com\/no\/wp-json\/wp\/v2\/posts\/132170","targetHints":{"allow":["GET"]}}],"collection":[{"href":"https:\/\/www.europesays.com\/no\/wp-json\/wp\/v2\/posts"}],"about":[{"href":"https:\/\/www.europesays.com\/no\/wp-json\/wp\/v2\/types\/post"}],"author":[{"embeddable":true,"href":"https:\/\/www.europesays.com\/no\/wp-json\/wp\/v2\/users\/2"}],"replies":[{"embeddable":true,"href":"https:\/\/www.europesays.com\/no\/wp-json\/wp\/v2\/comments?post=132170"}],"version-history":[{"count":0,"href":"https:\/\/www.europesays.com\/no\/wp-json\/wp\/v2\/posts\/132170\/revisions"}],"wp:featuredmedia":[{"embeddable":true,"href":"https:\/\/www.europesays.com\/no\/wp-json\/wp\/v2\/media\/132171"}],"wp:attachment":[{"href":"https:\/\/www.europesays.com\/no\/wp-json\/wp\/v2\/media?parent=132170"}],"wp:term":[{"taxonomy":"category","embeddable":true,"href":"https:\/\/www.europesays.com\/no\/wp-json\/wp\/v2\/categories?post=132170"},{"taxonomy":"post_tag","embeddable":true,"href":"https:\/\/www.europesays.com\/no\/wp-json\/wp\/v2\/tags?post=132170"}],"curies":[{"name":"wp","href":"https:\/\/api.w.org\/{rel}","templated":true}]}}