{"id":132172,"date":"2026-01-08T15:32:28","date_gmt":"2026-01-08T15:32:28","guid":{"rendered":"https:\/\/www.europesays.com\/no\/132172\/"},"modified":"2026-01-08T15:32:28","modified_gmt":"2026-01-08T15:32:28","slug":"utrolig-kult-med-noen-som-tor-a-utfordre","status":"publish","type":"post","link":"https:\/\/www.europesays.com\/no\/132172\/","title":{"rendered":"\u2013 Utrolig kult med noen som t\u00f8r \u00e5 utfordre"},"content":{"rendered":"<p>\u2013 Hun er en rapper som har skilt seg ut i Norge.<\/p>\n<p>Slik beskriver Klassekampens musikkjournalist Frida Friflett, Gunhild Roel J\u00f8nnum.<\/p>\n<p>Eller Sa_G som hun kaller seg.<\/p>\n<p><img decoding=\"async\" src=\"data:image\/gif;base64,R0lGODlhEAAJAIAAAP\/\/\/wAAACH5BAEAAAAALAAAAAAQAAkAAAIKhI+py+0Po5yUFQA7\" alt=\"\"\/><br \/>\n  Sa_G ble kjent for mange da hun spilte under prisutdelingen P3 Gull i fjor h\u00f8st.<br \/>\n  <strong>Foto:<\/strong> Thomas Fure \/ NTB\u2013 T\u00f8r \u00e5 utfordre<\/p>\n<p><a href=\"https:\/\/tv.nrk.no\/serie\/dagsrevyen\/sesong\/202601\/episode\/NNFA19010626\" rel=\"noopener nofollow\" target=\"_blank\">I et intervju med NRK<\/a> fortalte nylig tre av landets fremste musikkjournalister om hvilke artister en burde f\u00f8lge med p\u00e5 i 2026. Innenfor sjangeren rap ble J\u00f8nnum nevnt i selskap med Ari Bajgora.<\/p>\n<p>\u2013 Det er utrolig kult at det kommer noen som t\u00f8r \u00e5 utfordre og komme med noe nytt, sier Aftenpostens musikkjournalist Robert Hoftun Gjestad om Sa_G til kanalen.<\/p>\n<p><img decoding=\"async\" src=\"data:image\/gif;base64,R0lGODlhEAAJAIAAAP\/\/\/wAAACH5BAEAAAAALAAAAAAQAAkAAAIKhI+py+0Po5yUFQA7\" alt=\"\"\/><br \/>\n  \u2013 Rap har v\u00e6rt i en b\u00f8lgedal en stund, sier Friflett. Ari Bajgora nevnes som unntaket.<br \/>\n  <strong>Foto:<\/strong> Fanny Feragen SolheimEn av f\u00e5<\/p>\n<p>Sa_G er en av f\u00e5 norske kvinner i hiphop, og ble i fjor nominert til Spellemann som eneste kvinne i kategorien.<\/p>\n<p>Selv omtaler hun seg selv som rapper \u2013 ikke kvinnelig rapper.<\/p>\n<p><img decoding=\"async\" src=\"data:image\/gif;base64,R0lGODlhEAAJAIAAAP\/\/\/wAAACH5BAEAAAAALAAAAAAQAAkAAAIKhI+py+0Po5yUFQA7\" alt=\"\"\/><br \/>\n  I september 2025 slapp hun sitt debutalbum \u00abGUNHILD\u00bb.<br \/>\n  <strong>Foto:<\/strong> Albumcover<\/p>\n<p>J\u00f8nnum har vokst opp p\u00e5 By\u00e5sen, men flyttet til Oslo for \u00e5 f\u00f8lge musikkdr\u00f8mmen i 2021.<\/p>\n<p><a href=\"https:\/\/www.adressa.no\/kultur\/i\/KMdM7o\/hun-hylles-av-stjernene-men-mottar-hat-i-kommentarfeltet\" rel=\"noopener nofollow\" target=\"_blank\">I et tidligere intervju med Adresseavisen<\/a> forteller hun at hun raskt fant \u00absin plass\u00bb, mistet dialekten og fikk en ny gjeng da hun flyttet til hovedstaden.<\/p>\n<p>\u2013 Jeg begynte \u00e5 tenke p\u00e5 en annen m\u00e5te og l\u00f8srev meg fra reglene, sa hun i intervjuet.<\/p>\n<p>Siden har hun utmerket seg og f\u00e5tt mye oppmerksomhet for m\u00e5ten hun skiller seg ut p\u00e5.<\/p>\n<p>Internasjonal oppmerksomhet<\/p>\n<p>Flere norske musikere og band nevnes i tillegg til trondheimsjenta \u2013 b\u00e5de kjente og mindre kjente.<\/p>\n<p>Fjor\u00e5rets Ur\u00f8rtvinnere Girl Group, nevnes av journalisten Nina Gjertsen fra NRK Ur\u00f8rt.<\/p>\n<p>Gruppen har allerede f\u00e5tt oppmerksomhet fra utlandet av blant annet Elton John, nevner Gjertsen til kanalen.<\/p>\n<p>\u2013 Dette er alternativ pop som kan treffe bredt og de har allerede blitt spilt masse p\u00e5 radiokanalen BBC 1, forteller Gjertsen.<\/p>\n<p>I oktober i fjor spilte gruppen for f\u00f8rste gang under UKA. <a href=\"https:\/\/www.adressa.no\/kultur\/i\/zAdOew\/fem-flinke-piker-radbrekker-menns-dovaner\" rel=\"noopener nofollow\" target=\"_blank\">Adresseavisen anmelder ga gruppen terningkast fire.<\/a> Hun beskriver de som fem flinke piker som gj\u00f8r narr av menns do-vaner.<\/p>\n<p>\u2013 Girl Group sin popmusikk er g\u00f8yal, dansbar og leken, men i bunn ligger det en konfronterende \u00e6rlighet om seksualisering, skriver anmelderen.<\/p>\n<p><img decoding=\"async\" src=\"data:image\/gif;base64,R0lGODlhEAAJAIAAAP\/\/\/wAAACH5BAEAAAAALAAAAAAQAAkAAAIKhI+py+0Po5yUFQA7\" alt=\"\"\/><br \/>\n  Girl Group da de ble k\u00e5ret til \u00e5rets ur\u00f8rt under P3 Gull i oktober i fjor. Her sammen med Nina Gjertsen.<br \/>\n  <strong>Foto:<\/strong> Annika Byrde \/ NTB<\/p>\n<p>Frida Friflett fra Klassekampen trekker ogs\u00e5 frem bandet \u00abPumpegris\u00bb som er del av den nye norske folkemusikkgruppen.<\/p>\n<p>Da gruppen spilte under Trondheim Calling i 2025 ga A<a href=\"https:\/\/www.adressa.no\/kultur\/i\/GyXrg9\/som-aa-hoere-verdens-feteste-jam-i-verdens-hippeste-laave\" rel=\"noopener nofollow\" target=\"_blank\">dresseavisens anmelder bandet terningkast 6.<\/a><\/p>\n<p><img decoding=\"async\" src=\"data:image\/gif;base64,R0lGODlhEAAJAIAAAP\/\/\/wAAACH5BAEAAAAALAAAAAAQAAkAAAIKhI+py+0Po5yUFQA7\" alt=\"\"\/><br \/>\n  \u2013 Grensel\u00f8s lek og blodig alvor &#8211; mer solid enn Pumpegris p\u00e5 Moskus blir det sjelden, skriver anmelderen om \u00abPumpegris\u00bb.<br \/>\n  <strong>Foto:<\/strong> Adresseavisen\/Richard SagenNytt fra gamle kjenninger<\/p>\n<p>Til slutt i innslaget nevnes det ogs\u00e5 at det kan komme ny musikk fra \u00abgamle kjenninger\u00bb.<\/p>\n<p>Da gruppen spilte under Trondheim Calling i 2025 ga Adresseavisens anmelder bandet terningkast 6.<\/p>\n<p>\u2013 Vi kommer ikke unna at det blir Karpe-\u00e5ret 2026, sier han.<\/p>\n<p><img decoding=\"async\" src=\"data:image\/gif;base64,R0lGODlhEAAJAIAAAP\/\/\/wAAACH5BAEAAAAALAAAAAAQAAkAAAIKhI+py+0Po5yUFQA7\" alt=\"\"\/><br \/>\n  Det er nok mange fans som blir glad om det kommer ny musikk fra duoen. Her med tr\u00f8nderske fans under Festningen i 2023.<br \/>\n  <strong>Foto:<\/strong> Marion Aaserud Dahlen<\/p>\n","protected":false},"excerpt":{"rendered":"\u2013 Hun er en rapper som har skilt seg ut i Norge. Slik beskriver Klassekampens musikkjournalist Frida Friflett,&hellip;\n","protected":false},"author":2,"featured_media":132173,"comment_status":"","ping_status":"","sticky":false,"template":"","format":"standard","meta":{"footnotes":""},"categories":[58],"tags":[2014,4631,71,8579,221,30,28,29,787,3855,8788,15292,596,72,15291],"class_list":{"0":"post-132172","1":"post","2":"type-post","3":"status-publish","4":"format-standard","5":"has-post-thumbnail","7":"category-underholdning","8":"tag-ari-bajgora","9":"tag-band","10":"tag-entertainment","11":"tag-musikere","12":"tag-musikk","13":"tag-no","14":"tag-norge","15":"tag-norway","16":"tag-nrk","17":"tag-p3-gull","18":"tag-prisutdeling","19":"tag-sa_g","20":"tag-trondheim","21":"tag-underholdning","22":"tag-urort"},"share_on_mastodon":{"url":"https:\/\/pubeurope.com\/@no\/115860206046266137","error":""},"_links":{"self":[{"href":"https:\/\/www.europesays.com\/no\/wp-json\/wp\/v2\/posts\/132172","targetHints":{"allow":["GET"]}}],"collection":[{"href":"https:\/\/www.europesays.com\/no\/wp-json\/wp\/v2\/posts"}],"about":[{"href":"https:\/\/www.europesays.com\/no\/wp-json\/wp\/v2\/types\/post"}],"author":[{"embeddable":true,"href":"https:\/\/www.europesays.com\/no\/wp-json\/wp\/v2\/users\/2"}],"replies":[{"embeddable":true,"href":"https:\/\/www.europesays.com\/no\/wp-json\/wp\/v2\/comments?post=132172"}],"version-history":[{"count":0,"href":"https:\/\/www.europesays.com\/no\/wp-json\/wp\/v2\/posts\/132172\/revisions"}],"wp:featuredmedia":[{"embeddable":true,"href":"https:\/\/www.europesays.com\/no\/wp-json\/wp\/v2\/media\/132173"}],"wp:attachment":[{"href":"https:\/\/www.europesays.com\/no\/wp-json\/wp\/v2\/media?parent=132172"}],"wp:term":[{"taxonomy":"category","embeddable":true,"href":"https:\/\/www.europesays.com\/no\/wp-json\/wp\/v2\/categories?post=132172"},{"taxonomy":"post_tag","embeddable":true,"href":"https:\/\/www.europesays.com\/no\/wp-json\/wp\/v2\/tags?post=132172"}],"curies":[{"name":"wp","href":"https:\/\/api.w.org\/{rel}","templated":true}]}}