{"id":132176,"date":"2026-01-08T15:36:28","date_gmt":"2026-01-08T15:36:28","guid":{"rendered":"https:\/\/www.europesays.com\/no\/132176\/"},"modified":"2026-01-08T15:36:28","modified_gmt":"2026-01-08T15:36:28","slug":"hardt-ut-mot-pareto-ga-etter-for-kjell-inge-rokkes-trusler","status":"publish","type":"post","link":"https:\/\/www.europesays.com\/no\/132176\/","title":{"rendered":"Hardt ut mot Pareto: \u2013 Ga etter for Kjell Inge R\u00f8kkes trusler"},"content":{"rendered":"<p class=\"lead dn-text-entity lead\" role=\"paragraph\">\u00abBr\u00f8l fra en papirtiger\u00bb sa Kjell Inge R\u00f8kke om de p\u00e5st\u00e5tte truslene. Nok til \u00e5 p\u00e5virke Pareto, mener Kistefos&#8217; advokat.<\/p>\n<p>Advokat Helge Skogseth Berg i Nordia (med briller) representerer Christen Sveaas&#8217; Kistefos og medsaks\u00f8kerne i saken mot Pareto Securities, som er forent til felles behandling med saken mot Solstad-styret, Aker Capital og Frank Reite.<\/p>\n<p>Foto: Gunnar Bl\u00f6ndal<\/p>\n","protected":false},"excerpt":{"rendered":"\u00abBr\u00f8l fra en papirtiger\u00bb sa Kjell Inge R\u00f8kke om de p\u00e5st\u00e5tte truslene. Nok til \u00e5 p\u00e5virke Pareto, mener&hellip;\n","protected":false},"author":2,"featured_media":132177,"comment_status":"","ping_status":"","sticky":false,"template":"","format":"standard","meta":{"footnotes":""},"categories":[56],"tags":[60,61,62,30,28,29],"class_list":{"0":"post-132176","1":"post","2":"type-post","3":"status-publish","4":"format-standard","5":"has-post-thumbnail","7":"category-naeringsliv","8":"tag-business","9":"tag-economy","10":"tag-naeringsliv","11":"tag-no","12":"tag-norge","13":"tag-norway"},"share_on_mastodon":{"url":"https:\/\/pubeurope.com\/@no\/115860221740223911","error":""},"_links":{"self":[{"href":"https:\/\/www.europesays.com\/no\/wp-json\/wp\/v2\/posts\/132176","targetHints":{"allow":["GET"]}}],"collection":[{"href":"https:\/\/www.europesays.com\/no\/wp-json\/wp\/v2\/posts"}],"about":[{"href":"https:\/\/www.europesays.com\/no\/wp-json\/wp\/v2\/types\/post"}],"author":[{"embeddable":true,"href":"https:\/\/www.europesays.com\/no\/wp-json\/wp\/v2\/users\/2"}],"replies":[{"embeddable":true,"href":"https:\/\/www.europesays.com\/no\/wp-json\/wp\/v2\/comments?post=132176"}],"version-history":[{"count":0,"href":"https:\/\/www.europesays.com\/no\/wp-json\/wp\/v2\/posts\/132176\/revisions"}],"wp:featuredmedia":[{"embeddable":true,"href":"https:\/\/www.europesays.com\/no\/wp-json\/wp\/v2\/media\/132177"}],"wp:attachment":[{"href":"https:\/\/www.europesays.com\/no\/wp-json\/wp\/v2\/media?parent=132176"}],"wp:term":[{"taxonomy":"category","embeddable":true,"href":"https:\/\/www.europesays.com\/no\/wp-json\/wp\/v2\/categories?post=132176"},{"taxonomy":"post_tag","embeddable":true,"href":"https:\/\/www.europesays.com\/no\/wp-json\/wp\/v2\/tags?post=132176"}],"curies":[{"name":"wp","href":"https:\/\/api.w.org\/{rel}","templated":true}]}}