{"id":132178,"date":"2026-01-08T15:37:40","date_gmt":"2026-01-08T15:37:40","guid":{"rendered":"https:\/\/www.europesays.com\/no\/132178\/"},"modified":"2026-01-08T15:37:40","modified_gmt":"2026-01-08T15:37:40","slug":"donald-trump-kai-trump-barnebarnet-kai-trump-med-klar-beskjed-til-donald-trump-det-er-farlig","status":"publish","type":"post","link":"https:\/\/www.europesays.com\/no\/132178\/","title":{"rendered":"Donald Trump, kai trump | Barnebarnet Kai Trump med klar beskjed til Donald Trump: \u2013 Det er farlig"},"content":{"rendered":"\n<p>Kai Trump (18) er datter av Donald Trump jr. (48) og Vanessa Trump (48), noe som gj\u00f8r henne til president Donald Trumps (79) barnebarn.<\/p>\n<p>18-\u00e5ringen har v\u00e6rt offentlig hele sitt liv, og har de siste \u00e5rene bygget seg en stor f\u00f8lgerskare p\u00e5 sine golfkanaler i sosiale medier.<\/p>\n<p>Denne uken gjester hun den nyeste episoden av Logan Pauls podkast, \u00abImpaulsive\u00bb, hvor hun snakker ut om sitt sv\u00e6rt spesielle liv.<\/p>\n<p><b>Les ogs\u00e5: <a href=\"https:\/\/www.nettavisen.no\/kjendis\/m-rtha-louise-og-durek-verrett-med-marius-borg-hoiby-og-mette-marit-krav\/s\/5-95-2809623\" rel=\"Follow nofollow noopener\" target=\"_blank\">M\u00e4rtha Louise og Durek med H\u00f8iby-krav<\/a><\/b><\/p>\n<p>I intervjuet blir det blant annet tatt opp hvordan det er \u00e5 date med livvakter rundt seg hele d\u00f8gnet og hva hun driver med p\u00e5 fritiden.<\/p>\n<p>Hennes bestefar, Donald Trump, og den politiske duellen med Kamala Harris ble ogs\u00e5 tema utover i episoden.<\/p>\n<p>\u2013 Var Kamala fienden under valgkampen? sp\u00f8r Paul.<\/p>\n<p>\u2013 For \u00e5 v\u00e6re \u00e6rlig, holder jeg meg helt utenfor politikken. S\u00e5 jeg vil ikke ha noe med politikk \u00e5 gj\u00f8re, for jeg synes det er veldig farlig, svarer Trump-barnebarnet.<\/p>\n<p>    Vil du se neste video?<\/p>\n<p>    <a href=\"https:\/\/www.nettavisen.no\/nyheter\/ukrainsk-jagerfly-odelegger-for-vladimir-putin-i-pokrovsk\/v\/5-95-2807927\" class=\"recommend-poster\" data-adp-clicklabel=\"video-recommend\" data-adp-clickvalue=\"poster\" rel=\"nofollow noopener\" target=\"_blank\"><br \/>\n      <img decoding=\"async\" width=\"200\" height=\"200\" loading=\"lazy\" src=\"https:\/\/www.europesays.com\/no\/wp-content\/uploads\/2026\/01\/JAGERFLY+BREDDE.jpg\" alt=\"\" class=\"brick-c-cFOWSL\" style=\"--brick-image-ratio: 200 \/ 200;\"\/><\/p>\n<p>Nye bilder: Rammer Putin hardt0:41<\/p>\n<p>    <\/a><\/p>\n<p>Ber bestefaren ta grep<\/p>\n<p>Kai kommer ogs\u00e5 med en klar oppfordring til bestefaren og Harris.<\/p>\n<p>\u2013 Jeg mener at hvis de kunne m\u00f8ttes p\u00e5 midten, ville alle v\u00e6rt mye lykkeligere. Det er mange som blir for ekstreme, og det er der sosiale medier kommer inn. Algoritmene gj\u00f8r at feeden blir enten den ene eller den andre veien.<\/p>\n<p>\u2013 Det er ikke mange ting p\u00e5 sosiale medier om det i midten, og det gj\u00f8r folk gale.<\/p>\n<p>18-\u00e5ringen letter ogs\u00e5 p\u00e5 sl\u00f8ret om hvor hun selv st\u00e5r p\u00e5 den politiske aksen.<\/p>\n<p>\u2013 Det er ikke noe vondt blod, jeg er ganske i midten, og de kjemper imot hverandre. Jeg st\u00f8tter selvf\u00f8lgelig bestefar og familien min, men det er stort sett det.<\/p>\n<p>President-barnebarnet ble ogs\u00e5 spurt om Donald Trumps fremtid i politikken.<\/p>\n<p>Ten\u00e5ringen avsl\u00f8rte at bestefaren ikke har noen planer om \u00e5 stille til valg igjen, men utelukket heller ikke at det kan endre seg.<\/p>\n<p>\u2013 Mye kan skje fram til 2028, sier hun.<\/p>\n<p><b>Les ogs\u00e5: <a href=\"https:\/\/www.nettavisen.no\/kjendis\/pernilla-wahlgrens-luksusvilla-ramponert-etter-sonnens-nyttarsfest-ma-erstatte-det\/s\/5-95-2809801\" rel=\"Follow nofollow noopener\" target=\"_blank\">Store skader etter s\u00f8nnens nytt\u00e5rsfest: \u2013 M\u00e5 erstatte det<\/a><\/b><\/p>\n<p>    Vil du se neste video?<\/p>\n<p>    <a href=\"https:\/\/www.nettavisen.no\/nyheter\/ukrainsk-jagerfly-odelegger-for-vladimir-putin-i-pokrovsk\/v\/5-95-2807927\" class=\"recommend-poster\" data-adp-clicklabel=\"video-recommend\" data-adp-clickvalue=\"poster\" rel=\"nofollow noopener\" target=\"_blank\"><br \/>\n      <img decoding=\"async\" width=\"200\" height=\"200\" loading=\"lazy\" src=\"https:\/\/www.europesays.com\/no\/wp-content\/uploads\/2026\/01\/JAGERFLY+BREDDE.jpg\" alt=\"\" class=\"brick-c-cFOWSL\" style=\"--brick-image-ratio: 200 \/ 200;\"\/><\/p>\n<p>Nye bilder: Rammer Putin hardt0:41<\/p>\n<p>    <\/a><\/p>\n<p>Marerittdebut<\/p>\n<p>Kai Trump er en i starten av sin proffkarriere som golfspiller og debuterte p\u00e5 slutten av fjor\u00e5ret i LPGA, som er det h\u00f8yeste niv\u00e5et innen kvinnegolf.<\/p>\n<p>Dessverre for 18-\u00e5ringen ble det en sv\u00e6rt t\u00f8ff debut, da hun ikke klarte cuten og endte som nummer 158 i turneringen i Florida.<\/p>\n<p>   <img decoding=\"async\" width=\"3932\" height=\"2621\" fetchpriority=\"low\"  loading=\"lazy\"  src=\"https:\/\/www.europesays.com\/no\/wp-content\/uploads\/2026\/01\/cueres_scp-mangler_navn_rZGFoxwZt2E.jpg\" alt=\"BELLEAIR, FLORIDA - NOVEMBER 12: Amateur golfer Kai Trump reacts on from the 11th green prior to The ANNIKA driven by Gainbridge at Pelican 2025 at Pelican Golf Club on November 12, 2025 in Belleair, Florida.   Douglas P. DeFelice\/Getty Images\/AFP (Photo by Douglas P. DeFelice \/ GETTY IMAGES NORTH AMERICA \/ Getty Images via AFP)\" class=\"brick-c-cFOWSL\" style=\"--brick-image-ratio: 3932 \/ 2621;\"\/><\/p>\n<p>      TUNG START: Kai Trump fikk alt annet enn en dr\u00f8mmedebut i LPGA.<br \/>\n      Foto: DOUGLAS P. DEFELICE (AFP \/ NTB)\n    <\/p>\n<p>N\u00e5r det kommer til hennes private liv, forteller Kai at det er vanskelig \u00e5 leve et vanlig liv med sikkerhetsvakter rundt seg til enhver tid.<\/p>\n<p>\u2013 For \u00e5 v\u00e6re \u00e6rlig med deg, er det veldig rart n\u00e5r du sitter og skal p\u00e5 date med en fyr, og de sitter to bord bak deg, forteller hun og fortsetter:<\/p>\n<p>\u2013 Det er litt rart. Jeg pr\u00f8ver mitt beste \u00e5 ikke la det plage meg. Spesielt det siste \u00e5ret, siden han ble president, har jeg m\u00e5ttet l\u00e6re at ja, de f\u00f8lger etter meg, men ogs\u00e5 fokusere p\u00e5 \u00e5 late som om de ikke er der.<\/p>\n<p>  <a data-static=\"\" href=\"#skip-\" class=\"brick-c-fgNmNC\">Hopp over karusellen.<\/a><\/p>\n<p data-static=\"\" class=\"brick-c-fgNmNC\" id=\"carousel-title-\">Innholdskarusell med 20 artikler.<\/p>\n","protected":false},"excerpt":{"rendered":"Kai Trump (18) er datter av Donald Trump jr. (48) og Vanessa Trump (48), noe som gj\u00f8r henne&hellip;\n","protected":false},"author":2,"featured_media":132179,"comment_status":"","ping_status":"","sticky":false,"template":"","format":"standard","meta":{"footnotes":""},"categories":[12],"tags":[20,21,24,25,15,22,23,13,30,28,29,14,16,26,27,42,43,44,45],"class_list":{"0":"post-132178","1":"post","2":"type-post","3":"status-publish","4":"format-standard","5":"has-post-thumbnail","7":"category-verden","8":"tag-breaking-news","9":"tag-breakingnews","10":"tag-featured-news","11":"tag-featurednews","12":"tag-headlines","13":"tag-latest-news","14":"tag-latestnews","15":"tag-news","16":"tag-no","17":"tag-norge","18":"tag-norway","19":"tag-nyheter","20":"tag-overskrifter","21":"tag-top-stories","22":"tag-topstories","23":"tag-verden","24":"tag-world","25":"tag-world-news","26":"tag-worldnews"},"share_on_mastodon":{"url":"https:\/\/pubeurope.com\/@no\/115860225572624872","error":""},"_links":{"self":[{"href":"https:\/\/www.europesays.com\/no\/wp-json\/wp\/v2\/posts\/132178","targetHints":{"allow":["GET"]}}],"collection":[{"href":"https:\/\/www.europesays.com\/no\/wp-json\/wp\/v2\/posts"}],"about":[{"href":"https:\/\/www.europesays.com\/no\/wp-json\/wp\/v2\/types\/post"}],"author":[{"embeddable":true,"href":"https:\/\/www.europesays.com\/no\/wp-json\/wp\/v2\/users\/2"}],"replies":[{"embeddable":true,"href":"https:\/\/www.europesays.com\/no\/wp-json\/wp\/v2\/comments?post=132178"}],"version-history":[{"count":0,"href":"https:\/\/www.europesays.com\/no\/wp-json\/wp\/v2\/posts\/132178\/revisions"}],"wp:featuredmedia":[{"embeddable":true,"href":"https:\/\/www.europesays.com\/no\/wp-json\/wp\/v2\/media\/132179"}],"wp:attachment":[{"href":"https:\/\/www.europesays.com\/no\/wp-json\/wp\/v2\/media?parent=132178"}],"wp:term":[{"taxonomy":"category","embeddable":true,"href":"https:\/\/www.europesays.com\/no\/wp-json\/wp\/v2\/categories?post=132178"},{"taxonomy":"post_tag","embeddable":true,"href":"https:\/\/www.europesays.com\/no\/wp-json\/wp\/v2\/tags?post=132178"}],"curies":[{"name":"wp","href":"https:\/\/api.w.org\/{rel}","templated":true}]}}