{"id":132186,"date":"2026-01-08T15:54:10","date_gmt":"2026-01-08T15:54:10","guid":{"rendered":"https:\/\/www.europesays.com\/no\/132186\/"},"modified":"2026-01-08T15:54:10","modified_gmt":"2026-01-08T15:54:10","slug":"krim-nyhetsvarsel-etterlyst-nordmann-pagrepet-i-ungarn","status":"publish","type":"post","link":"https:\/\/www.europesays.com\/no\/132186\/","title":{"rendered":"Krim, Nyhetsvarsel | Etterlyst nordmann p\u00e5grepet i Ungarn"},"content":{"rendered":"\n<p>\u2013 Godt samarbeid mellom Oslo politidistrikt og ungarsk politi resulterte nylig i p\u00e5gripelse av en norsk statsborger som har v\u00e6rt etterlyst for soning av en lengre narkotikadom, skriver politiadvokat Marie Steen Habberstad i en pressemelding.<\/p>\n<p><b>Les ogs\u00e5: <a class=\"simple-relation related-teaser article--c-eRUmMG article--c-eRUmMG-fZoQSp-design-nettavisen article--c-eRUmMG-gwthdJ-cv\" href=\"https:\/\/www.nettavisen.no\/rykket-ut-til-gaffel-slasskamp\/s\/5-95-2814342\" rel=\"nofollow noopener\" target=\"_blank\">Rykket ut til gaffel-sl\u00e5sskamp<\/a><\/b><\/p>\n<p>Etter \u00e5 ha blitt id\u00f8mt en lengre fengselsstraff i en narkotikasak i 2024 forsvant domfelte til utlandet. Han har v\u00e6rt nasjonalt og internasjonalt etterlyst.<\/p>\n<p>I julen fikk politiet informasjon om at den norske statsborgeren kunne befinne seg i Ungarn, og innledet da et samarbeide med ungarsk politi.<\/p>\n<p><b>Les ogs\u00e5: <a class=\"simple-relation related-teaser article--c-eRUmMG article--c-eRUmMG-fZoQSp-design-nettavisen article--c-eRUmMG-gwthdJ-cv\" href=\"https:\/\/www.nettavisen.no\/topp-politiker-kokain-mistenkt\/s\/5-95-2814497\" rel=\"nofollow noopener\" target=\"_blank\">Topp-politiker kokain-mistenkt<\/a><\/b><\/p>\n<p>Etter et tett og godt samarbeid mellom Oslo politidistrikt, Kripos og FAST-teamet i Ungarn ble domfelte p\u00e5grepet i Budapest 7. januar.<\/p>\n<p>Han sitter n\u00e5 fengslet i Ungarn i p\u00e5vente av utlevering til Norge for soning av narkotikadommen.<\/p>\n<p>Politiet ser alvorlig p\u00e5 personer som unndrar seg soning i Norge, og prioriterer h\u00f8yt \u00e5 p\u00e5gripe og fengsle de som har en dom \u00e5 sone, skriver Steen Habberstad.<\/p>\n<p>    Vil du se neste video?<\/p>\n<p>    <a href=\"https:\/\/www.nettavisen.no\/nyheter\/ukrainsk-jagerfly-odelegger-for-vladimir-putin-i-pokrovsk\/v\/5-95-2807927\" class=\"recommend-poster\" data-adp-clicklabel=\"video-recommend\" data-adp-clickvalue=\"poster\" rel=\"nofollow noopener\" target=\"_blank\"><br \/>\n      <img decoding=\"async\" width=\"200\" height=\"200\" loading=\"lazy\" src=\"https:\/\/www.europesays.com\/no\/wp-content\/uploads\/2026\/01\/JAGERFLY+BREDDE.jpg\" alt=\"\" class=\"brick-c-cFOWSL\" style=\"--brick-image-ratio: 200 \/ 200;\"\/><\/p>\n<p>Nye bilder: Rammer Putin hardt0:41<\/p>\n<p>    <\/a><\/p>\n<p>        (Steinkjer-avisa.no): Politiet m\u00e5tte ta i bruk spikermatte da f\u00f8reren ikke stoppet.<\/p>\n","protected":false},"excerpt":{"rendered":"\u2013 Godt samarbeid mellom Oslo politidistrikt og ungarsk politi resulterte nylig i p\u00e5gripelse av en norsk statsborger som&hellip;\n","protected":false},"author":2,"featured_media":3844,"comment_status":"","ping_status":"","sticky":false,"template":"","format":"standard","meta":{"footnotes":""},"categories":[12],"tags":[20,21,24,25,15,22,23,13,30,28,29,14,16,26,27,42,43,44,45],"class_list":{"0":"post-132186","1":"post","2":"type-post","3":"status-publish","4":"format-standard","5":"has-post-thumbnail","7":"category-verden","8":"tag-breaking-news","9":"tag-breakingnews","10":"tag-featured-news","11":"tag-featurednews","12":"tag-headlines","13":"tag-latest-news","14":"tag-latestnews","15":"tag-news","16":"tag-no","17":"tag-norge","18":"tag-norway","19":"tag-nyheter","20":"tag-overskrifter","21":"tag-top-stories","22":"tag-topstories","23":"tag-verden","24":"tag-world","25":"tag-world-news","26":"tag-worldnews"},"share_on_mastodon":{"url":"https:\/\/pubeurope.com\/@no\/115860292385031738","error":""},"_links":{"self":[{"href":"https:\/\/www.europesays.com\/no\/wp-json\/wp\/v2\/posts\/132186","targetHints":{"allow":["GET"]}}],"collection":[{"href":"https:\/\/www.europesays.com\/no\/wp-json\/wp\/v2\/posts"}],"about":[{"href":"https:\/\/www.europesays.com\/no\/wp-json\/wp\/v2\/types\/post"}],"author":[{"embeddable":true,"href":"https:\/\/www.europesays.com\/no\/wp-json\/wp\/v2\/users\/2"}],"replies":[{"embeddable":true,"href":"https:\/\/www.europesays.com\/no\/wp-json\/wp\/v2\/comments?post=132186"}],"version-history":[{"count":0,"href":"https:\/\/www.europesays.com\/no\/wp-json\/wp\/v2\/posts\/132186\/revisions"}],"wp:featuredmedia":[{"embeddable":true,"href":"https:\/\/www.europesays.com\/no\/wp-json\/wp\/v2\/media\/3844"}],"wp:attachment":[{"href":"https:\/\/www.europesays.com\/no\/wp-json\/wp\/v2\/media?parent=132186"}],"wp:term":[{"taxonomy":"category","embeddable":true,"href":"https:\/\/www.europesays.com\/no\/wp-json\/wp\/v2\/categories?post=132186"},{"taxonomy":"post_tag","embeddable":true,"href":"https:\/\/www.europesays.com\/no\/wp-json\/wp\/v2\/tags?post=132186"}],"curies":[{"name":"wp","href":"https:\/\/api.w.org\/{rel}","templated":true}]}}