{"id":132187,"date":"2026-01-08T15:57:12","date_gmt":"2026-01-08T15:57:12","guid":{"rendered":"https:\/\/www.europesays.com\/no\/132187\/"},"modified":"2026-01-08T15:57:12","modified_gmt":"2026-01-08T15:57:12","slug":"jeg-tror-han-er-irritert","status":"publish","type":"post","link":"https:\/\/www.europesays.com\/no\/132187\/","title":{"rendered":"&#8211; Jeg tror han er irritert"},"content":{"rendered":"<p>Tirsdag ble det kjent at Norges Skiforbund hadde tatt ut Mattis Stenshagen og Karoline Simpson-Larsen til OL etter sterke prestasjoner. At Emil Iversen ikke ble tatt ut, skapte <a href=\"https:\/\/www.dagbladet.no\/sport\/kritikken-hagler-forbanna\/84059996\" rel=\"nofollow noopener\" target=\"_blank\">store reaksjoner.<\/a> <\/p>\n<p>Det skj\u00f8nner Ernst A. Lersveen veldig godt.<\/p>\n<p class=\"font-weight-bold m-font-weight-bold\" data-lab-font_weight=\"font-weight-bold\">&#8211; Jeg tror Emil er irritert n\u00e5, og det har han med rette grunn til. Han har god grunn til \u00e5 rope h\u00f8yt. Dette kom som en stor overraskelse, sier han til Dagbladet.<\/p>\n<p>Lersveen har dekket vinteridretter i en mannsalder for TV 2. I dag er han kommentator i Nettavisen.<\/p>\n<p>&#8211; Jeg hadde trodd Iversen kom til \u00e5 bli tatt ut siden han har levert bra, og derfor er det rart. Han m\u00e5 oppleve dette som en mistillit.<\/p>\n<p>  Dagbladet har v\u00e6rt i kontakt med Norges Skiforbund, som ikke \u00f8nsker \u00e5 svare p\u00e5 kritikken, men viser til uttalelsene i pressemeldingen (lenger ned i saken).  <\/p>\n<p>        <img loading=\"lazy\" decoding=\"async\" src=\"https:\/\/www.europesays.com\/no\/wp-content\/uploads\/2026\/01\/84065913.webp.webp\" width=\"667\" height=\"381\" title=\"M\u00c5 VENTE: Emil Iversen er forel\u00f8pig ikke tatt ut til OL. Det skaper reaksjoner. Foto: Terje Pedersen \/ NTB\" alt=\"\" class=\"\" style=\"--aspect-ratio-image: 1.75; \"\/><\/p>\n<p>\n        M\u00c5 VENTE: Emil Iversen er forel\u00f8pig ikke tatt ut til OL. Det skaper reaksjoner. Foto: Terje Pedersen \/ NTB\n    <\/p>\n<p>&#8211; Har levert stabilt\t<\/p>\n<p>Lersveen trekker fram at i den norske herretroppen har alle vunnet verdenscuprenn.<\/p>\n<p>&#8211; Hvis det er kravet, blir det vrient for Iversen. Det kan v\u00e6re at de er i tvil om han er god nok til \u00e5 representere Norge i OL. Det synes jeg det ikke er noen grunn til n\u00e5. Han har levert stabilt p\u00e5 et h\u00f8yt niv\u00e5 denne vinteren. De som tar ut, tenker nok over hva Iversen kan prestere i OL, og om han kan vinne.<\/p>\n<p>    <a itemprop=\"url\" href=\"https:\/\/www.dagbladet.no\/sport\/null-tvil-nei-1\/84062167\" rel=\"nofollow noopener\" target=\"_blank\"><\/p>\n<p>        <img loading=\"lazy\" decoding=\"async\" src=\"https:\/\/www.europesays.com\/no\/wp-content\/uploads\/2026\/01\/1767887831_323_84063307.webp.webp\" width=\"980\" height=\"441\" title=\"Null tvil: - Nei!\" alt=\"\" class=\"lazyload\" style=\"--aspect-ratio-image: 2.22; \"\/><\/p>\n<p>        Null tvil: &#8211; Nei!<\/p>\n<p>    <\/a><\/p>\n<p>Kommentatoren spekulerer ogs\u00e5 p\u00e5 om det kan p\u00e5g\u00e5 en maktkamp mellom Eirik Myhr Nossum og distansel\u00f8perne hans, og Arild Monsen og sprintl\u00f8perne hans.<\/p>\n<p>&#8211; Det er mangel p\u00e5 sprintere i troppen. Vi vet ikke hvordan \u00d8stberg Amundsen er i sprint, og da st\u00e5r de bare igjen med Kl\u00e6bo og Valnes, sier Lersveen.<\/p>\n<p>        Kristin Austgulen Fosn\u00e6s mistet synet etter 20-kilometeren i Tour de Ski. Video: L\u00f8k\u00e5s\/Haarstad<\/p>\n<p>&#8211; Tungt og t\u00f8ft\t<\/p>\n<p>Iversen har tre pallplasser i verdenscupen denne sesongen, hvorav to kom i Tour de Ski. Emils pappa, Ole Morten Iversen, er overrasket og skuffet over at s\u00f8nnen ikke er tatt ut.<\/p>\n<p>&#8211; Jeg tror det er tungt og t\u00f8ft \u00e5 g\u00e5 inn i en ny periode med usikkerhet. Det stjeler energi. Det vil ligge \u00e5 gnage i hodet at han g\u00e5r i uvisshet. Det blir ikke en optimal oppladning, uansett om han gj\u00f8r alt riktig fysisk, forteller han til NRK.<\/p>\n<p>Stenshagen sier til Dagbladet at han f\u00f8ler med Iversen.<\/p>\n<p>&#8211; Det koster \u00e5 st\u00e5 i s\u00e5nne uttakssituasjoner. Det har jeg kjent p\u00e5 selv. N\u00e5r han ikke blir tatt ut, er det klart at det er tungt \u00e5 st\u00e5 i, sier Stenshagen.<\/p>\n<p>&#8211; Emil Iversen burde ogs\u00e5 f\u00e5tt klarsignal n\u00e5. Han m\u00e5 i hvert fall slippe \u00e5 dokumentere form i NM. Det beste for Emil er \u00e5 komme seg p\u00e5 trening i h\u00f8yden, slik at han uansett kan stille maksimalt forberedt til OL om en m\u00e5ned, sier Dagbladet-kommentator Esten O. S\u00e6ther.<\/p>\n<p>Onsdag ble det klart at Iversen har besluttet \u00e5 <a href=\"https:\/\/www.dagbladet.no\/sport\/adressa-star-over-nm\/84068232\" rel=\"nofollow noopener\" target=\"_blank\">droppe NM<\/a> i Steinkjer seinere i januar. Han vil heller forberede seg til et mulig OL.\u00a0<\/p>\n<p>&#8211; Det blir ikke NM. H\u00f8yde og forberede seg som om han er tatt ut, skriver Iversens trener Trond Nystad til Adresseavisen.\u00a0<\/p>\n<p>        <img loading=\"lazy\" decoding=\"async\" src=\"https:\/\/www.europesays.com\/no\/wp-content\/uploads\/2026\/01\/84065965.webp.webp\" width=\"667\" height=\"381\" title=\"FAR OG S\u00d8NN: Emil Iversen og pappa Ole Morten Iversen i 2019. Foto: Terje Pedersen\/NTB\" alt=\"\" class=\"\" style=\"--aspect-ratio-image: 1.75; \"\/><\/p>\n<p>\n        FAR OG S\u00d8NN: Emil Iversen og pappa Ole Morten Iversen i 2019. Foto: Terje Pedersen\/NTB\n    <\/p>\n<p>Disse er tatt ut\t<\/p>\n<p>Landslagssjef Per Elias Kalfoss sier de skal ta ut det beste laget Norge kan stille med i OL.<\/p>\n<p class=\"font-weight-bold m-font-weight-bold\" data-lab-font_weight=\"font-weight-bold\">&#8211; Det inneb\u00e6rer at vi m\u00e5 se p\u00e5 helheten og hvordan vi kan prestere s\u00e5 bra som mulig p\u00e5 alle distanser, sier Kalfoss.<\/p>\n<p>Disse ut\u00f8verne har f\u00e5tt OL-plass: Harald \u00d8stberg Amundsen, Einar Hedegart, Johannes H\u00f8sflot Kl\u00e6bo, Martin L\u00f8wstr\u00f8m Nyenget, Erik Valnes, Mattis Stenshagen, Kristine Stav\u00e5s Skistad, Astrid \u00d8yre Slind, Heidi Weng og Karoline Simpson-Larsen.<\/p>\n<p>Det er en dr\u00f8y m\u00e5ned til vinter-OL i Milano og Cortina starter.<\/p>\n<p> Dagbladet har fors\u00f8kt \u00e5 komme i kontakt med Iversen, uten \u00e5 lykkes. <\/p>\n<p>    <a itemprop=\"url\" href=\"https:\/\/www.dagbladet.no\/sport\/ikke-skjedd-pa-24-ar\/84063150\" rel=\"nofollow noopener\" target=\"_blank\"><\/p>\n<p>        <img loading=\"lazy\" decoding=\"async\" src=\"https:\/\/www.europesays.com\/no\/wp-content\/uploads\/2026\/01\/84063523.webp.webp\" width=\"980\" height=\"441\" title=\"Ikke skjedd p\u00e5 24 \u00e5r\" alt=\"\" class=\"lazyload\" style=\"--aspect-ratio-image: 2.22; \"\/><\/p>\n<p>        Ikke skjedd p\u00e5 24 \u00e5r<\/p>\n<p>    <\/a><\/p>\n<p>Har ikke f\u00e5tt tak i ham\t<\/p>\n<p>Onsdag morgen sier Iversens trener, Trond Nystad, til<a href=\"https:\/\/www.adressa.no\/sport\/ol\/i\/XMgrPW\/treneren-ber-iversen-droppe-nm\" rel=\"nofollow noopener\" target=\"_blank\"> Adresseavisen<\/a> at han ikke har f\u00e5tt tak i skil\u00f8peren.<\/p>\n<p>&#8211; Jeg satser p\u00e5 at han ringer i l\u00f8pet av dagen.<\/p>\n<p>Under Tour de Ski ga Iversen uttrykk for at han ikke har s\u00e5 lyst til \u00e5 dra til NM p\u00e5 Steinkjer. Han vil heller p\u00e5 h\u00f8ydesamling med Johannes H\u00f8sflot Kl\u00e6bo, som vant Tour de Ski for femte gang.<\/p>\n<p>&#8211; Min innstilling er \u00e5 droppe NM og reise til h\u00f8yden, melder Nystad.<\/p>\n<p>Onsdag ble det alts\u00e5 klart at det er nettopp det som skjer.\u00a0<\/p>\n","protected":false},"excerpt":{"rendered":"Tirsdag ble det kjent at Norges Skiforbund hadde tatt ut Mattis Stenshagen og Karoline Simpson-Larsen til OL etter&hellip;\n","protected":false},"author":2,"featured_media":132188,"comment_status":"","ping_status":"","sticky":false,"template":"","format":"standard","meta":{"footnotes":""},"categories":[59],"tags":[3647,398,30,28,29,526,83,82,399],"class_list":{"0":"post-132187","1":"post","2":"type-post","3":"status-publish","4":"format-standard","5":"has-post-thumbnail","7":"category-sport","8":"tag-emil-iversen","9":"tag-langrenn","10":"tag-no","11":"tag-norge","12":"tag-norway","13":"tag-ol","14":"tag-sport","15":"tag-sports","16":"tag-vintersport"},"share_on_mastodon":{"url":"https:\/\/pubeurope.com\/@no\/115860304252649236","error":""},"_links":{"self":[{"href":"https:\/\/www.europesays.com\/no\/wp-json\/wp\/v2\/posts\/132187","targetHints":{"allow":["GET"]}}],"collection":[{"href":"https:\/\/www.europesays.com\/no\/wp-json\/wp\/v2\/posts"}],"about":[{"href":"https:\/\/www.europesays.com\/no\/wp-json\/wp\/v2\/types\/post"}],"author":[{"embeddable":true,"href":"https:\/\/www.europesays.com\/no\/wp-json\/wp\/v2\/users\/2"}],"replies":[{"embeddable":true,"href":"https:\/\/www.europesays.com\/no\/wp-json\/wp\/v2\/comments?post=132187"}],"version-history":[{"count":0,"href":"https:\/\/www.europesays.com\/no\/wp-json\/wp\/v2\/posts\/132187\/revisions"}],"wp:featuredmedia":[{"embeddable":true,"href":"https:\/\/www.europesays.com\/no\/wp-json\/wp\/v2\/media\/132188"}],"wp:attachment":[{"href":"https:\/\/www.europesays.com\/no\/wp-json\/wp\/v2\/media?parent=132187"}],"wp:term":[{"taxonomy":"category","embeddable":true,"href":"https:\/\/www.europesays.com\/no\/wp-json\/wp\/v2\/categories?post=132187"},{"taxonomy":"post_tag","embeddable":true,"href":"https:\/\/www.europesays.com\/no\/wp-json\/wp\/v2\/tags?post=132187"}],"curies":[{"name":"wp","href":"https:\/\/api.w.org\/{rel}","templated":true}]}}