{"id":13219,"date":"2025-08-20T13:41:08","date_gmt":"2025-08-20T13:41:08","guid":{"rendered":"https:\/\/www.europesays.com\/no\/13219\/"},"modified":"2025-08-20T13:41:08","modified_gmt":"2025-08-20T13:41:08","slug":"her-signerer-nikolai-21-fra-tromso-avtalen-som-gjor-han-kan-leve-av-lidenskapen-itromso-no","status":"publish","type":"post","link":"https:\/\/www.europesays.com\/no\/13219\/","title":{"rendered":"(+) Her signerer Nikolai (21) fra Troms\u00f8 avtalen som gj\u00f8r han kan leve av lidenskapen &#8211; itromso.no"},"content":{"rendered":"<ol>\n<li><a href=\"https:\/\/news.google.com\/rss\/articles\/CBMiuwFBVV95cUxNTGFES09nN09WSkt0ZXpZNEN5bHJqQVBzdHlSUFJ1bVNWWjlyclg5WFhmQVpqeURGRnJXMXUzcWNEVzFpSkVUUFlqNkFZOVdGMDRyVkNHWmxrcGZqQ1dBSmtCblBhdlZOUTk1RGFldnk3MFJXTnRCMDlNeEw3WkVTTGhFLXdtTEF4OEVucmM0SE5Ob3RKeFY3Z2NhbFNKcG9uckYzWVJ6dWtoSUwwRllpNkFWV3QyWlpoQ25v?oc=5\" target=\"_blank\" rel=\"nofollow noopener\">(+) Her signerer Nikolai (21) fra Troms\u00f8 avtalen som gj\u00f8r han kan leve av lidenskapen<\/a>&nbsp;&nbsp;itromso.no<\/li>\n<li><a href=\"https:\/\/news.google.com\/rss\/articles\/CBMiqgFBVV95cUxQS2xWQ3JCOUgyeEFONHdvVnFIYldRaExyVnhBbThUaUcyTDR5MGd1ZUI2QzBOM0twY0ZXM2N2UzNldmluRGRSNEVIYnoxQUtHVXBCRTlmcmVPU3gzUm1fYkRsS2Q5cnRldmZQVnNsSlc5SjFZejl2OWtxeGNydEpRUWdadjNTSTZpajV0QkdaRXozZnhyT1lsSmJHZ240V0dlcnM2YWtzcjItZw?oc=5\" target=\"_blank\" rel=\"nofollow noopener\">Signerer sin f\u00f8rste proffkontrakt med FFK: &#8211; Gleder meg til veien videre<\/a>&nbsp;&nbsp;fredrikstadfk.no<\/li>\n<li><a href=\"https:\/\/news.google.com\/rss\/articles\/CBMiekFVX3lxTE9ob0FFQkRkWlp0Qm5qbkkwdVdPaUpiQWVmdHR4bmEyZ0t2aDVSYVlIT3luMnVfVU1SbERJdkd0SmgtOUxpU2R2NWNJVXZLcUJzQlg1bjB6QTdNbGxVWmgtcUxrc18yd1ZJT1I0NTBWRHlJTm5ybGxRODNB?oc=5\" target=\"_blank\" rel=\"nofollow noopener\">FFK, Fotball | Nikolai (21) p\u00e5 vei til FFK: \u2013 Fantastisk<\/a>&nbsp;&nbsp;Fredriksstad Blad<\/li>\n<li><a href=\"https:\/\/news.google.com\/rss\/articles\/CBMikgFBVV95cUxQaWp5TVR3TUpLM2FsU1pwaU10dldQVS1RVy1HRTV6bzg4MVRaZEJkRmkydHo4aE81R1BJMkRodHhsTDVMeDhyNE1RWVFCSG5xbnNmZ0tySTdqMDRXVzZzZWtHc0NiT2VsOWJ5cXExRmtvVm1uMlZNeHhYTW1ianY2clYyWUJqTElFVXNTd0RJLUlJQQ?oc=5\" target=\"_blank\" rel=\"nofollow noopener\">(+) Troms\u00f8-gutten Nikolai (21) klar for eliteserieklubb<\/a>&nbsp;&nbsp;itromso.no<\/li>\n<li><a href=\"https:\/\/news.google.com\/rss\/articles\/CBMijwFBVV95cUxObXR5Sm9LeW9XVE01aG03LVVWYmpJUFdoLWZrRzF2eEx4eG1ob1F1OEIzVWFjNVpOakREc3JZYnl3ZUtzcVdmMWxiV1cwWHJ0ODFSN1VJYVNyZmNWeW9zcjgzam9wZ0RhWGduOHVjMWlqV3NUblQ4UmwwcVFPelJFVGFRZXdMTVFhN21NVk9fbw?oc=5\" target=\"_blank\" rel=\"nofollow noopener\">IF Fl\u00f8ya, Nikolai Botchway | Nikolai (21) p\u00e5 vei til eliteserieklubb: \u2013 Fantastisk<\/a>&nbsp;&nbsp;Nordlys<\/li>\n<\/ol>\n","protected":false},"excerpt":{"rendered":"(+) Her signerer Nikolai (21) fra Troms\u00f8 avtalen som gj\u00f8r han kan leve av lidenskapen&nbsp;&nbsp;itromso.no Signerer sin f\u00f8rste&hellip;\n","protected":false},"author":2,"featured_media":13220,"comment_status":"","ping_status":"","sticky":false,"template":"","format":"standard","meta":{"footnotes":""},"categories":[59],"tags":[2563,2562,92,757,2561,30,28,29,83,82,263],"class_list":{"0":"post-13219","1":"post","2":"type-post","3":"status-publish","4":"format-standard","5":"has-post-thumbnail","7":"category-sport","8":"tag-4-divisjon","9":"tag-floya","10":"tag-fotball","11":"tag-fredrikstad","12":"tag-hamna","13":"tag-no","14":"tag-norge","15":"tag-norway","16":"tag-sport","17":"tag-sports","18":"tag-tromso"},"share_on_mastodon":{"url":"","error":""},"_links":{"self":[{"href":"https:\/\/www.europesays.com\/no\/wp-json\/wp\/v2\/posts\/13219","targetHints":{"allow":["GET"]}}],"collection":[{"href":"https:\/\/www.europesays.com\/no\/wp-json\/wp\/v2\/posts"}],"about":[{"href":"https:\/\/www.europesays.com\/no\/wp-json\/wp\/v2\/types\/post"}],"author":[{"embeddable":true,"href":"https:\/\/www.europesays.com\/no\/wp-json\/wp\/v2\/users\/2"}],"replies":[{"embeddable":true,"href":"https:\/\/www.europesays.com\/no\/wp-json\/wp\/v2\/comments?post=13219"}],"version-history":[{"count":0,"href":"https:\/\/www.europesays.com\/no\/wp-json\/wp\/v2\/posts\/13219\/revisions"}],"wp:featuredmedia":[{"embeddable":true,"href":"https:\/\/www.europesays.com\/no\/wp-json\/wp\/v2\/media\/13220"}],"wp:attachment":[{"href":"https:\/\/www.europesays.com\/no\/wp-json\/wp\/v2\/media?parent=13219"}],"wp:term":[{"taxonomy":"category","embeddable":true,"href":"https:\/\/www.europesays.com\/no\/wp-json\/wp\/v2\/categories?post=13219"},{"taxonomy":"post_tag","embeddable":true,"href":"https:\/\/www.europesays.com\/no\/wp-json\/wp\/v2\/tags?post=13219"}],"curies":[{"name":"wp","href":"https:\/\/api.w.org\/{rel}","templated":true}]}}