{"id":132191,"date":"2026-01-08T16:01:09","date_gmt":"2026-01-08T16:01:09","guid":{"rendered":"https:\/\/www.europesays.com\/no\/132191\/"},"modified":"2026-01-08T16:01:09","modified_gmt":"2026-01-08T16:01:09","slug":"etterlatte-og-parorende-gar-til-soksmal-etter-brannen-i-crans-montana","status":"publish","type":"post","link":"https:\/\/www.europesays.com\/no\/132191\/","title":{"rendered":"Etterlatte og p\u00e5r\u00f8rende g\u00e5r til s\u00f8ksm\u00e5l etter brannen i Crans-Montana"},"content":{"rendered":"\n<p class=\"_lead_o9xde_2 _lead_xtcu6_50 layout-component text-serif-m layout-normal text-serif-l layout-component layout-wide layout-padded _wide_17hqh_1 layout-padded\">Flere etterlatte og p\u00e5r\u00f8rende til de d\u00f8de og skadede i storbrannen p\u00e5 et utested i Sveits nytt\u00e5rsnatten har sendt inn et s\u00f8ksm\u00e5l mot \u00abde ansvarlige\u00bb.<\/p>\n<p><img alt=\"Plakater med flaggene til mange av landene ofrene kom fra, samt store mengder lys og blomster, utenfor utestedet Le Constellation.  Foto: Cyril Zingaro \/ Keystone via AP \/ NTB\" class=\"_image_qp4xg_65 layout-component layout-wide\" data-fullscreen- data-track-element-type=\"Article image fullscreen\" data-track-name=\"ImageFullscreen\" fetchpriority=\"high\" decoding=\"sync\" loading=\"eager\" height=\"4000\" itemprop=\"image\"  src=\"https:\/\/www.europesays.com\/no\/wp-content\/uploads\/2026\/01\/a5583abf-14fb-49c1-857a-bad06bc6cfe8.png\"  style=\"object-position:0% 0%\" width=\"6000\"\/>Plakater med flaggene til mange av landene ofrene kom fra, samt store mengder lys og blomster, utenfor utestedet Le Constellation.  Foto: Cyril Zingaro \/ Keystone via AP \/ NTB<\/p>\n<ul aria-hidden=\"true\" class=\"_images_ntbth_112\">\n<li><a class=\"_link_ntbth_117\" href=\"https:\/\/www.vg.no\/forfatter\/ntb\" style=\"z-index:1\" title=\"NTB\" rel=\"nofollow noopener\" target=\"_blank\"><img alt=\"Bilde av NTB\" class=\"_image_ntbth_93\" fetchpriority=\"low\" loading=\"lazy\" decoding=\"async\" itemprop=\"image\"  src=\"https:\/\/www.europesays.com\/no\/wp-content\/uploads\/2026\/01\/1767888069_778_c33980b0-5d07-4027-84a1-813f90a7c8d6.png\"  width=\"480\"\/><\/a><\/li>\n<\/ul>\n<p> Oppdatert torsdag 8. januar kl. 13:59     <\/p>\n<p class=\"_paragraph_o9xde_4 _paragraph_xtcu6_10 layout-component text-serif-m layout-normal text-serif-m layout-padded\">Advokaten Romain Jordan, som leder an i s\u00f8ksm\u00e5let, \u00f8nsker ikke \u00e5 spesifisere hvem det rettes mot, kun mot \u00aballe de ansvarlige, uten unntak\u00bb. <\/p>\n<p class=\"_paragraph_o9xde_4 _paragraph_xtcu6_10 layout-component text-serif-m layout-normal text-serif-m layout-padded\">40 mennesker omkom i brannen p\u00e5 utestedet Le Constellation i skibygda Crans-Montana nytt\u00e5rsaften, den yngste av dem en 14 \u00e5r gammel sveitsisk jente. 116 ble skadet i brannen, mange av disse er fortsatt p\u00e5 sykehus.<\/p>\n<p class=\"_paragraph_o9xde_4 _paragraph_xtcu6_10 layout-component text-serif-m layout-normal text-serif-m layout-padded\">Kriminaletterforskningen av brannen gjelder kun eierne av utestedet, som er mistenkt for blant annet uaktsomt drap. Det er imidlertid ogs\u00e5 mange sp\u00f8rsm\u00e5l knyttet til myndighetens ansvar, s\u00e6rlig etter at ordf\u00f8reren i Crans-Montana tirsdag innr\u00f8mmet at siste branninspeksjon p\u00e5 utestedet var helt tilbake i 2019.<\/p>\n<p class=\"_paragraph_o9xde_4 _paragraph_xtcu6_10 layout-component text-serif-m layout-normal text-serif-m layout-padded\">En advokat som kringkasteren <a href=\"https:\/\/www.srf.ch\/news\/schweiz\/katastrophe-mit-40-toten-staatshaftungsklage-gegen-gemeinde-crans-montana-wird-vorbereitet\" class=\"_link_o9xde_39\" rel=\"nofollow noopener\" target=\"_blank\">SRF<\/a> har snakket med, ansl\u00e5r at erstatningsbel\u00f8pene for personskader fra brannen alene kan forl\u00f8pe til flere hundre millioner sveitsiske franc \u2013 der \u00e9n franc er verdt dr\u00f8yt 12,7 kroner. I tillegg er det mange andre former for erstatning som kan bli aktuelt.<\/p>\n<p class=\"_paragraph_o9xde_4 _paragraph_xtcu6_10 layout-component text-serif-m layout-normal text-serif-m layout-padded\">Fredag skal det v\u00e6re nasjonal s\u00f8rgedag i <a href=\"https:\/\/www.vg.no\/tag\/sveits?utm_source=vg-article&amp;utm_medium=auto-tagger&amp;utm_campaign=y53edK\" class=\"_link_o9xde_39\" rel=\"nofollow noopener\" target=\"_blank\">Sveits<\/a>, med en stor minneseremoni i byen Martigny noen mil lenger ned i dalen fra Crans-Montana. <\/p>\n<p class=\"_paragraph_o9xde_4 _paragraph_xtcu6_10 layout-component text-serif-m layout-normal text-serif-m layout-padded\">En rekke sveitsiske og internasjonale toppolitikere ventes \u00e5 delta. Blant dem er Frankrikes president Emmanuel Macron, Italias president Sergio Mattarella, Luxembourgs erkehertug Henri, Belgias statsminister Bart De Wever og EU-parlamentets president Roberta Metsola, skriver <a href=\"https:\/\/www.srf.ch\/news\/schweiz\/trauerfeier-am-freitag-bundesraete-und-staatsoberhaeupter-werden-in-martigny-erwartet\" class=\"_link_o9xde_39\" rel=\"nofollow noopener\" target=\"_blank\">SRF <\/a> i en annen sak.<\/p>\n<p class=\"_paragraph_o9xde_4 _paragraph_xtcu6_10 layout-component text-serif-m layout-normal text-serif-m layout-padded\">Det skal ogs\u00e5 v\u00e6re et minutts nasjonal stillhet i Sveits klokken 14 fredag.<\/p>\n","protected":false},"excerpt":{"rendered":"Flere etterlatte og p\u00e5r\u00f8rende til de d\u00f8de og skadede i storbrannen p\u00e5 et utested i Sveits nytt\u00e5rsnatten har&hellip;\n","protected":false},"author":2,"featured_media":132192,"comment_status":"","ping_status":"","sticky":false,"template":"","format":"standard","meta":{"footnotes":""},"categories":[12],"tags":[20,21,14898,24,25,15,22,23,13,30,28,29,14,16,209,26,27,42,43,44,45],"class_list":{"0":"post-132191","1":"post","2":"type-post","3":"status-publish","4":"format-standard","5":"has-post-thumbnail","7":"category-verden","8":"tag-breaking-news","9":"tag-breakingnews","10":"tag-dodsbrannen-i-sveits","11":"tag-featured-news","12":"tag-featurednews","13":"tag-headlines","14":"tag-latest-news","15":"tag-latestnews","16":"tag-news","17":"tag-no","18":"tag-norge","19":"tag-norway","20":"tag-nyheter","21":"tag-overskrifter","22":"tag-sveits","23":"tag-top-stories","24":"tag-topstories","25":"tag-verden","26":"tag-world","27":"tag-world-news","28":"tag-worldnews"},"share_on_mastodon":{"url":"https:\/\/pubeurope.com\/@no\/115860319980395864","error":""},"_links":{"self":[{"href":"https:\/\/www.europesays.com\/no\/wp-json\/wp\/v2\/posts\/132191","targetHints":{"allow":["GET"]}}],"collection":[{"href":"https:\/\/www.europesays.com\/no\/wp-json\/wp\/v2\/posts"}],"about":[{"href":"https:\/\/www.europesays.com\/no\/wp-json\/wp\/v2\/types\/post"}],"author":[{"embeddable":true,"href":"https:\/\/www.europesays.com\/no\/wp-json\/wp\/v2\/users\/2"}],"replies":[{"embeddable":true,"href":"https:\/\/www.europesays.com\/no\/wp-json\/wp\/v2\/comments?post=132191"}],"version-history":[{"count":0,"href":"https:\/\/www.europesays.com\/no\/wp-json\/wp\/v2\/posts\/132191\/revisions"}],"wp:featuredmedia":[{"embeddable":true,"href":"https:\/\/www.europesays.com\/no\/wp-json\/wp\/v2\/media\/132192"}],"wp:attachment":[{"href":"https:\/\/www.europesays.com\/no\/wp-json\/wp\/v2\/media?parent=132191"}],"wp:term":[{"taxonomy":"category","embeddable":true,"href":"https:\/\/www.europesays.com\/no\/wp-json\/wp\/v2\/categories?post=132191"},{"taxonomy":"post_tag","embeddable":true,"href":"https:\/\/www.europesays.com\/no\/wp-json\/wp\/v2\/tags?post=132191"}],"curies":[{"name":"wp","href":"https:\/\/api.w.org\/{rel}","templated":true}]}}