{"id":132193,"date":"2026-01-08T16:04:10","date_gmt":"2026-01-08T16:04:10","guid":{"rendered":"https:\/\/www.europesays.com\/no\/132193\/"},"modified":"2026-01-08T16:04:10","modified_gmt":"2026-01-08T16:04:10","slug":"tidligere-premier-league-dommer-david-coote-slipper-fengselsstraff","status":"publish","type":"post","link":"https:\/\/www.europesays.com\/no\/132193\/","title":{"rendered":"Tidligere Premier League-dommer David Coote slipper fengselsstraff"},"content":{"rendered":"\n<p class=\"_lead_o9xde_2 _lead_xtcu6_50 layout-component text-serif-m layout-normal text-serif-l layout-component layout-wide layout-padded _wide_17hqh_1 layout-padded\">Den tidligere Premier League-dommeren David Coote m\u00f8tte i retten torsdag morgen. 43-\u00e5ringen er d\u00f8mt til to \u00e5rs betinget fengselsstraff. <\/p>\n<p><img alt=\" Foto: Nigel French \/ Pa Photos \/ NTB\" class=\"_image_qp4xg_65 layout-component layout-wide\" data-fullscreen- data-track-element-type=\"Article image fullscreen\" data-track-name=\"ImageFullscreen\" fetchpriority=\"high\" decoding=\"sync\" loading=\"eager\" height=\"2453\" itemprop=\"image\"  src=\"https:\/\/www.europesays.com\/no\/wp-content\/uploads\/2026\/01\/26313b3f-30e2-44e4-9dfd-687564160061.jpeg\"  style=\"object-position:0% 0%\" width=\"3552\"\/> Foto: Nigel French \/ Pa Photos \/ NTB<\/p>\n<ul aria-hidden=\"true\" class=\"_images_ntbth_112\">\n<li><a class=\"_link_ntbth_117\" href=\"https:\/\/www.vg.no\/forfatter\/herman-kristoffersen-boerresen\" style=\"z-index:1\" title=\"Herman Kristoffersen B\u00f8rresen\" rel=\"nofollow noopener\" target=\"_blank\"><img alt=\"Bilde av Herman Kristoffersen B\u00f8rresen\" class=\"_image_ntbth_93\" fetchpriority=\"low\" loading=\"lazy\" decoding=\"async\" itemprop=\"image\"  src=\"https:\/\/www.europesays.com\/no\/wp-content\/uploads\/2026\/01\/48824835-8c7c-49b5-9708-6ecdd10ff3c8.png\"  width=\"480\"\/><\/a><\/li>\n<\/ul>\n<p> Oppdatert torsdag 8. januar kl. 15:09    <\/p>\n<ul class=\"_list_o9xde_3 _list_64s2r_85 _unordered_o9xde_106 text-sans-m\">\n<li class=\"_item_o9xde_30\">Tidligere Premier League-dommer David Coote (43) er d\u00f8mt til to \u00e5rs betinget fengsel.<\/li>\n<li class=\"_item_o9xde_30\">Coote erkjente straffskyld for en video som viser et barn p\u00e5 en uanstendig m\u00e5te.<\/li>\n<li class=\"_item_o9xde_30\">Han har ogs\u00e5 f\u00e5tt 150 timer samfunnsstraff og et ti\u00e5rig forbud mot kontakt og atferd for \u00e5 forebygge seksuelle overgrep.<\/li>\n<\/ul>\n<p>Vis mer <\/p>\n<p class=\"_paragraph_o9xde_4 _paragraph_xtcu6_10 layout-component text-serif-m layout-normal text-serif-m layout-padded\">Den tidligere fotballdommeren Coote (43) erkjente i h\u00f8st straffskyld i forbindelse med en video som viser et barn p\u00e5 en uanstendig m\u00e5te. N\u00e5 er dommen klar.<\/p>\n<p class=\"_paragraph_o9xde_4 _paragraph_xtcu6_10 layout-component text-serif-m layout-normal text-serif-m layout-padded\">Coote er blitt d\u00f8mt til to \u00e5r betinget fengsel, if\u00f8lge<a href=\"https:\/\/www.bbc.com\/news\/live\/cn40yxg2glkt\" class=\"_link_o9xde_39\" rel=\"nofollow noopener\" target=\"_blank\"> BBC News<\/a> og flere britiske medier. Dermed slipper Coote \u00e5 sone ni m\u00e5neder i fengsel, som f\u00f8rst bestemt.<\/p>\n<p class=\"_paragraph_o9xde_4 _paragraph_xtcu6_10 layout-component text-serif-m layout-normal text-serif-m layout-padded\">43-\u00e5ringen m\u00f8tte ved Nottingham Crown Court torsdag morgen for \u00e5 f\u00e5 sin straff.<\/p>\n<p class=\"_paragraph_o9xde_4 _paragraph_xtcu6_10 layout-component text-serif-m layout-normal text-serif-m layout-padded\">Den 43 \u00e5r gamle mannen ble ogs\u00e5 ilagt et kontakt- og atferdsforbud for \u00e5 forebygge seksuelle overgrep med en varighet p\u00e5 ti \u00e5r.<\/p>\n<p class=\"_paragraph_o9xde_4 _paragraph_xtcu6_10 layout-component text-serif-m layout-normal text-serif-m layout-padded\">I tillegg er Coote d\u00f8mt til 150 timer samfunnsstraff.<\/p>\n<p class=\"_paragraph_o9xde_4 _paragraph_xtcu6_10 layout-component text-serif-m layout-normal text-serif-m layout-padded\">Politiet ble oppmerksomme p\u00e5 den aktuelle videoen da Englands fotballforbund (FA) etterforsket Coote i forbindelse med en gamblingsak.<\/p>\n<p><img alt=\"David Coote ankommer retten sammen med sin advokat Paul Armstrong.  Foto: Peter Cziborra \/ Reuters \/ NTB\" class=\"_image_qp4xg_65 layout-component layout-normal\" data-fullscreen- data-track-element-type=\"Article image fullscreen\" data-track-name=\"ImageFullscreen\" decoding=\"async\" loading=\"lazy\" height=\"2513\" itemprop=\"image\"  src=\"https:\/\/www.europesays.com\/no\/wp-content\/uploads\/2026\/01\/41f191a7-78f8-4534-932d-3ab8eb5a55f7.jpeg\"  style=\"object-position:0% 0%\" width=\"3633\"\/>David Coote ankommer retten sammen med sin advokat Paul Armstrong.  Foto: Peter Cziborra \/ Reuters \/ NTB<\/p>\n<p class=\"_paragraph_o9xde_4 _paragraph_xtcu6_10 layout-component text-serif-m layout-normal text-serif-m layout-padded\">Coote d\u00f8mte sin f\u00f8rste <a href=\"https:\/\/www.vg.no\/tag\/premier-league?utm_source=vg-article&amp;utm_medium=auto-tagger&amp;utm_campaign=Pd962b\" class=\"_link_o9xde_39\" rel=\"nofollow noopener\" target=\"_blank\">Premier League<\/a>-kamp i april 2018 og hadde ansvaret for mer enn 100 kamper p\u00e5 \u00f8verste niv\u00e5.<\/p>\n<p class=\"_paragraph_o9xde_4 _paragraph_xtcu6_10 layout-component text-serif-m layout-normal text-serif-m layout-padded\">Han fikk sparken i 2024 etter at <a href=\"https:\/\/www.vg.no\/sport\/i\/yEPKO2\/tidligere-premier-league-dommer-idoemt-utestengelse-etter-klopp-video\" data-track-element-type=\"Link\" data-track-id=\"link:yEPKO2\" class=\"_link_o9xde_39\" rel=\"nofollow noopener\" target=\"_blank\">uttalelser han kom med i en video om Liverpools tidligere manager J\u00fcrgen Klopp i 2020, ble kjent.<\/a><\/p>\n<p class=\"_paragraph_o9xde_4 _paragraph_xtcu6_10 layout-component text-serif-m layout-normal text-serif-m layout-padded\">Se videoen under: <\/p>\n","protected":false},"excerpt":{"rendered":"Den tidligere Premier League-dommeren David Coote m\u00f8tte i retten torsdag morgen. 43-\u00e5ringen er d\u00f8mt til to \u00e5rs betinget&hellip;\n","protected":false},"author":2,"featured_media":132194,"comment_status":"","ping_status":"","sticky":false,"template":"","format":"standard","meta":{"footnotes":""},"categories":[59],"tags":[92,30,28,29,161,83,82],"class_list":{"0":"post-132193","1":"post","2":"type-post","3":"status-publish","4":"format-standard","5":"has-post-thumbnail","7":"category-sport","8":"tag-fotball","9":"tag-no","10":"tag-norge","11":"tag-norway","12":"tag-premier-league","13":"tag-sport","14":"tag-sports"},"share_on_mastodon":{"url":"https:\/\/pubeurope.com\/@no\/115860331933764398","error":""},"_links":{"self":[{"href":"https:\/\/www.europesays.com\/no\/wp-json\/wp\/v2\/posts\/132193","targetHints":{"allow":["GET"]}}],"collection":[{"href":"https:\/\/www.europesays.com\/no\/wp-json\/wp\/v2\/posts"}],"about":[{"href":"https:\/\/www.europesays.com\/no\/wp-json\/wp\/v2\/types\/post"}],"author":[{"embeddable":true,"href":"https:\/\/www.europesays.com\/no\/wp-json\/wp\/v2\/users\/2"}],"replies":[{"embeddable":true,"href":"https:\/\/www.europesays.com\/no\/wp-json\/wp\/v2\/comments?post=132193"}],"version-history":[{"count":0,"href":"https:\/\/www.europesays.com\/no\/wp-json\/wp\/v2\/posts\/132193\/revisions"}],"wp:featuredmedia":[{"embeddable":true,"href":"https:\/\/www.europesays.com\/no\/wp-json\/wp\/v2\/media\/132194"}],"wp:attachment":[{"href":"https:\/\/www.europesays.com\/no\/wp-json\/wp\/v2\/media?parent=132193"}],"wp:term":[{"taxonomy":"category","embeddable":true,"href":"https:\/\/www.europesays.com\/no\/wp-json\/wp\/v2\/categories?post=132193"},{"taxonomy":"post_tag","embeddable":true,"href":"https:\/\/www.europesays.com\/no\/wp-json\/wp\/v2\/tags?post=132193"}],"curies":[{"name":"wp","href":"https:\/\/api.w.org\/{rel}","templated":true}]}}