{"id":132195,"date":"2026-01-08T16:05:10","date_gmt":"2026-01-08T16:05:10","guid":{"rendered":"https:\/\/www.europesays.com\/no\/132195\/"},"modified":"2026-01-08T16:05:10","modified_gmt":"2026-01-08T16:05:10","slug":"real-housewives-of-orange-county-stjernen-gina-kirschenheiter-41-er-forlovet","status":"publish","type":"post","link":"https:\/\/www.europesays.com\/no\/132195\/","title":{"rendered":"\u00abReal Housewives of Orange County\u00bb-stjernen Gina Kirschenheiter (41) er forlovet"},"content":{"rendered":"<p class=\"kicker \" style=\"\">Gina Kirschenheiter:\u00a0<\/p>\n<p>    \u00abReal Housewives\u00bb-stjernen fikk seg en stor overraskelse p\u00e5 selveste nytt\u00e5rsaften.\u00a0<\/p>\n<p>\n    NYTT STEG: Gina Kirschenheiter og kj\u00e6resten Travis Mullen har tatt et nytt steg i forholdet. Foto: Instagram \/ @ginakirschenheiter\n  <\/p>\n<p>Nytt\u00e5rsaften tok en eventyrlig vending for TV-profilen Gina Kirschenheiter (41), kjent fra den popul\u00e6re realityserien \u00abReal Housewives of Orange County\u00bb.\u00a0<\/p>\n<p>    <a itemprop=\"url\" href=\"https:\/\/www.seher.no\/kjendis\/nrk-profilene-deler-gladnyhet\/84067156\" rel=\"nofollow noopener\" target=\"_blank\"><\/p>\n<p>        <img loading=\"lazy\" decoding=\"async\" src=\"https:\/\/www.europesays.com\/no\/wp-content\/uploads\/2026\/01\/1767888308_153_84067085.webp.webp\" width=\"147\" height=\"100\" title=\"NRK-profilene deler gladnyhet\" alt=\"\" class=\"lazyload\" style=\"--aspect-ratio-image: 1.47; \"\/><\/p>\n<p>        NRK-profilene deler gladnyhet<\/p>\n<p>    <\/a><\/p>\n<p>P\u00e5 en skitur i Big Bear i California gikk kj\u00e6resten Travis Mullen (40) ned p\u00e5 kne og ga stjernen et frieri hun sent vil glemme. Etter seks og et halvt \u00e5r sammen valgte han \u00e5 starte det nye \u00e5ret med et rungende \u00abja\u00bb.\u00a0<\/p>\n<p class=\"font-weight-bold m-font-weight-bold\" data-lab-font_weight=\"font-weight-bold\">&#8211; Jeg var helt i sjokk!\u00a0Nervesystemet mitt pr\u00f8vde \u00e5 fange opp det som nettopp hadde skjedd i dette magiske \u00f8yeblikket. Jeg sa selvf\u00f8lgelig ja, og smeltet inn i det s\u00f8teste kysset jeg noensinne har opplevd, sier hun eksklusivt til <a href=\"https:\/\/people.com\/rhoc-gina-kirschenheiter-engaged-to-travis-mullen-exclusive-11880604\" rel=\"nofollow noopener\" target=\"_blank\">People<\/a>.\u00a0<\/p>\n<p>Ringen er langt fra tilfeldig valgt.\u00a0<\/p>\n<p>P\u00e5 hver side av hoveddiamanten sitter seks mindre stener, \u00e9n for hvert av barna deres, mens den store midtsteinen symboliserer paret samlet som \u00e9n enhet.<\/p>\n<p>        ROMANSERYKTER: Sondre Sundby har endelig f\u00e5tt seg kj\u00e6reste, men r\u00f8per at dama kan bli sjalu p\u00e5 forholdet hans til \u00abFarmen kjendis\u00bb-kollegaen. Reporter: Thea Hope\/Nora Skavhaug. Video: Sanne Holt\/ TV 2\/ R\u00f8d L\u00f8per<\/p>\n<p>Paret har nemlig til sammen seks barn fra tidligere forhold, og alle var med p\u00e5 \u00e5 holde frieriet hemmelig. Eldstedatteren Presley hadde til og med gjemt seg i tr\u00e6rne for \u00e5 forevige \u00f8yeblikket p\u00e5 film.\u00a0<\/p>\n<p class=\"font-weight-bold m-font-weight-bold\" data-lab-font_weight=\"font-weight-bold\">&#8211; Det var helt perfekt. \u00c5 f\u00e5 dele dette som en familie betydde alt for meg. Vi var s\u00e5 glade \u2013 virkelig et \u00f8yeblikk jeg aldri vil glemme, fortsetter hun.\u00a0<\/p>\n<p>Kj\u00e6rlighetshistorien startet gjennom en felles venn, men det var Kirschenheiter selv som tok initiativet og sendte den f\u00f8rste meldingen p\u00e5 Instagram.<\/p>\n<p>        <img loading=\"lazy\" decoding=\"async\" src=\"https:\/\/www.europesays.com\/no\/wp-content\/uploads\/2026\/01\/84069044.webp.webp\" width=\"686\" height=\"501\" title=\"HUSFRUER: Shannon Beador, Tamra Judge, Kelly Dodd og Gina Kirschenheiter har alle v\u00e6rt \u00e5 se i Real Housewives of Orange County. Her er de samlet p\u00e5 et event i 2018. Foto: Broadimage \/ REX \/ NTB\" alt=\"\" class=\"\" style=\"--aspect-ratio-image: 1.37; \"\/><\/p>\n<p>\n        HUSFRUER: Shannon Beador, Tamra Judge, Kelly Dodd og Gina Kirschenheiter har alle v\u00e6rt \u00e5 se i Real Housewives of Orange County. Her er de samlet p\u00e5 et event i 2018. Foto: Broadimage \/ REX \/ NTB\n    <\/p>\n<p>Paret m\u00f8ttes gjennom en felles venn i 2019, og det var Kirschenheiter selv som tok initiativet og sendte den f\u00f8rste meldingen p\u00e5 Instagram.\u00a0<\/p>\n<p>&#8211; Det sa bare klikk med en gang. Vi fikk en umiddelbar connection, forteller hun.<\/p>\n","protected":false},"excerpt":{"rendered":"Gina Kirschenheiter:\u00a0 \u00abReal Housewives\u00bb-stjernen fikk seg en stor overraskelse p\u00e5 selveste nytt\u00e5rsaften.\u00a0 NYTT STEG: Gina Kirschenheiter og kj\u00e6resten&hellip;\n","protected":false},"author":2,"featured_media":132196,"comment_status":"","ping_status":"","sticky":false,"template":"","format":"standard","meta":{"footnotes":""},"categories":[58],"tags":[71,5365,15225,479,2543,30,28,29,15293,2177,9266,72],"class_list":{"0":"post-132195","1":"post","2":"type-post","3":"status-publish","4":"format-standard","5":"has-post-thumbnail","7":"category-underholdning","8":"tag-entertainment","9":"tag-forlovet","10":"tag-glad","11":"tag-kjendis","12":"tag-kjendisdesken","13":"tag-no","14":"tag-norge","15":"tag-norway","16":"tag-real-housewives","17":"tag-reality-tv","18":"tag-realitystjerne","19":"tag-underholdning"},"share_on_mastodon":{"url":"https:\/\/pubeurope.com\/@no\/115860335681822112","error":""},"_links":{"self":[{"href":"https:\/\/www.europesays.com\/no\/wp-json\/wp\/v2\/posts\/132195","targetHints":{"allow":["GET"]}}],"collection":[{"href":"https:\/\/www.europesays.com\/no\/wp-json\/wp\/v2\/posts"}],"about":[{"href":"https:\/\/www.europesays.com\/no\/wp-json\/wp\/v2\/types\/post"}],"author":[{"embeddable":true,"href":"https:\/\/www.europesays.com\/no\/wp-json\/wp\/v2\/users\/2"}],"replies":[{"embeddable":true,"href":"https:\/\/www.europesays.com\/no\/wp-json\/wp\/v2\/comments?post=132195"}],"version-history":[{"count":0,"href":"https:\/\/www.europesays.com\/no\/wp-json\/wp\/v2\/posts\/132195\/revisions"}],"wp:featuredmedia":[{"embeddable":true,"href":"https:\/\/www.europesays.com\/no\/wp-json\/wp\/v2\/media\/132196"}],"wp:attachment":[{"href":"https:\/\/www.europesays.com\/no\/wp-json\/wp\/v2\/media?parent=132195"}],"wp:term":[{"taxonomy":"category","embeddable":true,"href":"https:\/\/www.europesays.com\/no\/wp-json\/wp\/v2\/categories?post=132195"},{"taxonomy":"post_tag","embeddable":true,"href":"https:\/\/www.europesays.com\/no\/wp-json\/wp\/v2\/tags?post=132195"}],"curies":[{"name":"wp","href":"https:\/\/api.w.org\/{rel}","templated":true}]}}