{"id":132199,"date":"2026-01-08T16:08:09","date_gmt":"2026-01-08T16:08:09","guid":{"rendered":"https:\/\/www.europesays.com\/no\/132199\/"},"modified":"2026-01-08T16:08:09","modified_gmt":"2026-01-08T16:08:09","slug":"svalbard-longyearbyen-her-er-det-varmest-i-landet","status":"publish","type":"post","link":"https:\/\/www.europesays.com\/no\/132199\/","title":{"rendered":"Svalbard, Longyearbyen | Her er det varmest i landet"},"content":{"rendered":"\n<p>Mens store deler av landet starter dagen med kuldegrader og klager over frostbitte t\u00e6r, melder <a href=\"https:\/\/www.yr.no\/nb\/meteorologene\/5705e699-39a2-4e12-8d07-4287f7bd50e2\" rel=\"Follow nofollow noopener\" target=\"_blank\">Meteorologisk Institutt<\/a> at Svalbard har klart \u00e5 lure seg unna vinterkulda.<\/p>\n<p>Torsdag er det nemlig plussgrader kun der oppe, som om Arktis selv tenkte at det fortjener en liten pause fra kulda.<\/p>\n<p>\u00c5rsaken til dette noks\u00e5 spesielle fenomenet er et lavtrykk mellom Spitsbergen og Nordpolen som sender mild vestlig vind inn over \u00f8ygruppen, samtidig som h\u00f8ytrykk ved Bj\u00f8rn\u00f8ya blokkerer samtidig kaldlufta som en overivrig vakt.<\/p>\n<p>P\u00e5 den m\u00e5ten f\u00e5r vinteren holde seg p\u00e5 fastlandet.<\/p>\n<p>Meteorologene lover at dette ikke varer spesielt lenge.<\/p>\n<p>   <img decoding=\"async\" width=\"1487\" height=\"1225\" fetchpriority=\"low\"  loading=\"lazy\"  src=\"https:\/\/www.europesays.com\/no\/wp-content\/uploads\/2026\/01\/Skjermbilde+2026-01-08+133218.png\" alt=\"\" class=\"brick-c-cFOWSL\" style=\"--brick-image-ratio: 1487 \/ 1225;\"\/><\/p>\n<p>      FINNE FREM SHORTSEN? Kanskje ikke helt enn\u00e5.<br \/>\n      Foto: YR.no\n    <\/p>\n","protected":false},"excerpt":{"rendered":"Mens store deler av landet starter dagen med kuldegrader og klager over frostbitte t\u00e6r, melder Meteorologisk Institutt at&hellip;\n","protected":false},"author":2,"featured_media":132200,"comment_status":"","ping_status":"","sticky":false,"template":"","format":"standard","meta":{"footnotes":""},"categories":[12],"tags":[36,20,21,24,25,15,22,23,1645,13,30,28,29,14,16,1510,1644,26,27,553,42,43,44,45,12745],"class_list":{"0":"post-132199","1":"post","2":"type-post","3":"status-publish","4":"format-standard","5":"has-post-thumbnail","7":"category-verden","8":"tag-art","9":"tag-breaking-news","10":"tag-breakingnews","11":"tag-featured-news","12":"tag-featurednews","13":"tag-headlines","14":"tag-latest-news","15":"tag-latestnews","16":"tag-longyearbyen","17":"tag-news","18":"tag-no","19":"tag-norge","20":"tag-norway","21":"tag-nyheter","22":"tag-overskrifter","23":"tag-story","24":"tag-svalbard","25":"tag-top-stories","26":"tag-topstories","27":"tag-vaer","28":"tag-verden","29":"tag-world","30":"tag-world-news","31":"tag-worldnews","32":"tag-yr-no"},"share_on_mastodon":{"url":"https:\/\/pubeurope.com\/@no\/115860347665061907","error":""},"_links":{"self":[{"href":"https:\/\/www.europesays.com\/no\/wp-json\/wp\/v2\/posts\/132199","targetHints":{"allow":["GET"]}}],"collection":[{"href":"https:\/\/www.europesays.com\/no\/wp-json\/wp\/v2\/posts"}],"about":[{"href":"https:\/\/www.europesays.com\/no\/wp-json\/wp\/v2\/types\/post"}],"author":[{"embeddable":true,"href":"https:\/\/www.europesays.com\/no\/wp-json\/wp\/v2\/users\/2"}],"replies":[{"embeddable":true,"href":"https:\/\/www.europesays.com\/no\/wp-json\/wp\/v2\/comments?post=132199"}],"version-history":[{"count":0,"href":"https:\/\/www.europesays.com\/no\/wp-json\/wp\/v2\/posts\/132199\/revisions"}],"wp:featuredmedia":[{"embeddable":true,"href":"https:\/\/www.europesays.com\/no\/wp-json\/wp\/v2\/media\/132200"}],"wp:attachment":[{"href":"https:\/\/www.europesays.com\/no\/wp-json\/wp\/v2\/media?parent=132199"}],"wp:term":[{"taxonomy":"category","embeddable":true,"href":"https:\/\/www.europesays.com\/no\/wp-json\/wp\/v2\/categories?post=132199"},{"taxonomy":"post_tag","embeddable":true,"href":"https:\/\/www.europesays.com\/no\/wp-json\/wp\/v2\/tags?post=132199"}],"curies":[{"name":"wp","href":"https:\/\/api.w.org\/{rel}","templated":true}]}}