{"id":132203,"date":"2026-01-08T16:12:09","date_gmt":"2026-01-08T16:12:09","guid":{"rendered":"https:\/\/www.europesays.com\/no\/132203\/"},"modified":"2026-01-08T16:12:09","modified_gmt":"2026-01-08T16:12:09","slug":"maria-montazami-svenske-hollywoodfruer-maria-montazami-har-blitt-bestemor","status":"publish","type":"post","link":"https:\/\/www.europesays.com\/no\/132203\/","title":{"rendered":"Maria Montazami, Svenske Hollywoodfruer | Maria Montazami har blitt bestemor"},"content":{"rendered":"\n<p>Sara Montazami (35) og ektemannen Diego Valdivia (25) har blitt foreldre.<\/p>\n<p>Det melder Montazami p\u00e5 <a rel=\"Follow nofollow noopener\" href=\"https:\/\/www.instagram.com\/p\/DTN1X9zDtV8\/?igsh=MTVpOGhhd2YyY2h2aA%3D%3D\" target=\"_blank\">Instagram<\/a> torsdag.<\/p>\n<p>Sara Montazami er datteren til TV-personligheten Maria Montazami, som er kjent fra blant annet \u00abSvenske Hollywoodfruer\u00bb.<\/p>\n<p><b>Les ogs\u00e5: <\/b><a class=\"simple-relation related-teaser article--c-eRUmMG article--c-eRUmMG-fZoQSp-design-nettavisen article--c-eRUmMG-gwthdJ-cv\" href=\"https:\/\/www.nettavisen.no\/matte-skjule-farmen-kjendis-deltakelsen\/s\/5-95-2810545\" rel=\"nofollow noopener\" target=\"_blank\">L\u00f8y p\u00e5 jobb: Dro p\u00e5 innspilling i skjul<\/a><\/p>\n<p>Avsl\u00f8rer navnet<\/p>\n<p>Sara Montazami avsl\u00f8rer ogs\u00e5 navnet p\u00e5 barnet: Rio Wilder Valdivia.<\/p>\n<p>\u00abVelkommen til verden min lille kj\u00e6re\u00bb, skriver hun videre i innlegget. <\/p>\n<p>    Vil du se neste video?<\/p>\n<p>    <a href=\"https:\/\/www.nettavisen.no\/nyheter\/ukrainsk-jagerfly-odelegger-for-vladimir-putin-i-pokrovsk\/v\/5-95-2807927\" class=\"recommend-poster\" data-adp-clicklabel=\"video-recommend\" data-adp-clickvalue=\"poster\" rel=\"nofollow noopener\" target=\"_blank\"><br \/>\n      <img decoding=\"async\" width=\"200\" height=\"200\" loading=\"lazy\" src=\"https:\/\/www.europesays.com\/no\/wp-content\/uploads\/2026\/01\/JAGERFLY+BREDDE.jpg\" alt=\"\" class=\"brick-c-cFOWSL\" style=\"--brick-image-ratio: 200 \/ 200;\"\/><\/p>\n<p>Nye bilder: Rammer Putin hardt0:41<\/p>\n<p>    <\/a><\/p>\n<p>        Er Per Sandberg \u00abDen rette for Gunilla\u00bb? Se hele daten med de to i \u00abDen rette for Gunilla\u00bb tirsdag 11. november p\u00e5 Viaplay.<\/p>\n<p><script async src=\"\/\/www.instagram.com\/embed.js\"><\/script><\/p>\n","protected":false},"excerpt":{"rendered":"Sara Montazami (35) og ektemannen Diego Valdivia (25) har blitt foreldre. Det melder Montazami p\u00e5 Instagram torsdag. Sara&hellip;\n","protected":false},"author":2,"featured_media":132204,"comment_status":"","ping_status":"","sticky":false,"template":"","format":"standard","meta":{"footnotes":""},"categories":[58],"tags":[71,30,28,29,72],"class_list":{"0":"post-132203","1":"post","2":"type-post","3":"status-publish","4":"format-standard","5":"has-post-thumbnail","7":"category-underholdning","8":"tag-entertainment","9":"tag-no","10":"tag-norge","11":"tag-norway","12":"tag-underholdning"},"share_on_mastodon":{"url":"https:\/\/pubeurope.com\/@no\/115860363201223428","error":""},"_links":{"self":[{"href":"https:\/\/www.europesays.com\/no\/wp-json\/wp\/v2\/posts\/132203","targetHints":{"allow":["GET"]}}],"collection":[{"href":"https:\/\/www.europesays.com\/no\/wp-json\/wp\/v2\/posts"}],"about":[{"href":"https:\/\/www.europesays.com\/no\/wp-json\/wp\/v2\/types\/post"}],"author":[{"embeddable":true,"href":"https:\/\/www.europesays.com\/no\/wp-json\/wp\/v2\/users\/2"}],"replies":[{"embeddable":true,"href":"https:\/\/www.europesays.com\/no\/wp-json\/wp\/v2\/comments?post=132203"}],"version-history":[{"count":0,"href":"https:\/\/www.europesays.com\/no\/wp-json\/wp\/v2\/posts\/132203\/revisions"}],"wp:featuredmedia":[{"embeddable":true,"href":"https:\/\/www.europesays.com\/no\/wp-json\/wp\/v2\/media\/132204"}],"wp:attachment":[{"href":"https:\/\/www.europesays.com\/no\/wp-json\/wp\/v2\/media?parent=132203"}],"wp:term":[{"taxonomy":"category","embeddable":true,"href":"https:\/\/www.europesays.com\/no\/wp-json\/wp\/v2\/categories?post=132203"},{"taxonomy":"post_tag","embeddable":true,"href":"https:\/\/www.europesays.com\/no\/wp-json\/wp\/v2\/tags?post=132203"}],"curies":[{"name":"wp","href":"https:\/\/api.w.org\/{rel}","templated":true}]}}